{"id":21159,"date":"2021-01-06T07:30:34","date_gmt":"2021-01-06T12:30:34","guid":{"rendered":"https:\/\/ktfnews.com\/?p=21159"},"modified":"2021-01-05T22:44:34","modified_gmt":"2021-01-06T03:44:34","slug":"covid-19-pandemic-will-not-last-chief","status":"publish","type":"post","link":"https:\/\/ktfnews.com\/es\/covid-19-pandemic-will-not-last-chief\/","title":{"rendered":"La Pandemia del Covid-19 No Ser\u00e1 la \u00daltima: Jefe de la OMS"},"content":{"rendered":"<p><i>Mint<\/i>: La crisis del coronavirus no ser\u00e1 la \u00faltima pandemia, y los intentos de mejorar la salud humana est\u00e1n \u00abcondenados\u00bb si no se abordan el cambio clim\u00e1tico y el bienestar de los animales, dijo el jefe de la Organizaci\u00f3n Mundial de la Salud.<\/p>\n<p>Tedros Adhanom Ghebreyesus tambi\u00e9n conden\u00f3 el ciclo \u00abpeligrosamente miope\u00bb de arrojar dinero en los brotes y no hacer nada para prepararse para el pr\u00f3ximo, en un mensaje de video que marca el primer domingo del D\u00eda Internacional de Preparaci\u00f3n para las Epidemias.<\/p>\n<p>El director general de la OMS dijo que era hora de aprender las lecciones de la pandemia Covid-19.<\/p>\n<p>\u00abDurante demasiado tiempo, el mundo ha operado en un ciclo de p\u00e1nico y abandono\u00bb, dijo.<\/p>\n<p>\u00abTiramos dinero en un brote, y cuando se acaba, nos olvidamos de \u00e9l y no hacemos nada para prevenir el siguiente. Esto es peligrosamente miope, y francamente dif\u00edcil de entender.\u00bb<\/p>\n<p>El primer informe anual de la Junta de Monitoreo de la Preparaci\u00f3n Mundial, de septiembre de 2019, sobre la preparaci\u00f3n mundial para emergencias sanitarias, publicado unos meses antes de que estallara el novedoso coronavirus, dijo que el planeta lamentablemente no estaba preparado para pandemias potencialmente devastadoras.<\/p>\n<p>\u00abLa historia nos dice que esta no ser\u00e1 la \u00faltima pandemia, y las epidemias son un hecho de la vida\u00bb, dijo Tedros.<\/p>\n<p>\u00abLa pandemia ha puesto de relieve los \u00edntimos v\u00ednculos entre la salud de los humanos, los animales y el planeta\u00bb, a\u00f1adi\u00f3.<\/p>\n<p>\u00abCualquier esfuerzo por mejorar la salud humana est\u00e1 condenado a menos que aborde la cr\u00edtica interfaz entre los seres humanos y los animales, y la amenaza existencial del cambio clim\u00e1tico que est\u00e1 haciendo nuestra tierra menos habitable\u00bb, dijo.<\/p>\n<p>&#8211; El mundo &#8216;al rev\u00e9s&#8217; &#8211;<\/p>\n<p>El nuevo coronavirus ha matado al menos a 1,75 millones de personas y se han registrado casi 80 millones de casos desde que el brote surgi\u00f3 en China en diciembre pasado, seg\u00fan un recuento de fuentes oficiales recopilado por AFP.<\/p>\n<p>\u00abEn los \u00faltimos 12 meses, nuestro mundo se ha puesto patas arriba. Los impactos de la pandemia van mucho m\u00e1s all\u00e1 de la enfermedad en s\u00ed, con consecuencias de gran alcance para las sociedades y las econom\u00edas\u00bb, dijo Tedros.<\/p>\n<p>Sin embargo, el ex ministro de salud et\u00edope dijo que la crisis del coronavirus no deber\u00eda haber sido una sorpresa, dadas las repetidas advertencias.<\/p>\n<p>\u00abTodos debemos aprender las lecciones que la pandemia nos est\u00e1 ense\u00f1ando\u00bb, dijo.<\/p>\n<p>Tedros dijo que todos los pa\u00edses deber\u00edan invertir en capacidades de preparaci\u00f3n para prevenir, detectar y mitigar emergencias de todo tipo, y pidi\u00f3 que se reforzara la prestaci\u00f3n de atenci\u00f3n primaria de la salud.<\/p>\n<p>El jefe de la agencia de salud de la ONU dijo que con inversiones en salud p\u00fablica, \u00abpodemos asegurarnos de que nuestros hijos y nietos hereden un mundo m\u00e1s seguro, m\u00e1s resistente y m\u00e1s sostenible\u00bb.<\/p>\n<p>El D\u00eda Internacional de Preparaci\u00f3n para las Epidemias fue convocado por la Asamblea General de las Naciones Unidas para promover la importancia de la prevenci\u00f3n, la preparaci\u00f3n y la colaboraci\u00f3n en la lucha contra las epidemias.<\/p>\n<p>Conexi\u00f3n Prof\u00e9tica:<\/p>\n<p>\u201cy habr\u00e1\u2026pestilencias\u2026\u201d Mateo 24:7.<\/p>\n<hr>\n<h3>Source References<\/h3>\n<ul>\n<li>\n<h5><a href=\"https:\/\/www.livemint.com\/science\/health\/covid-19-pandemic-will-not-be-the-last-who-chief-11609027399175.html\" target=\"_blank\">Covid-19 pandemic will not be the last: WHO chief<\/a><\/h5>\n<\/li>\n<\/ul>\n<p><\/p>\n<!-- AddThis Advanced Settings generic via filter on the_content -->","protected":false},"excerpt":{"rendered":"<p>Mint: La crisis del coronavirus no ser\u00e1 la \u00faltima pandemia, y los intentos de mejorar la salud humana est\u00e1n \u00abcondenados\u00bb si no se abordan el cambio clim\u00e1tico y el bienestar de los animales, dijo el jefe de la Organizaci\u00f3n Mundial&#8230;<!-- AddThis Advanced Settings generic via filter on wp_trim_excerpt --><\/p>\n","protected":false},"author":6,"featured_media":21161,"comment_status":"open","ping_status":"open","sticky":false,"template":"","format":"standard","meta":{"episode_type":"","audio_file":"","duration":"","filesize":"","date_recorded":"","explicit":"","block":"","filesize_raw":"","_FSMCFIC_featured_image_caption":"Image: MONUSCO Photos from Wikimedia Commons","_FSMCFIC_featured_image_nocaption":null,"_FSMCFIC_featured_image_hide":null,"_links_to":"","_links_to_target":""},"categories":[722,32],"tags":[2670,2678,42,2671,2144],"featured_image_urls":{"thumbnail":"https:\/\/ktfnews.com\/wp-content\/uploads\/2021\/01\/Tedros-Adhanom-Ghebreyesus-150x150.jpg","medium":"https:\/\/ktfnews.com\/wp-content\/uploads\/2021\/01\/Tedros-Adhanom-Ghebreyesus-300x200.jpg","medium_large":"https:\/\/ktfnews.com\/wp-content\/uploads\/2021\/01\/Tedros-Adhanom-Ghebreyesus-768x512.jpg","large":"https:\/\/ktfnews.com\/wp-content\/uploads\/2021\/01\/Tedros-Adhanom-Ghebreyesus-1024x682.jpg","team-small":"https:\/\/ktfnews.com\/wp-content\/uploads\/2021\/01\/Tedros-Adhanom-Ghebreyesus-138x162.jpg","team-overview":"https:\/\/ktfnews.com\/wp-content\/uploads\/2021\/01\/Tedros-Adhanom-Ghebreyesus-200x279.jpg","team-big":"https:\/\/ktfnews.com\/wp-content\/uploads\/2021\/01\/Tedros-Adhanom-Ghebreyesus-540x270.jpg","two-columns":"https:\/\/ktfnews.com\/wp-content\/uploads\/2021\/01\/Tedros-Adhanom-Ghebreyesus-379x242.jpg","one-column":"https:\/\/ktfnews.com\/wp-content\/uploads\/2021\/01\/Tedros-Adhanom-Ghebreyesus-379x242.jpg","mini-square":"https:\/\/ktfnews.com\/wp-content\/uploads\/2021\/01\/Tedros-Adhanom-Ghebreyesus-70x70.jpg","portfolio-widget-mainpage":"https:\/\/ktfnews.com\/wp-content\/uploads\/2021\/01\/Tedros-Adhanom-Ghebreyesus-335x195.jpg","portfolio-single-ajax":"https:\/\/ktfnews.com\/wp-content\/uploads\/2021\/01\/Tedros-Adhanom-Ghebreyesus-670x280.jpg","portfolio-single-big":"https:\/\/ktfnews.com\/wp-content\/uploads\/2021\/01\/Tedros-Adhanom-Ghebreyesus-685x480.jpg","portfolio-single-small":"https:\/\/ktfnews.com\/wp-content\/uploads\/2021\/01\/Tedros-Adhanom-Ghebreyesus-685x280.jpg","portfolio-single-full-big":"https:\/\/ktfnews.com\/wp-content\/uploads\/2021\/01\/Tedros-Adhanom-Ghebreyesus-960x590.jpg","portfolio-single-full-small":"https:\/\/ktfnews.com\/wp-content\/uploads\/2021\/01\/Tedros-Adhanom-Ghebreyesus-960x250.jpg","gallery-post":"https:\/\/ktfnews.com\/wp-content\/uploads\/2021\/01\/Tedros-Adhanom-Ghebreyesus-182x126.jpg","gallery-post-smaller":"https:\/\/ktfnews.com\/wp-content\/uploads\/2021\/01\/Tedros-Adhanom-Ghebreyesus-158x100.jpg","gallery-standard":"https:\/\/ktfnews.com\/wp-content\/uploads\/2021\/01\/Tedros-Adhanom-Ghebreyesus-257x169.jpg","tooltip-preview":"https:\/\/ktfnews.com\/wp-content\/uploads\/2021\/01\/Tedros-Adhanom-Ghebreyesus-227x133.jpg","widget-content-slider":"https:\/\/ktfnews.com\/wp-content\/uploads\/2021\/01\/Tedros-Adhanom-Ghebreyesus-230x137.jpg","post-top-articles":"https:\/\/ktfnews.com\/wp-content\/uploads\/2021\/01\/Tedros-Adhanom-Ghebreyesus-130x100.jpg","post-single-wide":"https:\/\/ktfnews.com\/wp-content\/uploads\/2021\/01\/Tedros-Adhanom-Ghebreyesus-595x360.jpg","post-single-wide-nocrop":"https:\/\/ktfnews.com\/wp-content\/uploads\/2021\/01\/Tedros-Adhanom-Ghebreyesus-595x397.jpg","post-single-wide-mobile":"https:\/\/ktfnews.com\/wp-content\/uploads\/2021\/01\/Tedros-Adhanom-Ghebreyesus-320x190.jpg","post-single-wide-small":"https:\/\/ktfnews.com\/wp-content\/uploads\/2021\/01\/Tedros-Adhanom-Ghebreyesus-595x190.jpg","post-single-square":"https:\/\/ktfnews.com\/wp-content\/uploads\/2021\/01\/Tedros-Adhanom-Ghebreyesus-120x120.jpg","post-single-full-small":"https:\/\/ktfnews.com\/wp-content\/uploads\/2021\/01\/Tedros-Adhanom-Ghebreyesus-950x360.jpg","post-single-full-big":"https:\/\/ktfnews.com\/wp-content\/uploads\/2021\/01\/Tedros-Adhanom-Ghebreyesus-950x590.jpg","photo-blog":"https:\/\/ktfnews.com\/wp-content\/uploads\/2021\/01\/Tedros-Adhanom-Ghebreyesus-768x512.jpg"},"appp_media":null,"yoast_head":"<!-- This site is optimized with the Yoast SEO plugin v17.3 - https:\/\/yoast.com\/wordpress\/plugins\/seo\/ -->\n<meta name=\"robots\" content=\"index, follow, max-snippet:-1, max-image-preview:large, max-video-preview:-1\" \/>\n<link rel=\"canonical\" href=\"https:\/\/ktfnews.com\/covid-19-pandemic-will-not-last-chief\/\" \/>\n<meta property=\"og:locale\" content=\"es_ES\" \/>\n<meta property=\"og:type\" content=\"article\" \/>\n<meta property=\"og:title\" content=\"[:en]Covid-19 pandemic will not be the last: WHO chief[:es]La Pandemia del Covid-19 No Ser\u00e1 la \u00daltima: Jefe de la OMS[:] - KEEP the FAITH\" \/>\n<meta property=\"og:description\" content=\"Mint: La crisis del coronavirus no ser\u00e1 la \u00faltima pandemia, y los intentos de mejorar la salud humana est\u00e1n \u00abcondenados\u00bb si no se abordan el cambio clim\u00e1tico y el bienestar de los animales, dijo el jefe de la Organizaci\u00f3n Mundial...\" \/>\n<meta property=\"og:url\" content=\"https:\/\/ktfnews.com\/covid-19-pandemic-will-not-last-chief\/\" \/>\n<meta property=\"og:site_name\" content=\"KEEP the FAITH\" \/>\n<meta property=\"article:publisher\" content=\"https:\/\/www.facebook.com\/ktfministry\" \/>\n<meta property=\"article:published_time\" content=\"2021-01-06T12:30:34+00:00\" \/>\n<meta property=\"article:modified_time\" content=\"2021-01-06T03:44:34+00:00\" \/>\n<meta property=\"og:image\" content=\"https:\/\/ktfnews.com\/wp-content\/uploads\/2021\/01\/Tedros-Adhanom-Ghebreyesus.jpg\" \/>\n\t<meta property=\"og:image:width\" content=\"1280\" \/>\n\t<meta property=\"og:image:height\" content=\"853\" \/>\n<meta name=\"twitter:card\" content=\"summary_large_image\" \/>\n<meta name=\"twitter:creator\" content=\"@ktfministry\" \/>\n<meta name=\"twitter:site\" content=\"@ktfministry\" \/>\n<meta name=\"twitter:label1\" content=\"Escrito por\" \/>\n\t<meta name=\"twitter:data1\" content=\"Pastor Hal Mayer\" \/>\n\t<meta name=\"twitter:label2\" content=\"Tiempo de lectura\" \/>\n\t<meta name=\"twitter:data2\" content=\"5 minutos\" \/>\n<script type=\"application\/ld+json\" class=\"yoast-schema-graph\">{\"@context\":\"https:\/\/schema.org\",\"@graph\":[{\"@type\":\"WebSite\",\"@id\":\"https:\/\/ktfnews.com\/#website\",\"url\":\"https:\/\/ktfnews.com\/\",\"name\":\"KEEP the FAITH\",\"description\":\"Preparing you for the final conflict between good and evil.\",\"potentialAction\":[{\"@type\":\"SearchAction\",\"target\":{\"@type\":\"EntryPoint\",\"urlTemplate\":\"https:\/\/ktfnews.com\/?s={search_term_string}\"},\"query-input\":\"required name=search_term_string\"}],\"inLanguage\":\"es\"},{\"@type\":\"ImageObject\",\"@id\":\"https:\/\/ktfnews.com\/covid-19-pandemic-will-not-last-chief\/#primaryimage\",\"inLanguage\":\"es\",\"url\":\"https:\/\/ktfnews.com\/wp-content\/uploads\/2021\/01\/Tedros-Adhanom-Ghebreyesus.jpg\",\"contentUrl\":\"https:\/\/ktfnews.com\/wp-content\/uploads\/2021\/01\/Tedros-Adhanom-Ghebreyesus.jpg\",\"width\":1280,\"height\":853},{\"@type\":\"WebPage\",\"@id\":\"https:\/\/ktfnews.com\/covid-19-pandemic-will-not-last-chief\/#webpage\",\"url\":\"https:\/\/ktfnews.com\/covid-19-pandemic-will-not-last-chief\/\",\"name\":\"[:en]Covid-19 pandemic will not be the last: WHO chief[:es]La Pandemia del Covid-19 No Ser\\u00e1 la \\u00daltima: Jefe de la OMS[:] - KEEP the FAITH\",\"isPartOf\":{\"@id\":\"https:\/\/ktfnews.com\/#website\"},\"primaryImageOfPage\":{\"@id\":\"https:\/\/ktfnews.com\/covid-19-pandemic-will-not-last-chief\/#primaryimage\"},\"datePublished\":\"2021-01-06T12:30:34+00:00\",\"dateModified\":\"2021-01-06T03:44:34+00:00\",\"author\":{\"@id\":\"https:\/\/ktfnews.com\/#\/schema\/person\/ba4174513d9169cf8e229b7d8d60410d\"},\"breadcrumb\":{\"@id\":\"https:\/\/ktfnews.com\/covid-19-pandemic-will-not-last-chief\/#breadcrumb\"},\"inLanguage\":\"es\",\"potentialAction\":[{\"@type\":\"ReadAction\",\"target\":[\"https:\/\/ktfnews.com\/covid-19-pandemic-will-not-last-chief\/\"]}]},{\"@type\":\"BreadcrumbList\",\"@id\":\"https:\/\/ktfnews.com\/covid-19-pandemic-will-not-last-chief\/#breadcrumb\",\"itemListElement\":[{\"@type\":\"ListItem\",\"position\":1,\"name\":\"Home\",\"item\":\"https:\/\/ktfnews.com\/\"},{\"@type\":\"ListItem\",\"position\":2,\"name\":\"Briefings\",\"item\":\"https:\/\/ktfnews.com\/category\/briefings\/\"},{\"@type\":\"ListItem\",\"position\":3,\"name\":\"Covid-19 pandemic will not be the last: WHO chief\"}]},{\"@type\":\"Person\",\"@id\":\"https:\/\/ktfnews.com\/#\/schema\/person\/ba4174513d9169cf8e229b7d8d60410d\",\"name\":\"Pastor Hal Mayer\",\"image\":{\"@type\":\"ImageObject\",\"@id\":\"https:\/\/ktfnews.com\/#personlogo\",\"inLanguage\":\"es\",\"url\":\"https:\/\/secure.gravatar.com\/avatar\/051bac95ae650254c5a03467b9456599?s=96&d=mm&r=g\",\"contentUrl\":\"https:\/\/secure.gravatar.com\/avatar\/051bac95ae650254c5a03467b9456599?s=96&d=mm&r=g\",\"caption\":\"Pastor Hal Mayer\"},\"description\":\"Pastor Hal Mayer is speaker and director of Keep the Faith Ministry. For the last 20 years Pastor Mayer\\u2019s monthly prophetic analysis on CD and online has revealed the striking evidence of fulfilling prophecy to many thousands of subscribers all over the world. Pastor Mayer\\u2019s background in history and Bible prophecy give him unique insights and perspectives that have blessed many and helped them make a deeper commitment to the Lord. Keep the Faith Ministry helps those who want to keep abreast of fulfilling prophecy and who want to understand and navigate the unique and difficult circumstances of the end-times. Keep the Faith Ministry helps to prepare you for the second coming of Christ. Pastor Mayer is married to Betsy for more than 40 years. They have no children of their own. \\u201cThe times in which we live are thrilling, because the things prophesied in God\\u2019s word are actually coming to pass in this generation,\\u201d says Pastor Mayer. \\u201cIn a time when the distinctive end-time truths of God\\u2019s word are being censored, and life in this world is becoming more and more chaotic, Keep the Faith is a voice of strength and encouragement.\\u201d\",\"url\":\"https:\/\/ktfnews.com\/es\/author\/hal\/\"}]}<\/script>\n<!-- \/ Yoast SEO plugin. -->","yoast_head_json":{"robots":{"index":"index","follow":"follow","max-snippet":"max-snippet:-1","max-image-preview":"max-image-preview:large","max-video-preview":"max-video-preview:-1"},"canonical":"https:\/\/ktfnews.com\/covid-19-pandemic-will-not-last-chief\/","og_locale":"es_ES","og_type":"article","og_title":"[:en]Covid-19 pandemic will not be the last: WHO chief[:es]La Pandemia del Covid-19 No Ser\u00e1 la \u00daltima: Jefe de la OMS[:] - KEEP the FAITH","og_description":"Mint: La crisis del coronavirus no ser\u00e1 la \u00faltima pandemia, y los intentos de mejorar la salud humana est\u00e1n \u00abcondenados\u00bb si no se abordan el cambio clim\u00e1tico y el bienestar de los animales, dijo el jefe de la Organizaci\u00f3n Mundial...","og_url":"https:\/\/ktfnews.com\/covid-19-pandemic-will-not-last-chief\/","og_site_name":"KEEP the FAITH","article_publisher":"https:\/\/www.facebook.com\/ktfministry","article_published_time":"2021-01-06T12:30:34+00:00","article_modified_time":"2021-01-06T03:44:34+00:00","og_image":[{"width":1280,"height":853,"url":"https:\/\/ktfnews.com\/wp-content\/uploads\/2021\/01\/Tedros-Adhanom-Ghebreyesus.jpg","type":"image\/jpeg"}],"twitter_card":"summary_large_image","twitter_creator":"@ktfministry","twitter_site":"@ktfministry","twitter_misc":{"Escrito por":"Pastor Hal Mayer","Tiempo de lectura":"5 minutos"},"schema":{"@context":"https:\/\/schema.org","@graph":[{"@type":"WebSite","@id":"https:\/\/ktfnews.com\/#website","url":"https:\/\/ktfnews.com\/","name":"KEEP the FAITH","description":"Preparing you for the final conflict between good and evil.","potentialAction":[{"@type":"SearchAction","target":{"@type":"EntryPoint","urlTemplate":"https:\/\/ktfnews.com\/?s={search_term_string}"},"query-input":"required name=search_term_string"}],"inLanguage":"es"},{"@type":"ImageObject","@id":"https:\/\/ktfnews.com\/covid-19-pandemic-will-not-last-chief\/#primaryimage","inLanguage":"es","url":"https:\/\/ktfnews.com\/wp-content\/uploads\/2021\/01\/Tedros-Adhanom-Ghebreyesus.jpg","contentUrl":"https:\/\/ktfnews.com\/wp-content\/uploads\/2021\/01\/Tedros-Adhanom-Ghebreyesus.jpg","width":1280,"height":853},{"@type":"WebPage","@id":"https:\/\/ktfnews.com\/covid-19-pandemic-will-not-last-chief\/#webpage","url":"https:\/\/ktfnews.com\/covid-19-pandemic-will-not-last-chief\/","name":"[:en]Covid-19 pandemic will not be the last: WHO chief[:es]La Pandemia del Covid-19 No Ser\u00e1 la \u00daltima: Jefe de la OMS[:] - KEEP the FAITH","isPartOf":{"@id":"https:\/\/ktfnews.com\/#website"},"primaryImageOfPage":{"@id":"https:\/\/ktfnews.com\/covid-19-pandemic-will-not-last-chief\/#primaryimage"},"datePublished":"2021-01-06T12:30:34+00:00","dateModified":"2021-01-06T03:44:34+00:00","author":{"@id":"https:\/\/ktfnews.com\/#\/schema\/person\/ba4174513d9169cf8e229b7d8d60410d"},"breadcrumb":{"@id":"https:\/\/ktfnews.com\/covid-19-pandemic-will-not-last-chief\/#breadcrumb"},"inLanguage":"es","potentialAction":[{"@type":"ReadAction","target":["https:\/\/ktfnews.com\/covid-19-pandemic-will-not-last-chief\/"]}]},{"@type":"BreadcrumbList","@id":"https:\/\/ktfnews.com\/covid-19-pandemic-will-not-last-chief\/#breadcrumb","itemListElement":[{"@type":"ListItem","position":1,"name":"Home","item":"https:\/\/ktfnews.com\/"},{"@type":"ListItem","position":2,"name":"Briefings","item":"https:\/\/ktfnews.com\/category\/briefings\/"},{"@type":"ListItem","position":3,"name":"Covid-19 pandemic will not be the last: WHO chief"}]},{"@type":"Person","@id":"https:\/\/ktfnews.com\/#\/schema\/person\/ba4174513d9169cf8e229b7d8d60410d","name":"Pastor Hal Mayer","image":{"@type":"ImageObject","@id":"https:\/\/ktfnews.com\/#personlogo","inLanguage":"es","url":"https:\/\/secure.gravatar.com\/avatar\/051bac95ae650254c5a03467b9456599?s=96&d=mm&r=g","contentUrl":"https:\/\/secure.gravatar.com\/avatar\/051bac95ae650254c5a03467b9456599?s=96&d=mm&r=g","caption":"Pastor Hal Mayer"},"description":"Pastor Hal Mayer is speaker and director of Keep the Faith Ministry. For the last 20 years Pastor Mayer\u2019s monthly prophetic analysis on CD and online has revealed the striking evidence of fulfilling prophecy to many thousands of subscribers all over the world. Pastor Mayer\u2019s background in history and Bible prophecy give him unique insights and perspectives that have blessed many and helped them make a deeper commitment to the Lord. Keep the Faith Ministry helps those who want to keep abreast of fulfilling prophecy and who want to understand and navigate the unique and difficult circumstances of the end-times. Keep the Faith Ministry helps to prepare you for the second coming of Christ. Pastor Mayer is married to Betsy for more than 40 years. They have no children of their own. \u201cThe times in which we live are thrilling, because the things prophesied in God\u2019s word are actually coming to pass in this generation,\u201d says Pastor Mayer. \u201cIn a time when the distinctive end-time truths of God\u2019s word are being censored, and life in this world is becoming more and more chaotic, Keep the Faith is a voice of strength and encouragement.\u201d","url":"https:\/\/ktfnews.com\/es\/author\/hal\/"}]}},"_links":{"self":[{"href":"https:\/\/ktfnews.com\/es\/wp-json\/wp\/v2\/posts\/21159"}],"collection":[{"href":"https:\/\/ktfnews.com\/es\/wp-json\/wp\/v2\/posts"}],"about":[{"href":"https:\/\/ktfnews.com\/es\/wp-json\/wp\/v2\/types\/post"}],"author":[{"embeddable":true,"href":"https:\/\/ktfnews.com\/es\/wp-json\/wp\/v2\/users\/6"}],"replies":[{"embeddable":true,"href":"https:\/\/ktfnews.com\/es\/wp-json\/wp\/v2\/comments?post=21159"}],"version-history":[{"count":2,"href":"https:\/\/ktfnews.com\/es\/wp-json\/wp\/v2\/posts\/21159\/revisions"}],"predecessor-version":[{"id":21162,"href":"https:\/\/ktfnews.com\/es\/wp-json\/wp\/v2\/posts\/21159\/revisions\/21162"}],"wp:featuredmedia":[{"embeddable":true,"href":"https:\/\/ktfnews.com\/es\/wp-json\/wp\/v2\/media\/21161"}],"wp:attachment":[{"href":"https:\/\/ktfnews.com\/es\/wp-json\/wp\/v2\/media?parent=21159"}],"wp:term":[{"taxonomy":"category","embeddable":true,"href":"https:\/\/ktfnews.com\/es\/wp-json\/wp\/v2\/categories?post=21159"},{"taxonomy":"post_tag","embeddable":true,"href":"https:\/\/ktfnews.com\/es\/wp-json\/wp\/v2\/tags?post=21159"}],"curies":[{"name":"wp","href":"https:\/\/api.w.org\/{rel}","templated":true}]}}