{"id":21080,"date":"2020-12-25T07:30:03","date_gmt":"2020-12-25T12:30:03","guid":{"rendered":"https:\/\/ktfnews.com\/?p=21080"},"modified":"2020-12-24T18:38:50","modified_gmt":"2020-12-24T23:38:50","slug":"pope-francis-wrong-property-rights-human-rights","status":"publish","type":"post","link":"https:\/\/ktfnews.com\/es\/pope-francis-wrong-property-rights-human-rights\/","title":{"rendered":"El Papa Francisco est\u00e1 Equivocado. Los Derechos de Propiedad son Derechos Humanos."},"content":{"rendered":"<p><i>Reason<\/i>, por Steven Greenhut: Un amigo m\u00edo, que hab\u00eda pasado muchos a\u00f1os estableciendo un exitoso negocio de imprenta en el Medio Oeste, abri\u00f3 su peri\u00f3dico local para encontrar una historia sobre un elegante proyecto de reurbanizaci\u00f3n que la ciudad hab\u00eda propuesto en su vecindario. Qu\u00e9 bien, pens\u00f3, hasta que se dio cuenta de que los funcionarios de planificaci\u00f3n iban a poner el proyecto encima del edificio existente de su compa\u00f1\u00eda.<\/p>\n<p>Era una de las muchas personas que hab\u00eda entrevistado para mi libro de 2004 sobre el abuso de dominio eminente: el derecho del gobierno a tomar una propiedad mediante el pago de una compensaci\u00f3n \u00abjusta\u00bb. La Constituci\u00f3n permite tales tomas para carreteras, juzgados y otros usos p\u00fablicos, pero los tribunales han ampliado esa definici\u00f3n para permitir que el gobierno se apropie de la propiedad privada si considera que el nuevo uso es m\u00e1s beneficioso que el antiguo.<\/p>\n<p>La decisi\u00f3n del Tribunal Supremo de los Estados Unidos en el caso Kelo en 2005 dio a los gobiernos el imprim\u00e1tur para hacerlo, aunque la disidencia de la jueza Sandra Day O&#8217;Connor todav\u00eda resuena: \u00abEs probable que los beneficiarios sean los ciudadanos con una influencia y un poder desproporcionados en el proceso pol\u00edtico, incluidas las grandes empresas y las empresas de desarrollo. En cuanto a las v\u00edctimas, el gobierno tiene ahora licencia para transferir la propiedad de los que tienen menos recursos a los que tienen m\u00e1s\u00bb.<\/p>\n<p>Pens\u00e9 en ese caso, as\u00ed como en muchas tristes entrevistas con propietarios victimizados en varias disputas de dominio eminente y otros derechos de propiedad, despu\u00e9s de leer la \u00faltima enc\u00edclica del Papa Francisco, llamada Fratelli Tutti, o \u00abTodos Hermanos\u00bb. Este Papa ha disminuido repetidamente la importancia de la propiedad privada y el libre mercado, pero normalmente deja suficiente margen de maniobra para que sus partidarios puedan describir lo que quiso decir en el \u00abcontexto apropiado\u00bb.<\/p>\n<p>No necesitamos tal contexto esta vez. \u00abEl derecho a la propiedad privada s\u00f3lo puede ser considerado un derecho natural secundario\u00bb, explic\u00f3 el Papa Francisco. \u00abSin embargo, a menudo sucede que los derechos secundarios desplazan a los derechos primarios y superiores, en la pr\u00e1ctica haci\u00e9ndolos irrelevantes.\u00bb A\u00f1adi\u00f3 que \u00abel derecho a la propiedad privada siempre va acompa\u00f1ado del principio primario y previo de la subordinaci\u00f3n de toda la propiedad privada al destino universal de los bienes de la Tierra\u00bb.<\/p>\n<p>Hay mucho que desacreditar en esta misiva de 43.000 palabras, desde su descripci\u00f3n del sistema de mercado como uno basado en la explotaci\u00f3n, hasta su llamado a instituciones internacionales m\u00e1s fuertes. Pero me centrar\u00e9 en la visi\u00f3n distorsionada del Papa sobre la propiedad y su incapacidad para comprender c\u00f3mo este supuesto derecho secundario sustenta esos valores primarios de la vida, la familia y la hermandad. Como los fundadores de esta naci\u00f3n reconocieron, la propiedad es la base de esas cosas m\u00e1s grandes.<\/p>\n<p>La toma del negocio de mi amigo por parte de la ciudad lo devast\u00f3, no por la contabilidad de algunos d\u00f3lares y centavos. En muchos (pero no todos) de estos casos, el gobierno finalmente reembolsa a los propietarios el valor de sus propiedades. Un negocio, sin embargo, no es simplemente el valor recaudado de sus ladrillos y mortero. Refleja el trabajo duro y las energ\u00edas creativas y la visi\u00f3n de sus propietarios.<\/p>\n<p>Desde su espl\u00e9ndido entorno en el Vaticano, el Papa describe la propiedad como algo secundario e incluso chabacano, pero incluso al hacerlo refuerza la primac\u00eda de la propiedad. \u00abCuidar del mundo en el que vivimos significa cuidar de nosotros mismos,\u00bb escribi\u00f3 Francisco. \u00abSin embargo, tenemos que pensar cada vez m\u00e1s en nosotros mismos como una familia \u00fanica que vive en un hogar com\u00fan.\u00bb Observen la referencia a la casa de una persona. Uno no necesita ser propietario de una casa para tener un hogar, pero la propiedad es el eje de nuestras otras libertades y la mejor garant\u00eda de que podemos proveer a nuestras familias y ayudar a los dem\u00e1s.<\/p>\n<p>Que el Papa Francisco erosionara tales derechos en nombre de la ayuda a los pobres es una imprudencia. Incluso el Papa admite que \u00abla corrupci\u00f3n y la ineficiencia\u00bb son el sello de los pol\u00edticos. Relegar la propiedad de bienes tangibles a valores intangibles (por ejemplo, el avance de la dignidad humana, la promoci\u00f3n de la igualdad) es, como se\u00f1al\u00f3 el juez O&#8217;Connor, beneficiar a los ricos y poderosos a expensas de los pobres.<\/p>\n<p>Encuentro el argumento del estadista brit\u00e1nico del siglo XVIII William Pitt mucho m\u00e1s convincente: \u00abEl hombre m\u00e1s pobre puede, en su casa, desafiar a todas las fuerzas de la Corona. Puede ser fr\u00e1gil, su techo puede temblar; el viento puede soplar a trav\u00e9s de ella; la tormenta puede entrar; la lluvia puede entrar; pero el Rey de Inglaterra no puede entrar; toda su fuerza no se atreve a cruzar el umbral de la vivienda en ruinas\u00bb. Para ayudar a los pobres, proteger su derecho a la propiedad, para que as\u00ed puedan desafiar incluso las fuerzas del rey.<\/p>\n<p>Como el Papa Francisco se\u00f1al\u00f3 correctamente, algunas personas usar\u00e1n sus recursos para explotar a otros. Pero \u00e9l olvida convenientemente que las injusticias han existido a lo largo de la historia. A medida que la econom\u00eda de mercado basada en los derechos de propiedad se ha expandido, la pobreza agotadora ha retrocedido en todo el mundo. La poblaci\u00f3n que vive en la extrema pobreza ha disminuido precipitadamente a la par que el crecimiento de los \u00abdogmas\u00bb econ\u00f3micos que el Papa condena. Tal vez haya una conexi\u00f3n.<\/p>\n<p>Lo siento, pero los derechos de propiedad no son secundarios. Como le gustaba decir a un abogado que defend\u00eda a los propietarios de las ganancias del gobierno, \u00abLos derechos de propiedad son derechos humanos\u00bb. No puedes tener uno sin el otro.<\/p>\n<p>Nuestro comentario:<br \/>\nEl Vaticano est\u00e1 construyendo una econom\u00eda medieval donde los derechos de propiedad para la gente com\u00fan, el eje de la libertad, son inexistentes.<\/p>\n<p>Conexi\u00f3n Prof\u00e9tica:<br \/>\n\u201cDespu\u00e9s vi otra bestia que sub\u00eda de la tierra; y ten\u00eda dos cuernos semejantes a los de un cordero, pero hablaba como drag\u00f3n. Y ejerce toda la autoridad de la primera bestia en presencia de ella, y hace que la tierra y los moradores de ella adoren a la primera bestia, cuya herida mortal fue sanada.\u201d Apocalipsis 13:11-12.<\/p>\n<hr>\n<h3>Source References<\/h3>\n<ul>\n<li>\n<h5><a href=\"https:\/\/reason.com\/2020\/10\/16\/the-pope-is-wrong-property-rights-are-human-rights\/\" target=\"_blank\">Pope Francis Is Wrong. Property Rights Are Human Rights.<\/a><\/h5>\n<\/li>\n<\/ul>\n<p><\/p>\n<!-- AddThis Advanced Settings generic via filter on the_content -->","protected":false},"excerpt":{"rendered":"<p>Reason, por Steven Greenhut: Un amigo m\u00edo, que hab\u00eda pasado muchos a\u00f1os estableciendo un exitoso negocio de imprenta en el Medio Oeste, abri\u00f3 su peri\u00f3dico local para encontrar una historia sobre un elegante proyecto de reurbanizaci\u00f3n que la ciudad hab\u00eda&#8230;<!-- AddThis Advanced Settings generic via filter on wp_trim_excerpt --><\/p>\n","protected":false},"author":6,"featured_media":21082,"comment_status":"open","ping_status":"open","sticky":false,"template":"","format":"standard","meta":{"episode_type":"","audio_file":"","duration":"","filesize":"","date_recorded":"","explicit":"","block":"","filesize_raw":"","_FSMCFIC_featured_image_caption":"Image: Reynaldo Amadeu Dal Lin Junior Juba from Pixabay.com","_FSMCFIC_featured_image_nocaption":null,"_FSMCFIC_featured_image_hide":null,"_links_to":"","_links_to_target":""},"categories":[722,32],"tags":[1541,377,111,420,2465],"featured_image_urls":{"thumbnail":"https:\/\/ktfnews.com\/wp-content\/uploads\/2020\/12\/pope-francis-707373_1280-150x150.jpg","medium":"https:\/\/ktfnews.com\/wp-content\/uploads\/2020\/12\/pope-francis-707373_1280-300x225.jpg","medium_large":"https:\/\/ktfnews.com\/wp-content\/uploads\/2020\/12\/pope-francis-707373_1280-768x576.jpg","large":"https:\/\/ktfnews.com\/wp-content\/uploads\/2020\/12\/pope-francis-707373_1280-1024x768.jpg","team-small":"https:\/\/ktfnews.com\/wp-content\/uploads\/2020\/12\/pope-francis-707373_1280-138x162.jpg","team-overview":"https:\/\/ktfnews.com\/wp-content\/uploads\/2020\/12\/pope-francis-707373_1280-200x279.jpg","team-big":"https:\/\/ktfnews.com\/wp-content\/uploads\/2020\/12\/pope-francis-707373_1280-540x270.jpg","two-columns":"https:\/\/ktfnews.com\/wp-content\/uploads\/2020\/12\/pope-francis-707373_1280-379x242.jpg","one-column":"https:\/\/ktfnews.com\/wp-content\/uploads\/2020\/12\/pope-francis-707373_1280-379x242.jpg","mini-square":"https:\/\/ktfnews.com\/wp-content\/uploads\/2020\/12\/pope-francis-707373_1280-70x70.jpg","portfolio-widget-mainpage":"https:\/\/ktfnews.com\/wp-content\/uploads\/2020\/12\/pope-francis-707373_1280-335x195.jpg","portfolio-single-ajax":"https:\/\/ktfnews.com\/wp-content\/uploads\/2020\/12\/pope-francis-707373_1280-670x280.jpg","portfolio-single-big":"https:\/\/ktfnews.com\/wp-content\/uploads\/2020\/12\/pope-francis-707373_1280-685x480.jpg","portfolio-single-small":"https:\/\/ktfnews.com\/wp-content\/uploads\/2020\/12\/pope-francis-707373_1280-685x280.jpg","portfolio-single-full-big":"https:\/\/ktfnews.com\/wp-content\/uploads\/2020\/12\/pope-francis-707373_1280-960x590.jpg","portfolio-single-full-small":"https:\/\/ktfnews.com\/wp-content\/uploads\/2020\/12\/pope-francis-707373_1280-960x250.jpg","gallery-post":"https:\/\/ktfnews.com\/wp-content\/uploads\/2020\/12\/pope-francis-707373_1280-182x126.jpg","gallery-post-smaller":"https:\/\/ktfnews.com\/wp-content\/uploads\/2020\/12\/pope-francis-707373_1280-158x100.jpg","gallery-standard":"https:\/\/ktfnews.com\/wp-content\/uploads\/2020\/12\/pope-francis-707373_1280-257x169.jpg","tooltip-preview":"https:\/\/ktfnews.com\/wp-content\/uploads\/2020\/12\/pope-francis-707373_1280-227x133.jpg","widget-content-slider":"https:\/\/ktfnews.com\/wp-content\/uploads\/2020\/12\/pope-francis-707373_1280-230x137.jpg","post-top-articles":"https:\/\/ktfnews.com\/wp-content\/uploads\/2020\/12\/pope-francis-707373_1280-130x100.jpg","post-single-wide":"https:\/\/ktfnews.com\/wp-content\/uploads\/2020\/12\/pope-francis-707373_1280-595x360.jpg","post-single-wide-nocrop":"https:\/\/ktfnews.com\/wp-content\/uploads\/2020\/12\/pope-francis-707373_1280-595x446.jpg","post-single-wide-mobile":"https:\/\/ktfnews.com\/wp-content\/uploads\/2020\/12\/pope-francis-707373_1280-320x190.jpg","post-single-wide-small":"https:\/\/ktfnews.com\/wp-content\/uploads\/2020\/12\/pope-francis-707373_1280-595x190.jpg","post-single-square":"https:\/\/ktfnews.com\/wp-content\/uploads\/2020\/12\/pope-francis-707373_1280-120x120.jpg","post-single-full-small":"https:\/\/ktfnews.com\/wp-content\/uploads\/2020\/12\/pope-francis-707373_1280-950x360.jpg","post-single-full-big":"https:\/\/ktfnews.com\/wp-content\/uploads\/2020\/12\/pope-francis-707373_1280-950x590.jpg","photo-blog":"https:\/\/ktfnews.com\/wp-content\/uploads\/2020\/12\/pope-francis-707373_1280-768x576.jpg"},"appp_media":null,"yoast_head":"<!-- This site is optimized with the Yoast SEO plugin v17.3 - https:\/\/yoast.com\/wordpress\/plugins\/seo\/ -->\n<meta name=\"robots\" content=\"index, follow, max-snippet:-1, max-image-preview:large, max-video-preview:-1\" \/>\n<link rel=\"canonical\" href=\"https:\/\/ktfnews.com\/pope-francis-wrong-property-rights-human-rights\/\" \/>\n<meta property=\"og:locale\" content=\"es_ES\" \/>\n<meta property=\"og:type\" content=\"article\" \/>\n<meta property=\"og:title\" content=\"[:en]Pope Francis Is Wrong. Property Rights Are Human Rights.[:es]El Papa Francisco est\u00e1 Equivocado. Los Derechos de Propiedad son Derechos Humanos.[:] - KEEP the FAITH\" \/>\n<meta property=\"og:description\" content=\"Reason, por Steven Greenhut: Un amigo m\u00edo, que hab\u00eda pasado muchos a\u00f1os estableciendo un exitoso negocio de imprenta en el Medio Oeste, abri\u00f3 su peri\u00f3dico local para encontrar una historia sobre un elegante proyecto de reurbanizaci\u00f3n que la ciudad hab\u00eda...\" \/>\n<meta property=\"og:url\" content=\"https:\/\/ktfnews.com\/pope-francis-wrong-property-rights-human-rights\/\" \/>\n<meta property=\"og:site_name\" content=\"KEEP the FAITH\" \/>\n<meta property=\"article:publisher\" content=\"https:\/\/www.facebook.com\/ktfministry\" \/>\n<meta property=\"article:published_time\" content=\"2020-12-25T12:30:03+00:00\" \/>\n<meta property=\"article:modified_time\" content=\"2020-12-24T23:38:50+00:00\" \/>\n<meta property=\"og:image\" content=\"https:\/\/ktfnews.com\/wp-content\/uploads\/2020\/12\/pope-francis-707373_1280.jpg\" \/>\n\t<meta property=\"og:image:width\" content=\"1280\" \/>\n\t<meta property=\"og:image:height\" content=\"960\" \/>\n<meta name=\"twitter:card\" content=\"summary_large_image\" \/>\n<meta name=\"twitter:creator\" content=\"@ktfministry\" \/>\n<meta name=\"twitter:site\" content=\"@ktfministry\" \/>\n<meta name=\"twitter:label1\" content=\"Escrito por\" \/>\n\t<meta name=\"twitter:data1\" content=\"Pastor Hal Mayer\" \/>\n\t<meta name=\"twitter:label2\" content=\"Tiempo de lectura\" \/>\n\t<meta name=\"twitter:data2\" content=\"10 minutos\" \/>\n<script type=\"application\/ld+json\" class=\"yoast-schema-graph\">{\"@context\":\"https:\/\/schema.org\",\"@graph\":[{\"@type\":\"WebSite\",\"@id\":\"https:\/\/ktfnews.com\/#website\",\"url\":\"https:\/\/ktfnews.com\/\",\"name\":\"KEEP the FAITH\",\"description\":\"Preparing you for the final conflict between good and evil.\",\"potentialAction\":[{\"@type\":\"SearchAction\",\"target\":{\"@type\":\"EntryPoint\",\"urlTemplate\":\"https:\/\/ktfnews.com\/?s={search_term_string}\"},\"query-input\":\"required name=search_term_string\"}],\"inLanguage\":\"es\"},{\"@type\":\"ImageObject\",\"@id\":\"https:\/\/ktfnews.com\/pope-francis-wrong-property-rights-human-rights\/#primaryimage\",\"inLanguage\":\"es\",\"url\":\"https:\/\/ktfnews.com\/wp-content\/uploads\/2020\/12\/pope-francis-707373_1280.jpg\",\"contentUrl\":\"https:\/\/ktfnews.com\/wp-content\/uploads\/2020\/12\/pope-francis-707373_1280.jpg\",\"width\":1280,\"height\":960},{\"@type\":\"WebPage\",\"@id\":\"https:\/\/ktfnews.com\/pope-francis-wrong-property-rights-human-rights\/#webpage\",\"url\":\"https:\/\/ktfnews.com\/pope-francis-wrong-property-rights-human-rights\/\",\"name\":\"[:en]Pope Francis Is Wrong. Property Rights Are Human Rights.[:es]El Papa Francisco est\\u00e1 Equivocado. Los Derechos de Propiedad son Derechos Humanos.[:] - KEEP the FAITH\",\"isPartOf\":{\"@id\":\"https:\/\/ktfnews.com\/#website\"},\"primaryImageOfPage\":{\"@id\":\"https:\/\/ktfnews.com\/pope-francis-wrong-property-rights-human-rights\/#primaryimage\"},\"datePublished\":\"2020-12-25T12:30:03+00:00\",\"dateModified\":\"2020-12-24T23:38:50+00:00\",\"author\":{\"@id\":\"https:\/\/ktfnews.com\/#\/schema\/person\/ba4174513d9169cf8e229b7d8d60410d\"},\"breadcrumb\":{\"@id\":\"https:\/\/ktfnews.com\/pope-francis-wrong-property-rights-human-rights\/#breadcrumb\"},\"inLanguage\":\"es\",\"potentialAction\":[{\"@type\":\"ReadAction\",\"target\":[\"https:\/\/ktfnews.com\/pope-francis-wrong-property-rights-human-rights\/\"]}]},{\"@type\":\"BreadcrumbList\",\"@id\":\"https:\/\/ktfnews.com\/pope-francis-wrong-property-rights-human-rights\/#breadcrumb\",\"itemListElement\":[{\"@type\":\"ListItem\",\"position\":1,\"name\":\"Home\",\"item\":\"https:\/\/ktfnews.com\/\"},{\"@type\":\"ListItem\",\"position\":2,\"name\":\"Briefings\",\"item\":\"https:\/\/ktfnews.com\/category\/briefings\/\"},{\"@type\":\"ListItem\",\"position\":3,\"name\":\"Pope Francis Is Wrong. Property Rights Are Human Rights.\"}]},{\"@type\":\"Person\",\"@id\":\"https:\/\/ktfnews.com\/#\/schema\/person\/ba4174513d9169cf8e229b7d8d60410d\",\"name\":\"Pastor Hal Mayer\",\"image\":{\"@type\":\"ImageObject\",\"@id\":\"https:\/\/ktfnews.com\/#personlogo\",\"inLanguage\":\"es\",\"url\":\"https:\/\/secure.gravatar.com\/avatar\/051bac95ae650254c5a03467b9456599?s=96&d=mm&r=g\",\"contentUrl\":\"https:\/\/secure.gravatar.com\/avatar\/051bac95ae650254c5a03467b9456599?s=96&d=mm&r=g\",\"caption\":\"Pastor Hal Mayer\"},\"description\":\"Pastor Hal Mayer is speaker and director of Keep the Faith Ministry. For the last 20 years Pastor Mayer\\u2019s monthly prophetic analysis on CD and online has revealed the striking evidence of fulfilling prophecy to many thousands of subscribers all over the world. Pastor Mayer\\u2019s background in history and Bible prophecy give him unique insights and perspectives that have blessed many and helped them make a deeper commitment to the Lord. Keep the Faith Ministry helps those who want to keep abreast of fulfilling prophecy and who want to understand and navigate the unique and difficult circumstances of the end-times. Keep the Faith Ministry helps to prepare you for the second coming of Christ. Pastor Mayer is married to Betsy for more than 40 years. They have no children of their own. \\u201cThe times in which we live are thrilling, because the things prophesied in God\\u2019s word are actually coming to pass in this generation,\\u201d says Pastor Mayer. \\u201cIn a time when the distinctive end-time truths of God\\u2019s word are being censored, and life in this world is becoming more and more chaotic, Keep the Faith is a voice of strength and encouragement.\\u201d\",\"url\":\"https:\/\/ktfnews.com\/es\/author\/hal\/\"}]}<\/script>\n<!-- \/ Yoast SEO plugin. -->","yoast_head_json":{"robots":{"index":"index","follow":"follow","max-snippet":"max-snippet:-1","max-image-preview":"max-image-preview:large","max-video-preview":"max-video-preview:-1"},"canonical":"https:\/\/ktfnews.com\/pope-francis-wrong-property-rights-human-rights\/","og_locale":"es_ES","og_type":"article","og_title":"[:en]Pope Francis Is Wrong. Property Rights Are Human Rights.[:es]El Papa Francisco est\u00e1 Equivocado. Los Derechos de Propiedad son Derechos Humanos.[:] - KEEP the FAITH","og_description":"Reason, por Steven Greenhut: Un amigo m\u00edo, que hab\u00eda pasado muchos a\u00f1os estableciendo un exitoso negocio de imprenta en el Medio Oeste, abri\u00f3 su peri\u00f3dico local para encontrar una historia sobre un elegante proyecto de reurbanizaci\u00f3n que la ciudad hab\u00eda...","og_url":"https:\/\/ktfnews.com\/pope-francis-wrong-property-rights-human-rights\/","og_site_name":"KEEP the FAITH","article_publisher":"https:\/\/www.facebook.com\/ktfministry","article_published_time":"2020-12-25T12:30:03+00:00","article_modified_time":"2020-12-24T23:38:50+00:00","og_image":[{"width":1280,"height":960,"url":"https:\/\/ktfnews.com\/wp-content\/uploads\/2020\/12\/pope-francis-707373_1280.jpg","type":"image\/jpeg"}],"twitter_card":"summary_large_image","twitter_creator":"@ktfministry","twitter_site":"@ktfministry","twitter_misc":{"Escrito por":"Pastor Hal Mayer","Tiempo de lectura":"10 minutos"},"schema":{"@context":"https:\/\/schema.org","@graph":[{"@type":"WebSite","@id":"https:\/\/ktfnews.com\/#website","url":"https:\/\/ktfnews.com\/","name":"KEEP the FAITH","description":"Preparing you for the final conflict between good and evil.","potentialAction":[{"@type":"SearchAction","target":{"@type":"EntryPoint","urlTemplate":"https:\/\/ktfnews.com\/?s={search_term_string}"},"query-input":"required name=search_term_string"}],"inLanguage":"es"},{"@type":"ImageObject","@id":"https:\/\/ktfnews.com\/pope-francis-wrong-property-rights-human-rights\/#primaryimage","inLanguage":"es","url":"https:\/\/ktfnews.com\/wp-content\/uploads\/2020\/12\/pope-francis-707373_1280.jpg","contentUrl":"https:\/\/ktfnews.com\/wp-content\/uploads\/2020\/12\/pope-francis-707373_1280.jpg","width":1280,"height":960},{"@type":"WebPage","@id":"https:\/\/ktfnews.com\/pope-francis-wrong-property-rights-human-rights\/#webpage","url":"https:\/\/ktfnews.com\/pope-francis-wrong-property-rights-human-rights\/","name":"[:en]Pope Francis Is Wrong. Property Rights Are Human Rights.[:es]El Papa Francisco est\u00e1 Equivocado. Los Derechos de Propiedad son Derechos Humanos.[:] - KEEP the FAITH","isPartOf":{"@id":"https:\/\/ktfnews.com\/#website"},"primaryImageOfPage":{"@id":"https:\/\/ktfnews.com\/pope-francis-wrong-property-rights-human-rights\/#primaryimage"},"datePublished":"2020-12-25T12:30:03+00:00","dateModified":"2020-12-24T23:38:50+00:00","author":{"@id":"https:\/\/ktfnews.com\/#\/schema\/person\/ba4174513d9169cf8e229b7d8d60410d"},"breadcrumb":{"@id":"https:\/\/ktfnews.com\/pope-francis-wrong-property-rights-human-rights\/#breadcrumb"},"inLanguage":"es","potentialAction":[{"@type":"ReadAction","target":["https:\/\/ktfnews.com\/pope-francis-wrong-property-rights-human-rights\/"]}]},{"@type":"BreadcrumbList","@id":"https:\/\/ktfnews.com\/pope-francis-wrong-property-rights-human-rights\/#breadcrumb","itemListElement":[{"@type":"ListItem","position":1,"name":"Home","item":"https:\/\/ktfnews.com\/"},{"@type":"ListItem","position":2,"name":"Briefings","item":"https:\/\/ktfnews.com\/category\/briefings\/"},{"@type":"ListItem","position":3,"name":"Pope Francis Is Wrong. Property Rights Are Human Rights."}]},{"@type":"Person","@id":"https:\/\/ktfnews.com\/#\/schema\/person\/ba4174513d9169cf8e229b7d8d60410d","name":"Pastor Hal Mayer","image":{"@type":"ImageObject","@id":"https:\/\/ktfnews.com\/#personlogo","inLanguage":"es","url":"https:\/\/secure.gravatar.com\/avatar\/051bac95ae650254c5a03467b9456599?s=96&d=mm&r=g","contentUrl":"https:\/\/secure.gravatar.com\/avatar\/051bac95ae650254c5a03467b9456599?s=96&d=mm&r=g","caption":"Pastor Hal Mayer"},"description":"Pastor Hal Mayer is speaker and director of Keep the Faith Ministry. For the last 20 years Pastor Mayer\u2019s monthly prophetic analysis on CD and online has revealed the striking evidence of fulfilling prophecy to many thousands of subscribers all over the world. Pastor Mayer\u2019s background in history and Bible prophecy give him unique insights and perspectives that have blessed many and helped them make a deeper commitment to the Lord. Keep the Faith Ministry helps those who want to keep abreast of fulfilling prophecy and who want to understand and navigate the unique and difficult circumstances of the end-times. Keep the Faith Ministry helps to prepare you for the second coming of Christ. Pastor Mayer is married to Betsy for more than 40 years. They have no children of their own. \u201cThe times in which we live are thrilling, because the things prophesied in God\u2019s word are actually coming to pass in this generation,\u201d says Pastor Mayer. \u201cIn a time when the distinctive end-time truths of God\u2019s word are being censored, and life in this world is becoming more and more chaotic, Keep the Faith is a voice of strength and encouragement.\u201d","url":"https:\/\/ktfnews.com\/es\/author\/hal\/"}]}},"_links":{"self":[{"href":"https:\/\/ktfnews.com\/es\/wp-json\/wp\/v2\/posts\/21080"}],"collection":[{"href":"https:\/\/ktfnews.com\/es\/wp-json\/wp\/v2\/posts"}],"about":[{"href":"https:\/\/ktfnews.com\/es\/wp-json\/wp\/v2\/types\/post"}],"author":[{"embeddable":true,"href":"https:\/\/ktfnews.com\/es\/wp-json\/wp\/v2\/users\/6"}],"replies":[{"embeddable":true,"href":"https:\/\/ktfnews.com\/es\/wp-json\/wp\/v2\/comments?post=21080"}],"version-history":[{"count":2,"href":"https:\/\/ktfnews.com\/es\/wp-json\/wp\/v2\/posts\/21080\/revisions"}],"predecessor-version":[{"id":21083,"href":"https:\/\/ktfnews.com\/es\/wp-json\/wp\/v2\/posts\/21080\/revisions\/21083"}],"wp:featuredmedia":[{"embeddable":true,"href":"https:\/\/ktfnews.com\/es\/wp-json\/wp\/v2\/media\/21082"}],"wp:attachment":[{"href":"https:\/\/ktfnews.com\/es\/wp-json\/wp\/v2\/media?parent=21080"}],"wp:term":[{"taxonomy":"category","embeddable":true,"href":"https:\/\/ktfnews.com\/es\/wp-json\/wp\/v2\/categories?post=21080"},{"taxonomy":"post_tag","embeddable":true,"href":"https:\/\/ktfnews.com\/es\/wp-json\/wp\/v2\/tags?post=21080"}],"curies":[{"name":"wp","href":"https:\/\/api.w.org\/{rel}","templated":true}]}}