{"id":20964,"date":"2020-12-08T07:30:40","date_gmt":"2020-12-08T12:30:40","guid":{"rendered":"https:\/\/ktfnews.com\/?p=20964"},"modified":"2020-12-08T22:32:28","modified_gmt":"2020-12-09T03:32:28","slug":"france-set-raid-dozens-mosques-crackdown-muslims","status":"publish","type":"post","link":"https:\/\/ktfnews.com\/es\/france-set-raid-dozens-mosques-crackdown-muslims\/","title":{"rendered":"Francia se Dispone a Hacer una Redada en Docenas de Mezquitas en la Represi\u00f3n Contra los Musulmanes"},"content":{"rendered":"<p><i>TRT World<\/i>: Las autoridades francesas han dicho que el pa\u00eds se abalanzar\u00e1 sobre docenas de mezquitas y salas de oraci\u00f3n musulmanas sospechosas de ense\u00f1anzas \u00abradicales\u00bb como parte de una campa\u00f1a de represi\u00f3n contra los \u00abextremistas\u00bb.<\/p>\n<p>El Ministro del Interior Gerald Darmanin dijo a la radio RTL el jueves que si se encontraba alguna sala de oraci\u00f3n que promoviera el \u00abextremismo\u00bb ser\u00eda cerrada.<\/p>\n<p>Anteriormente en Twitter, Darmanin dijo: \u00abSetenta y seis mezquitas sospechosas de separatismo ser\u00e1n revisadas en los pr\u00f3ximos d\u00edas y las que tengan que ser cerradas lo ser\u00e1n\u00bb. <\/p>\n<p>El ministro de la derecha, sin embargo, dijo a RTL que el hecho de que s\u00f3lo una fracci\u00f3n de los cerca de 2.600 lugares de culto musulmanes en Francia fueran sospechosos de traficar con teor\u00edas radicales mostraba que \u00abestamos lejos de una situaci\u00f3n de radicalizaci\u00f3n generalizada\u00bb.<\/p>\n<p>\u00abCasi todos los musulmanes en Francia respetan las leyes de la Rep\u00fablica y se sienten heridos por eso (la radicalizaci\u00f3n)\u00bb, dijo.<\/p>\n<p>Las inspecciones que se llevar\u00e1n a cabo el jueves por la tarde son parte de una respuesta a dos ataques en Francia &#8211; la decapitaci\u00f3n de un profesor que mostr\u00f3 a sus alumnos caricaturas insultando al Profeta Mahoma y el apu\u00f1alamiento hasta la muerte de tres personas en una iglesia de Niza.<\/p>\n<p>La represi\u00f3n \u00abmasiva\u00bb&#8230;<\/p>\n<p>En lo que el ministro describi\u00f3 como una oleada \u00abmasiva y sin precedentes\u00bb de medidas para combatir el extremismo religioso, los servicios estatales vigilar\u00e1n y controlar\u00e1n 76 lugares de culto musulmanes, 16 en la regi\u00f3n de Par\u00eds y 60 en el resto de Francia.<\/p>\n<p>Seg\u00fan el peri\u00f3dico Le Figaro, Darmanin envi\u00f3 una circular a los gobernadores del pa\u00eds sobre la inspecci\u00f3n de las mezquitas.<\/p>\n<p>Tras el asesinato del profesor Samuel Paty en un suburbio de Par\u00eds en octubre, han aumentado las redadas y la presi\u00f3n sobre las asociaciones y mezquitas musulmanas.<\/p>\n<p>Darmanin dijo el 3 de noviembre que 43 mezquitas han sido cerradas en los \u00faltimos tres a\u00f1os desde que el presidente Emmanuel Macron asumi\u00f3 el cargo.<\/p>\n<p>La mayor poblaci\u00f3n de musulmanes europeos<\/p>\n<p>Francia es el hogar de la mayor poblaci\u00f3n de musulmanes en Europa y el Islam es la segunda religi\u00f3n m\u00e1s grande practicada en el pa\u00eds despu\u00e9s del catolicismo.<\/p>\n<p>La comunidad internacional qued\u00f3 conmocionada por el apu\u00f1alamiento de dos personas frente a las antiguas oficinas del semanario franc\u00e9s Charlie Hebdo en septiembre, la decapitaci\u00f3n de Paty el 16 de octubre y el brutal asesinato de tres personas dentro de la Bas\u00edlica de Notre Dame de Niza el 29 de octubre.<\/p>\n<p>Los ataques llevaron a las autoridades francesas a encontrar un chivo expiatorio y los musulmanes fueron el blanco.<\/p>\n<p>El gobierno del presidente Macron ha respondido a varios ataques terroristas mortales en las \u00faltimas semanas con la promesa de tomar medidas en\u00e9rgicas contra lo que algunos funcionarios p\u00fablicos han llamado \u00abel enemigo interior\u00bb.<\/p>\n<p>Los musulmanes informan que se sienten excluidos, estigmatizados.<\/p>\n<p>Los cr\u00edticos dicen que el gobierno de Macron est\u00e1 explotando el aluvi\u00f3n de violencia para intensificar su controvertida postura anti-musulmana.<\/p>\n<p>Los franceses de origen \u00e1rabe est\u00e1n comprometidos con los valores franceses de laicidad, pero son estigmatizados y se sienten excluidos debido al origen \u00e9tnico de sus nombres, seg\u00fan una reciente encuesta de opini\u00f3n.<\/p>\n<p>La encuesta fue realizada por el diario Arab News in French en cooperaci\u00f3n con YouGov &#8211; una empresa de investigaci\u00f3n basada en Internet &#8211; que dijo que el 51% de los encuestados se sent\u00edan excluidos de la sociedad francesa.<\/p>\n<p>La encuesta sugiere que el mayor grupo minoritario de Francia sufre de falta de aceptaci\u00f3n, incluso de estigmatizaci\u00f3n, inform\u00f3 Arab News.<\/p>\n<p>Nuestro comentario:<br \/>\nAunque este art\u00edculo parece ser pro-musulm\u00e1n, se\u00f1ala lo que sucede a los organismos religiosos cuando el p\u00fablico est\u00e1 condicionado a pensar que un grupo en particular es responsable de los cr\u00edmenes de terrorismo. Hay una demanda inherente de que el gobierno haga algo al respecto. \u00bfPodr\u00eda suceder algo as\u00ed con el remanente?<\/p>\n<p>Conexi\u00f3n Prof\u00e9tica:<br \/>\n\u201cLa corrupci\u00f3n pol\u00edtica est\u00e1 destruyendo el amor a la justicia y el respeto a la verdad; y hasta en los Estados Unidos de la libre Am\u00e9rica, se ver\u00e1 a los representantes del pueblo y a los legisladores tratar de asegurarse el favor p\u00fablico dobleg\u00e1ndose a las exigencias populares por una ley que imponga la observancia del domingo. La libertad de conciencia que tantos sacrificios ha costado no ser\u00e1 ya respetada.\u201d <i>El Conflicto de los Siglos<\/i>, p\u00e1g. 650.<\/p>\n<hr>\n<h3>Source References<\/h3>\n<ul>\n<li>\n<h5><a href=\"https:\/\/www.trtworld.com\/europe\/france-set-to-raid-dozens-of-mosques-in-crackdown-against-muslims-42015\" target=\"_blank\">France set to raid dozens of mosques in crackdown against Muslims<\/a><\/h5>\n<\/li>\n<\/ul>\n<p><\/p>\n<!-- AddThis Advanced Settings generic via filter on the_content -->","protected":false},"excerpt":{"rendered":"<p>TRT World: Las autoridades francesas han dicho que el pa\u00eds se abalanzar\u00e1 sobre docenas de mezquitas y salas de oraci\u00f3n musulmanas sospechosas de ense\u00f1anzas \u00abradicales\u00bb como parte de una campa\u00f1a de represi\u00f3n contra los \u00abextremistas\u00bb. El Ministro del Interior Gerald&#8230;<!-- AddThis Advanced Settings generic via filter on wp_trim_excerpt --><\/p>\n","protected":false},"author":6,"featured_media":20966,"comment_status":"open","ping_status":"open","sticky":false,"template":"","format":"standard","meta":{"episode_type":"","audio_file":"","duration":"","filesize":"","date_recorded":"","explicit":"","block":"","filesize_raw":"","_FSMCFIC_featured_image_caption":"Image: James Gordon from Wikimedia Commons","_FSMCFIC_featured_image_nocaption":null,"_FSMCFIC_featured_image_hide":null,"_links_to":"","_links_to_target":""},"categories":[722,32],"tags":[578,95,152,887],"featured_image_urls":{"thumbnail":"https:\/\/ktfnews.com\/wp-content\/uploads\/2020\/12\/Mosque-150x150.jpg","medium":"https:\/\/ktfnews.com\/wp-content\/uploads\/2020\/12\/Mosque-300x200.jpg","medium_large":"https:\/\/ktfnews.com\/wp-content\/uploads\/2020\/12\/Mosque-768x512.jpg","large":"https:\/\/ktfnews.com\/wp-content\/uploads\/2020\/12\/Mosque-1024x682.jpg","team-small":"https:\/\/ktfnews.com\/wp-content\/uploads\/2020\/12\/Mosque-138x162.jpg","team-overview":"https:\/\/ktfnews.com\/wp-content\/uploads\/2020\/12\/Mosque-200x279.jpg","team-big":"https:\/\/ktfnews.com\/wp-content\/uploads\/2020\/12\/Mosque-540x270.jpg","two-columns":"https:\/\/ktfnews.com\/wp-content\/uploads\/2020\/12\/Mosque-379x242.jpg","one-column":"https:\/\/ktfnews.com\/wp-content\/uploads\/2020\/12\/Mosque-379x242.jpg","mini-square":"https:\/\/ktfnews.com\/wp-content\/uploads\/2020\/12\/Mosque-70x70.jpg","portfolio-widget-mainpage":"https:\/\/ktfnews.com\/wp-content\/uploads\/2020\/12\/Mosque-335x195.jpg","portfolio-single-ajax":"https:\/\/ktfnews.com\/wp-content\/uploads\/2020\/12\/Mosque-670x280.jpg","portfolio-single-big":"https:\/\/ktfnews.com\/wp-content\/uploads\/2020\/12\/Mosque-685x480.jpg","portfolio-single-small":"https:\/\/ktfnews.com\/wp-content\/uploads\/2020\/12\/Mosque-685x280.jpg","portfolio-single-full-big":"https:\/\/ktfnews.com\/wp-content\/uploads\/2020\/12\/Mosque-960x590.jpg","portfolio-single-full-small":"https:\/\/ktfnews.com\/wp-content\/uploads\/2020\/12\/Mosque-960x250.jpg","gallery-post":"https:\/\/ktfnews.com\/wp-content\/uploads\/2020\/12\/Mosque-182x126.jpg","gallery-post-smaller":"https:\/\/ktfnews.com\/wp-content\/uploads\/2020\/12\/Mosque-158x100.jpg","gallery-standard":"https:\/\/ktfnews.com\/wp-content\/uploads\/2020\/12\/Mosque-257x169.jpg","tooltip-preview":"https:\/\/ktfnews.com\/wp-content\/uploads\/2020\/12\/Mosque-227x133.jpg","widget-content-slider":"https:\/\/ktfnews.com\/wp-content\/uploads\/2020\/12\/Mosque-230x137.jpg","post-top-articles":"https:\/\/ktfnews.com\/wp-content\/uploads\/2020\/12\/Mosque-130x100.jpg","post-single-wide":"https:\/\/ktfnews.com\/wp-content\/uploads\/2020\/12\/Mosque-595x360.jpg","post-single-wide-nocrop":"https:\/\/ktfnews.com\/wp-content\/uploads\/2020\/12\/Mosque-595x397.jpg","post-single-wide-mobile":"https:\/\/ktfnews.com\/wp-content\/uploads\/2020\/12\/Mosque-320x190.jpg","post-single-wide-small":"https:\/\/ktfnews.com\/wp-content\/uploads\/2020\/12\/Mosque-595x190.jpg","post-single-square":"https:\/\/ktfnews.com\/wp-content\/uploads\/2020\/12\/Mosque-120x120.jpg","post-single-full-small":"https:\/\/ktfnews.com\/wp-content\/uploads\/2020\/12\/Mosque-950x360.jpg","post-single-full-big":"https:\/\/ktfnews.com\/wp-content\/uploads\/2020\/12\/Mosque-950x590.jpg","photo-blog":"https:\/\/ktfnews.com\/wp-content\/uploads\/2020\/12\/Mosque-768x512.jpg"},"appp_media":null,"yoast_head":"<!-- This site is optimized with the Yoast SEO plugin v17.3 - https:\/\/yoast.com\/wordpress\/plugins\/seo\/ -->\n<meta name=\"robots\" content=\"index, follow, max-snippet:-1, max-image-preview:large, max-video-preview:-1\" \/>\n<link rel=\"canonical\" href=\"https:\/\/ktfnews.com\/france-set-raid-dozens-mosques-crackdown-muslims\/\" \/>\n<meta property=\"og:locale\" content=\"es_ES\" \/>\n<meta property=\"og:type\" content=\"article\" \/>\n<meta property=\"og:title\" content=\"[:en]France set to raid dozens of mosques in crackdown against Muslims[:es]Francia se Dispone a Hacer una Redada en Docenas de Mezquitas en la Represi\u00f3n Contra los Musulmanes[:] - KEEP the FAITH\" \/>\n<meta property=\"og:description\" content=\"TRT World: Las autoridades francesas han dicho que el pa\u00eds se abalanzar\u00e1 sobre docenas de mezquitas y salas de oraci\u00f3n musulmanas sospechosas de ense\u00f1anzas \u00abradicales\u00bb como parte de una campa\u00f1a de represi\u00f3n contra los \u00abextremistas\u00bb. El Ministro del Interior Gerald...\" \/>\n<meta property=\"og:url\" content=\"https:\/\/ktfnews.com\/france-set-raid-dozens-mosques-crackdown-muslims\/\" \/>\n<meta property=\"og:site_name\" content=\"KEEP the FAITH\" \/>\n<meta property=\"article:publisher\" content=\"https:\/\/www.facebook.com\/ktfministry\" \/>\n<meta property=\"article:published_time\" content=\"2020-12-08T12:30:40+00:00\" \/>\n<meta property=\"article:modified_time\" content=\"2020-12-09T03:32:28+00:00\" \/>\n<meta property=\"og:image\" content=\"https:\/\/ktfnews.com\/wp-content\/uploads\/2020\/12\/Mosque.jpg\" \/>\n\t<meta property=\"og:image:width\" content=\"1280\" \/>\n\t<meta property=\"og:image:height\" content=\"853\" \/>\n<meta name=\"twitter:card\" content=\"summary_large_image\" \/>\n<meta name=\"twitter:creator\" content=\"@ktfministry\" \/>\n<meta name=\"twitter:site\" content=\"@ktfministry\" \/>\n<meta name=\"twitter:label1\" content=\"Escrito por\" \/>\n\t<meta name=\"twitter:data1\" content=\"Pastor Hal Mayer\" \/>\n\t<meta name=\"twitter:label2\" content=\"Tiempo de lectura\" \/>\n\t<meta name=\"twitter:data2\" content=\"7 minutos\" \/>\n<script type=\"application\/ld+json\" class=\"yoast-schema-graph\">{\"@context\":\"https:\/\/schema.org\",\"@graph\":[{\"@type\":\"WebSite\",\"@id\":\"https:\/\/ktfnews.com\/#website\",\"url\":\"https:\/\/ktfnews.com\/\",\"name\":\"KEEP the FAITH\",\"description\":\"Preparing you for the final conflict between good and evil.\",\"potentialAction\":[{\"@type\":\"SearchAction\",\"target\":{\"@type\":\"EntryPoint\",\"urlTemplate\":\"https:\/\/ktfnews.com\/?s={search_term_string}\"},\"query-input\":\"required name=search_term_string\"}],\"inLanguage\":\"es\"},{\"@type\":\"ImageObject\",\"@id\":\"https:\/\/ktfnews.com\/france-set-raid-dozens-mosques-crackdown-muslims\/#primaryimage\",\"inLanguage\":\"es\",\"url\":\"https:\/\/ktfnews.com\/wp-content\/uploads\/2020\/12\/Mosque.jpg\",\"contentUrl\":\"https:\/\/ktfnews.com\/wp-content\/uploads\/2020\/12\/Mosque.jpg\",\"width\":1280,\"height\":853},{\"@type\":\"WebPage\",\"@id\":\"https:\/\/ktfnews.com\/france-set-raid-dozens-mosques-crackdown-muslims\/#webpage\",\"url\":\"https:\/\/ktfnews.com\/france-set-raid-dozens-mosques-crackdown-muslims\/\",\"name\":\"[:en]France set to raid dozens of mosques in crackdown against Muslims[:es]Francia se Dispone a Hacer una Redada en Docenas de Mezquitas en la Represi\\u00f3n Contra los Musulmanes[:] - KEEP the FAITH\",\"isPartOf\":{\"@id\":\"https:\/\/ktfnews.com\/#website\"},\"primaryImageOfPage\":{\"@id\":\"https:\/\/ktfnews.com\/france-set-raid-dozens-mosques-crackdown-muslims\/#primaryimage\"},\"datePublished\":\"2020-12-08T12:30:40+00:00\",\"dateModified\":\"2020-12-09T03:32:28+00:00\",\"author\":{\"@id\":\"https:\/\/ktfnews.com\/#\/schema\/person\/ba4174513d9169cf8e229b7d8d60410d\"},\"breadcrumb\":{\"@id\":\"https:\/\/ktfnews.com\/france-set-raid-dozens-mosques-crackdown-muslims\/#breadcrumb\"},\"inLanguage\":\"es\",\"potentialAction\":[{\"@type\":\"ReadAction\",\"target\":[\"https:\/\/ktfnews.com\/france-set-raid-dozens-mosques-crackdown-muslims\/\"]}]},{\"@type\":\"BreadcrumbList\",\"@id\":\"https:\/\/ktfnews.com\/france-set-raid-dozens-mosques-crackdown-muslims\/#breadcrumb\",\"itemListElement\":[{\"@type\":\"ListItem\",\"position\":1,\"name\":\"Home\",\"item\":\"https:\/\/ktfnews.com\/\"},{\"@type\":\"ListItem\",\"position\":2,\"name\":\"Briefings\",\"item\":\"https:\/\/ktfnews.com\/category\/briefings\/\"},{\"@type\":\"ListItem\",\"position\":3,\"name\":\"France set to raid dozens of mosques in crackdown against Muslims\"}]},{\"@type\":\"Person\",\"@id\":\"https:\/\/ktfnews.com\/#\/schema\/person\/ba4174513d9169cf8e229b7d8d60410d\",\"name\":\"Pastor Hal Mayer\",\"image\":{\"@type\":\"ImageObject\",\"@id\":\"https:\/\/ktfnews.com\/#personlogo\",\"inLanguage\":\"es\",\"url\":\"https:\/\/secure.gravatar.com\/avatar\/051bac95ae650254c5a03467b9456599?s=96&d=mm&r=g\",\"contentUrl\":\"https:\/\/secure.gravatar.com\/avatar\/051bac95ae650254c5a03467b9456599?s=96&d=mm&r=g\",\"caption\":\"Pastor Hal Mayer\"},\"description\":\"Pastor Hal Mayer is speaker and director of Keep the Faith Ministry. For the last 20 years Pastor Mayer\\u2019s monthly prophetic analysis on CD and online has revealed the striking evidence of fulfilling prophecy to many thousands of subscribers all over the world. Pastor Mayer\\u2019s background in history and Bible prophecy give him unique insights and perspectives that have blessed many and helped them make a deeper commitment to the Lord. Keep the Faith Ministry helps those who want to keep abreast of fulfilling prophecy and who want to understand and navigate the unique and difficult circumstances of the end-times. Keep the Faith Ministry helps to prepare you for the second coming of Christ. Pastor Mayer is married to Betsy for more than 40 years. They have no children of their own. \\u201cThe times in which we live are thrilling, because the things prophesied in God\\u2019s word are actually coming to pass in this generation,\\u201d says Pastor Mayer. \\u201cIn a time when the distinctive end-time truths of God\\u2019s word are being censored, and life in this world is becoming more and more chaotic, Keep the Faith is a voice of strength and encouragement.\\u201d\",\"url\":\"https:\/\/ktfnews.com\/es\/author\/hal\/\"}]}<\/script>\n<!-- \/ Yoast SEO plugin. -->","yoast_head_json":{"robots":{"index":"index","follow":"follow","max-snippet":"max-snippet:-1","max-image-preview":"max-image-preview:large","max-video-preview":"max-video-preview:-1"},"canonical":"https:\/\/ktfnews.com\/france-set-raid-dozens-mosques-crackdown-muslims\/","og_locale":"es_ES","og_type":"article","og_title":"[:en]France set to raid dozens of mosques in crackdown against Muslims[:es]Francia se Dispone a Hacer una Redada en Docenas de Mezquitas en la Represi\u00f3n Contra los Musulmanes[:] - KEEP the FAITH","og_description":"TRT World: Las autoridades francesas han dicho que el pa\u00eds se abalanzar\u00e1 sobre docenas de mezquitas y salas de oraci\u00f3n musulmanas sospechosas de ense\u00f1anzas \u00abradicales\u00bb como parte de una campa\u00f1a de represi\u00f3n contra los \u00abextremistas\u00bb. El Ministro del Interior Gerald...","og_url":"https:\/\/ktfnews.com\/france-set-raid-dozens-mosques-crackdown-muslims\/","og_site_name":"KEEP the FAITH","article_publisher":"https:\/\/www.facebook.com\/ktfministry","article_published_time":"2020-12-08T12:30:40+00:00","article_modified_time":"2020-12-09T03:32:28+00:00","og_image":[{"width":1280,"height":853,"url":"https:\/\/ktfnews.com\/wp-content\/uploads\/2020\/12\/Mosque.jpg","type":"image\/jpeg"}],"twitter_card":"summary_large_image","twitter_creator":"@ktfministry","twitter_site":"@ktfministry","twitter_misc":{"Escrito por":"Pastor Hal Mayer","Tiempo de lectura":"7 minutos"},"schema":{"@context":"https:\/\/schema.org","@graph":[{"@type":"WebSite","@id":"https:\/\/ktfnews.com\/#website","url":"https:\/\/ktfnews.com\/","name":"KEEP the FAITH","description":"Preparing you for the final conflict between good and evil.","potentialAction":[{"@type":"SearchAction","target":{"@type":"EntryPoint","urlTemplate":"https:\/\/ktfnews.com\/?s={search_term_string}"},"query-input":"required name=search_term_string"}],"inLanguage":"es"},{"@type":"ImageObject","@id":"https:\/\/ktfnews.com\/france-set-raid-dozens-mosques-crackdown-muslims\/#primaryimage","inLanguage":"es","url":"https:\/\/ktfnews.com\/wp-content\/uploads\/2020\/12\/Mosque.jpg","contentUrl":"https:\/\/ktfnews.com\/wp-content\/uploads\/2020\/12\/Mosque.jpg","width":1280,"height":853},{"@type":"WebPage","@id":"https:\/\/ktfnews.com\/france-set-raid-dozens-mosques-crackdown-muslims\/#webpage","url":"https:\/\/ktfnews.com\/france-set-raid-dozens-mosques-crackdown-muslims\/","name":"[:en]France set to raid dozens of mosques in crackdown against Muslims[:es]Francia se Dispone a Hacer una Redada en Docenas de Mezquitas en la Represi\u00f3n Contra los Musulmanes[:] - KEEP the FAITH","isPartOf":{"@id":"https:\/\/ktfnews.com\/#website"},"primaryImageOfPage":{"@id":"https:\/\/ktfnews.com\/france-set-raid-dozens-mosques-crackdown-muslims\/#primaryimage"},"datePublished":"2020-12-08T12:30:40+00:00","dateModified":"2020-12-09T03:32:28+00:00","author":{"@id":"https:\/\/ktfnews.com\/#\/schema\/person\/ba4174513d9169cf8e229b7d8d60410d"},"breadcrumb":{"@id":"https:\/\/ktfnews.com\/france-set-raid-dozens-mosques-crackdown-muslims\/#breadcrumb"},"inLanguage":"es","potentialAction":[{"@type":"ReadAction","target":["https:\/\/ktfnews.com\/france-set-raid-dozens-mosques-crackdown-muslims\/"]}]},{"@type":"BreadcrumbList","@id":"https:\/\/ktfnews.com\/france-set-raid-dozens-mosques-crackdown-muslims\/#breadcrumb","itemListElement":[{"@type":"ListItem","position":1,"name":"Home","item":"https:\/\/ktfnews.com\/"},{"@type":"ListItem","position":2,"name":"Briefings","item":"https:\/\/ktfnews.com\/category\/briefings\/"},{"@type":"ListItem","position":3,"name":"France set to raid dozens of mosques in crackdown against Muslims"}]},{"@type":"Person","@id":"https:\/\/ktfnews.com\/#\/schema\/person\/ba4174513d9169cf8e229b7d8d60410d","name":"Pastor Hal Mayer","image":{"@type":"ImageObject","@id":"https:\/\/ktfnews.com\/#personlogo","inLanguage":"es","url":"https:\/\/secure.gravatar.com\/avatar\/051bac95ae650254c5a03467b9456599?s=96&d=mm&r=g","contentUrl":"https:\/\/secure.gravatar.com\/avatar\/051bac95ae650254c5a03467b9456599?s=96&d=mm&r=g","caption":"Pastor Hal Mayer"},"description":"Pastor Hal Mayer is speaker and director of Keep the Faith Ministry. For the last 20 years Pastor Mayer\u2019s monthly prophetic analysis on CD and online has revealed the striking evidence of fulfilling prophecy to many thousands of subscribers all over the world. Pastor Mayer\u2019s background in history and Bible prophecy give him unique insights and perspectives that have blessed many and helped them make a deeper commitment to the Lord. Keep the Faith Ministry helps those who want to keep abreast of fulfilling prophecy and who want to understand and navigate the unique and difficult circumstances of the end-times. Keep the Faith Ministry helps to prepare you for the second coming of Christ. Pastor Mayer is married to Betsy for more than 40 years. They have no children of their own. \u201cThe times in which we live are thrilling, because the things prophesied in God\u2019s word are actually coming to pass in this generation,\u201d says Pastor Mayer. \u201cIn a time when the distinctive end-time truths of God\u2019s word are being censored, and life in this world is becoming more and more chaotic, Keep the Faith is a voice of strength and encouragement.\u201d","url":"https:\/\/ktfnews.com\/es\/author\/hal\/"}]}},"_links":{"self":[{"href":"https:\/\/ktfnews.com\/es\/wp-json\/wp\/v2\/posts\/20964"}],"collection":[{"href":"https:\/\/ktfnews.com\/es\/wp-json\/wp\/v2\/posts"}],"about":[{"href":"https:\/\/ktfnews.com\/es\/wp-json\/wp\/v2\/types\/post"}],"author":[{"embeddable":true,"href":"https:\/\/ktfnews.com\/es\/wp-json\/wp\/v2\/users\/6"}],"replies":[{"embeddable":true,"href":"https:\/\/ktfnews.com\/es\/wp-json\/wp\/v2\/comments?post=20964"}],"version-history":[{"count":2,"href":"https:\/\/ktfnews.com\/es\/wp-json\/wp\/v2\/posts\/20964\/revisions"}],"predecessor-version":[{"id":20983,"href":"https:\/\/ktfnews.com\/es\/wp-json\/wp\/v2\/posts\/20964\/revisions\/20983"}],"wp:featuredmedia":[{"embeddable":true,"href":"https:\/\/ktfnews.com\/es\/wp-json\/wp\/v2\/media\/20966"}],"wp:attachment":[{"href":"https:\/\/ktfnews.com\/es\/wp-json\/wp\/v2\/media?parent=20964"}],"wp:term":[{"taxonomy":"category","embeddable":true,"href":"https:\/\/ktfnews.com\/es\/wp-json\/wp\/v2\/categories?post=20964"},{"taxonomy":"post_tag","embeddable":true,"href":"https:\/\/ktfnews.com\/es\/wp-json\/wp\/v2\/tags?post=20964"}],"curies":[{"name":"wp","href":"https:\/\/api.w.org\/{rel}","templated":true}]}}