{"id":20912,"date":"2020-12-02T07:30:19","date_gmt":"2020-12-02T12:30:19","guid":{"rendered":"https:\/\/ktfnews.com\/?p=20912"},"modified":"2020-12-02T10:50:10","modified_gmt":"2020-12-02T15:50:10","slug":"dark-winter-millions-americans-expected-lose-homes","status":"publish","type":"post","link":"https:\/\/ktfnews.com\/es\/dark-winter-millions-americans-expected-lose-homes\/","title":{"rendered":"\u00bbInvierno Oscuro\u00bb &#8211; Se Espera que Millones de Estadounidenses Pierdan sus Casas"},"content":{"rendered":"<p><i>Activist Post<\/i>, por Tyler Durden: Un oscuro invierno COVID est\u00e1 descendiendo sobre los trabajadores pobres de Estados Unidos mientras millones de adultos se enfrentan al desalojo o a la ejecuci\u00f3n hipotecaria en los pr\u00f3ximos meses.<\/p>\n<p>Bloomberg, citando una encuesta realizada el 9 de noviembre por la Oficina del Censo de los EE.UU., muestra que 5,8 millones de adultos se enfrentan al desalojo o la ejecuci\u00f3n hipotecaria el 1 de enero. Eso representa el 32,5% de los 17,8 millones de adultos que est\u00e1n atrasados en el pago de la renta o la hipoteca.<\/p>\n<p>El lunes, observamos que el 31 de diciembre muchas de las disposiciones clave de la Ley CARES expirar\u00e1n si no hay una acci\u00f3n del Congreso. Esto podr\u00eda ser catastr\u00f3fico para 12 millones de estadounidenses que perder\u00e1n el acceso a sus beneficios de Desempleo de Emergencia activados a ra\u00edz de la pandemia de COVID, que por s\u00ed sola podr\u00eda ser un obst\u00e1culo de hasta 1.5% para el crecimiento en el primer trimestre, seg\u00fan un reciente informe del Banco de Am\u00e9rica.<\/p>\n<p>Adem\u00e1s, la expiraci\u00f3n de las moratorias de desalojo, los programas de indulgencia hipotecaria y la suspensi\u00f3n de los pagos de los pr\u00e9stamos estudiantiles podr\u00edan agravar las tensiones financieras de los trabajadores pobres, muchos de los cuales, alrededor de 21 millones de ellos, est\u00e1n desempleados y reciben beneficios del gobierno.<\/p>\n<p>La encuesta se\u00f1ala que al menos la mitad de los hogares en Arkansas, Florida y Nevada no est\u00e1n al d\u00eda en los pagos de alquiler e hipoteca &#8211; lo que equivale a 750.000 que podr\u00edan enfrentarse a un desalojo a principios de 2021.<\/p>\n<p>Ciudad por ciudad, Nueva York, Houston y Atlanta tienen la mayor amenaza de desalojo a principios del a\u00f1o que viene.<\/p>\n<p>La parte m\u00e1s preocupante sobre la expiraci\u00f3n de varios programas de CARES a partir del 1 de enero es que elimina las redes de seguridad para los trabajadores pobres. Se espera que el lapso de tiempo desde que los vencimientos llegaron al Congreso y la nueva administraci\u00f3n de Biden que se espera que llegue a un acuerdo de est\u00edmulo sea de corta duraci\u00f3n.<\/p>\n<p>Nuestro comentario:<br \/>\nLos desaf\u00edos econ\u00f3micos actuales son un presagio y est\u00e1n sentando las bases de una severa tensi\u00f3n econ\u00f3mica cuando la naci\u00f3n sucumba a la ruina nacional. <\/p>\n<p>Conexi\u00f3n prof\u00e9tica:<br \/>\nLos principios cat\u00f3licos romanos ser\u00e1n tomados bajo el cuidado y protecci\u00f3n del estado. Esta apostas\u00eda nacional ser\u00e1 seguida r\u00e1pidamente por la ruina nacional. <i>The Review and Herald<\/i>, 15 de junio de 1897.<\/p>\n<hr>\n<h3>Source References<\/h3>\n<ul>\n<li>\n<h5><a href=\"https:\/\/www.activistpost.com\/2020\/11\/dark-winter-millions-of-americans-are-expected-to-lose-their-homes.html\" target=\"_blank\">\u201cDark Winter\u201d \u2014 Millions Of Americans Are Expected To Lose Their Homes<\/a><\/h5>\n<\/li>\n<\/ul>\n<p><\/p>\n<!-- AddThis Advanced Settings generic via filter on the_content -->","protected":false},"excerpt":{"rendered":"<p>Activist Post, por Tyler Durden: Un oscuro invierno COVID est\u00e1 descendiendo sobre los trabajadores pobres de Estados Unidos mientras millones de adultos se enfrentan al desalojo o a la ejecuci\u00f3n hipotecaria en los pr\u00f3ximos meses. Bloomberg, citando una encuesta realizada&#8230;<!-- AddThis Advanced Settings generic via filter on wp_trim_excerpt --><\/p>\n","protected":false},"author":6,"featured_media":20914,"comment_status":"open","ping_status":"open","sticky":false,"template":"","format":"standard","meta":{"episode_type":"","audio_file":"","duration":"","filesize":"","date_recorded":"","explicit":"","block":"","filesize_raw":"","_FSMCFIC_featured_image_caption":"Image: Creative Commons","_FSMCFIC_featured_image_nocaption":null,"_FSMCFIC_featured_image_hide":null,"_links_to":"","_links_to_target":""},"categories":[722,32],"tags":[318,2678,1978,579,1327],"featured_image_urls":{"thumbnail":"https:\/\/ktfnews.com\/wp-content\/uploads\/2020\/12\/mortgage-foreclosure-150x150.jpg","medium":"https:\/\/ktfnews.com\/wp-content\/uploads\/2020\/12\/mortgage-foreclosure-300x197.jpg","medium_large":"https:\/\/ktfnews.com\/wp-content\/uploads\/2020\/12\/mortgage-foreclosure-768x505.jpg","large":"https:\/\/ktfnews.com\/wp-content\/uploads\/2020\/12\/mortgage-foreclosure-1024x673.jpg","team-small":"https:\/\/ktfnews.com\/wp-content\/uploads\/2020\/12\/mortgage-foreclosure-138x162.jpg","team-overview":"https:\/\/ktfnews.com\/wp-content\/uploads\/2020\/12\/mortgage-foreclosure-200x279.jpg","team-big":"https:\/\/ktfnews.com\/wp-content\/uploads\/2020\/12\/mortgage-foreclosure-540x270.jpg","two-columns":"https:\/\/ktfnews.com\/wp-content\/uploads\/2020\/12\/mortgage-foreclosure-379x242.jpg","one-column":"https:\/\/ktfnews.com\/wp-content\/uploads\/2020\/12\/mortgage-foreclosure-379x242.jpg","mini-square":"https:\/\/ktfnews.com\/wp-content\/uploads\/2020\/12\/mortgage-foreclosure-70x70.jpg","portfolio-widget-mainpage":"https:\/\/ktfnews.com\/wp-content\/uploads\/2020\/12\/mortgage-foreclosure-335x195.jpg","portfolio-single-ajax":"https:\/\/ktfnews.com\/wp-content\/uploads\/2020\/12\/mortgage-foreclosure-670x280.jpg","portfolio-single-big":"https:\/\/ktfnews.com\/wp-content\/uploads\/2020\/12\/mortgage-foreclosure-685x480.jpg","portfolio-single-small":"https:\/\/ktfnews.com\/wp-content\/uploads\/2020\/12\/mortgage-foreclosure-685x280.jpg","portfolio-single-full-big":"https:\/\/ktfnews.com\/wp-content\/uploads\/2020\/12\/mortgage-foreclosure-960x590.jpg","portfolio-single-full-small":"https:\/\/ktfnews.com\/wp-content\/uploads\/2020\/12\/mortgage-foreclosure-960x250.jpg","gallery-post":"https:\/\/ktfnews.com\/wp-content\/uploads\/2020\/12\/mortgage-foreclosure-182x126.jpg","gallery-post-smaller":"https:\/\/ktfnews.com\/wp-content\/uploads\/2020\/12\/mortgage-foreclosure-158x100.jpg","gallery-standard":"https:\/\/ktfnews.com\/wp-content\/uploads\/2020\/12\/mortgage-foreclosure-257x169.jpg","tooltip-preview":"https:\/\/ktfnews.com\/wp-content\/uploads\/2020\/12\/mortgage-foreclosure-227x133.jpg","widget-content-slider":"https:\/\/ktfnews.com\/wp-content\/uploads\/2020\/12\/mortgage-foreclosure-230x137.jpg","post-top-articles":"https:\/\/ktfnews.com\/wp-content\/uploads\/2020\/12\/mortgage-foreclosure-130x100.jpg","post-single-wide":"https:\/\/ktfnews.com\/wp-content\/uploads\/2020\/12\/mortgage-foreclosure-595x360.jpg","post-single-wide-nocrop":"https:\/\/ktfnews.com\/wp-content\/uploads\/2020\/12\/mortgage-foreclosure-595x391.jpg","post-single-wide-mobile":"https:\/\/ktfnews.com\/wp-content\/uploads\/2020\/12\/mortgage-foreclosure-320x190.jpg","post-single-wide-small":"https:\/\/ktfnews.com\/wp-content\/uploads\/2020\/12\/mortgage-foreclosure-595x190.jpg","post-single-square":"https:\/\/ktfnews.com\/wp-content\/uploads\/2020\/12\/mortgage-foreclosure-120x120.jpg","post-single-full-small":"https:\/\/ktfnews.com\/wp-content\/uploads\/2020\/12\/mortgage-foreclosure-950x360.jpg","post-single-full-big":"https:\/\/ktfnews.com\/wp-content\/uploads\/2020\/12\/mortgage-foreclosure-950x590.jpg","photo-blog":"https:\/\/ktfnews.com\/wp-content\/uploads\/2020\/12\/mortgage-foreclosure-768x505.jpg"},"appp_media":null,"yoast_head":"<!-- This site is optimized with the Yoast SEO plugin v17.3 - https:\/\/yoast.com\/wordpress\/plugins\/seo\/ -->\n<meta name=\"robots\" content=\"index, follow, max-snippet:-1, max-image-preview:large, max-video-preview:-1\" \/>\n<link rel=\"canonical\" href=\"https:\/\/ktfnews.com\/dark-winter-millions-americans-expected-lose-homes\/\" \/>\n<meta property=\"og:locale\" content=\"es_ES\" \/>\n<meta property=\"og:type\" content=\"article\" \/>\n<meta property=\"og:title\" content=\"[:en]\u201cDark Winter\u201d \u2014 Millions Of Americans Are Expected To Lose Their Homes[:es]&quot;Invierno Oscuro&quot; - Se Espera que Millones de Estadounidenses Pierdan sus Casas[:] - KEEP the FAITH\" \/>\n<meta property=\"og:description\" content=\"Activist Post, por Tyler Durden: Un oscuro invierno COVID est\u00e1 descendiendo sobre los trabajadores pobres de Estados Unidos mientras millones de adultos se enfrentan al desalojo o a la ejecuci\u00f3n hipotecaria en los pr\u00f3ximos meses. Bloomberg, citando una encuesta realizada...\" \/>\n<meta property=\"og:url\" content=\"https:\/\/ktfnews.com\/dark-winter-millions-americans-expected-lose-homes\/\" \/>\n<meta property=\"og:site_name\" content=\"KEEP the FAITH\" \/>\n<meta property=\"article:publisher\" content=\"https:\/\/www.facebook.com\/ktfministry\" \/>\n<meta property=\"article:published_time\" content=\"2020-12-02T12:30:19+00:00\" \/>\n<meta property=\"article:modified_time\" content=\"2020-12-02T15:50:10+00:00\" \/>\n<meta property=\"og:image\" content=\"https:\/\/ktfnews.com\/wp-content\/uploads\/2020\/12\/mortgage-foreclosure.jpg\" \/>\n\t<meta property=\"og:image:width\" content=\"1200\" \/>\n\t<meta property=\"og:image:height\" content=\"789\" \/>\n<meta name=\"twitter:card\" content=\"summary_large_image\" \/>\n<meta name=\"twitter:creator\" content=\"@ktfministry\" \/>\n<meta name=\"twitter:site\" content=\"@ktfministry\" \/>\n<meta name=\"twitter:label1\" content=\"Escrito por\" \/>\n\t<meta name=\"twitter:data1\" content=\"Pastor Hal Mayer\" \/>\n\t<meta name=\"twitter:label2\" content=\"Tiempo de lectura\" \/>\n\t<meta name=\"twitter:data2\" content=\"4 minutos\" \/>\n<script type=\"application\/ld+json\" class=\"yoast-schema-graph\">{\"@context\":\"https:\/\/schema.org\",\"@graph\":[{\"@type\":\"WebSite\",\"@id\":\"https:\/\/ktfnews.com\/#website\",\"url\":\"https:\/\/ktfnews.com\/\",\"name\":\"KEEP the FAITH\",\"description\":\"Preparing you for the final conflict between good and evil.\",\"potentialAction\":[{\"@type\":\"SearchAction\",\"target\":{\"@type\":\"EntryPoint\",\"urlTemplate\":\"https:\/\/ktfnews.com\/?s={search_term_string}\"},\"query-input\":\"required name=search_term_string\"}],\"inLanguage\":\"es\"},{\"@type\":\"ImageObject\",\"@id\":\"https:\/\/ktfnews.com\/dark-winter-millions-americans-expected-lose-homes\/#primaryimage\",\"inLanguage\":\"es\",\"url\":\"https:\/\/ktfnews.com\/wp-content\/uploads\/2020\/12\/mortgage-foreclosure.jpg\",\"contentUrl\":\"https:\/\/ktfnews.com\/wp-content\/uploads\/2020\/12\/mortgage-foreclosure.jpg\",\"width\":1200,\"height\":789},{\"@type\":\"WebPage\",\"@id\":\"https:\/\/ktfnews.com\/dark-winter-millions-americans-expected-lose-homes\/#webpage\",\"url\":\"https:\/\/ktfnews.com\/dark-winter-millions-americans-expected-lose-homes\/\",\"name\":\"[:en]\\u201cDark Winter\\u201d \\u2014 Millions Of Americans Are Expected To Lose Their Homes[:es]\\\"Invierno Oscuro\\\" - Se Espera que Millones de Estadounidenses Pierdan sus Casas[:] - KEEP the FAITH\",\"isPartOf\":{\"@id\":\"https:\/\/ktfnews.com\/#website\"},\"primaryImageOfPage\":{\"@id\":\"https:\/\/ktfnews.com\/dark-winter-millions-americans-expected-lose-homes\/#primaryimage\"},\"datePublished\":\"2020-12-02T12:30:19+00:00\",\"dateModified\":\"2020-12-02T15:50:10+00:00\",\"author\":{\"@id\":\"https:\/\/ktfnews.com\/#\/schema\/person\/ba4174513d9169cf8e229b7d8d60410d\"},\"breadcrumb\":{\"@id\":\"https:\/\/ktfnews.com\/dark-winter-millions-americans-expected-lose-homes\/#breadcrumb\"},\"inLanguage\":\"es\",\"potentialAction\":[{\"@type\":\"ReadAction\",\"target\":[\"https:\/\/ktfnews.com\/dark-winter-millions-americans-expected-lose-homes\/\"]}]},{\"@type\":\"BreadcrumbList\",\"@id\":\"https:\/\/ktfnews.com\/dark-winter-millions-americans-expected-lose-homes\/#breadcrumb\",\"itemListElement\":[{\"@type\":\"ListItem\",\"position\":1,\"name\":\"Home\",\"item\":\"https:\/\/ktfnews.com\/\"},{\"@type\":\"ListItem\",\"position\":2,\"name\":\"Briefings\",\"item\":\"https:\/\/ktfnews.com\/category\/briefings\/\"},{\"@type\":\"ListItem\",\"position\":3,\"name\":\"\\u201cDark Winter\\u201d \\u2014 Millions Of Americans Are Expected To Lose Their Homes\"}]},{\"@type\":\"Person\",\"@id\":\"https:\/\/ktfnews.com\/#\/schema\/person\/ba4174513d9169cf8e229b7d8d60410d\",\"name\":\"Pastor Hal Mayer\",\"image\":{\"@type\":\"ImageObject\",\"@id\":\"https:\/\/ktfnews.com\/#personlogo\",\"inLanguage\":\"es\",\"url\":\"https:\/\/secure.gravatar.com\/avatar\/051bac95ae650254c5a03467b9456599?s=96&d=mm&r=g\",\"contentUrl\":\"https:\/\/secure.gravatar.com\/avatar\/051bac95ae650254c5a03467b9456599?s=96&d=mm&r=g\",\"caption\":\"Pastor Hal Mayer\"},\"description\":\"Pastor Hal Mayer is speaker and director of Keep the Faith Ministry. For the last 20 years Pastor Mayer\\u2019s monthly prophetic analysis on CD and online has revealed the striking evidence of fulfilling prophecy to many thousands of subscribers all over the world. Pastor Mayer\\u2019s background in history and Bible prophecy give him unique insights and perspectives that have blessed many and helped them make a deeper commitment to the Lord. Keep the Faith Ministry helps those who want to keep abreast of fulfilling prophecy and who want to understand and navigate the unique and difficult circumstances of the end-times. Keep the Faith Ministry helps to prepare you for the second coming of Christ. Pastor Mayer is married to Betsy for more than 40 years. They have no children of their own. \\u201cThe times in which we live are thrilling, because the things prophesied in God\\u2019s word are actually coming to pass in this generation,\\u201d says Pastor Mayer. \\u201cIn a time when the distinctive end-time truths of God\\u2019s word are being censored, and life in this world is becoming more and more chaotic, Keep the Faith is a voice of strength and encouragement.\\u201d\",\"url\":\"https:\/\/ktfnews.com\/es\/author\/hal\/\"}]}<\/script>\n<!-- \/ Yoast SEO plugin. -->","yoast_head_json":{"robots":{"index":"index","follow":"follow","max-snippet":"max-snippet:-1","max-image-preview":"max-image-preview:large","max-video-preview":"max-video-preview:-1"},"canonical":"https:\/\/ktfnews.com\/dark-winter-millions-americans-expected-lose-homes\/","og_locale":"es_ES","og_type":"article","og_title":"[:en]\u201cDark Winter\u201d \u2014 Millions Of Americans Are Expected To Lose Their Homes[:es]\"Invierno Oscuro\" - Se Espera que Millones de Estadounidenses Pierdan sus Casas[:] - KEEP the FAITH","og_description":"Activist Post, por Tyler Durden: Un oscuro invierno COVID est\u00e1 descendiendo sobre los trabajadores pobres de Estados Unidos mientras millones de adultos se enfrentan al desalojo o a la ejecuci\u00f3n hipotecaria en los pr\u00f3ximos meses. Bloomberg, citando una encuesta realizada...","og_url":"https:\/\/ktfnews.com\/dark-winter-millions-americans-expected-lose-homes\/","og_site_name":"KEEP the FAITH","article_publisher":"https:\/\/www.facebook.com\/ktfministry","article_published_time":"2020-12-02T12:30:19+00:00","article_modified_time":"2020-12-02T15:50:10+00:00","og_image":[{"width":1200,"height":789,"url":"https:\/\/ktfnews.com\/wp-content\/uploads\/2020\/12\/mortgage-foreclosure.jpg","type":"image\/jpeg"}],"twitter_card":"summary_large_image","twitter_creator":"@ktfministry","twitter_site":"@ktfministry","twitter_misc":{"Escrito por":"Pastor Hal Mayer","Tiempo de lectura":"4 minutos"},"schema":{"@context":"https:\/\/schema.org","@graph":[{"@type":"WebSite","@id":"https:\/\/ktfnews.com\/#website","url":"https:\/\/ktfnews.com\/","name":"KEEP the FAITH","description":"Preparing you for the final conflict between good and evil.","potentialAction":[{"@type":"SearchAction","target":{"@type":"EntryPoint","urlTemplate":"https:\/\/ktfnews.com\/?s={search_term_string}"},"query-input":"required name=search_term_string"}],"inLanguage":"es"},{"@type":"ImageObject","@id":"https:\/\/ktfnews.com\/dark-winter-millions-americans-expected-lose-homes\/#primaryimage","inLanguage":"es","url":"https:\/\/ktfnews.com\/wp-content\/uploads\/2020\/12\/mortgage-foreclosure.jpg","contentUrl":"https:\/\/ktfnews.com\/wp-content\/uploads\/2020\/12\/mortgage-foreclosure.jpg","width":1200,"height":789},{"@type":"WebPage","@id":"https:\/\/ktfnews.com\/dark-winter-millions-americans-expected-lose-homes\/#webpage","url":"https:\/\/ktfnews.com\/dark-winter-millions-americans-expected-lose-homes\/","name":"[:en]\u201cDark Winter\u201d \u2014 Millions Of Americans Are Expected To Lose Their Homes[:es]\"Invierno Oscuro\" - Se Espera que Millones de Estadounidenses Pierdan sus Casas[:] - KEEP the FAITH","isPartOf":{"@id":"https:\/\/ktfnews.com\/#website"},"primaryImageOfPage":{"@id":"https:\/\/ktfnews.com\/dark-winter-millions-americans-expected-lose-homes\/#primaryimage"},"datePublished":"2020-12-02T12:30:19+00:00","dateModified":"2020-12-02T15:50:10+00:00","author":{"@id":"https:\/\/ktfnews.com\/#\/schema\/person\/ba4174513d9169cf8e229b7d8d60410d"},"breadcrumb":{"@id":"https:\/\/ktfnews.com\/dark-winter-millions-americans-expected-lose-homes\/#breadcrumb"},"inLanguage":"es","potentialAction":[{"@type":"ReadAction","target":["https:\/\/ktfnews.com\/dark-winter-millions-americans-expected-lose-homes\/"]}]},{"@type":"BreadcrumbList","@id":"https:\/\/ktfnews.com\/dark-winter-millions-americans-expected-lose-homes\/#breadcrumb","itemListElement":[{"@type":"ListItem","position":1,"name":"Home","item":"https:\/\/ktfnews.com\/"},{"@type":"ListItem","position":2,"name":"Briefings","item":"https:\/\/ktfnews.com\/category\/briefings\/"},{"@type":"ListItem","position":3,"name":"\u201cDark Winter\u201d \u2014 Millions Of Americans Are Expected To Lose Their Homes"}]},{"@type":"Person","@id":"https:\/\/ktfnews.com\/#\/schema\/person\/ba4174513d9169cf8e229b7d8d60410d","name":"Pastor Hal Mayer","image":{"@type":"ImageObject","@id":"https:\/\/ktfnews.com\/#personlogo","inLanguage":"es","url":"https:\/\/secure.gravatar.com\/avatar\/051bac95ae650254c5a03467b9456599?s=96&d=mm&r=g","contentUrl":"https:\/\/secure.gravatar.com\/avatar\/051bac95ae650254c5a03467b9456599?s=96&d=mm&r=g","caption":"Pastor Hal Mayer"},"description":"Pastor Hal Mayer is speaker and director of Keep the Faith Ministry. For the last 20 years Pastor Mayer\u2019s monthly prophetic analysis on CD and online has revealed the striking evidence of fulfilling prophecy to many thousands of subscribers all over the world. Pastor Mayer\u2019s background in history and Bible prophecy give him unique insights and perspectives that have blessed many and helped them make a deeper commitment to the Lord. Keep the Faith Ministry helps those who want to keep abreast of fulfilling prophecy and who want to understand and navigate the unique and difficult circumstances of the end-times. Keep the Faith Ministry helps to prepare you for the second coming of Christ. Pastor Mayer is married to Betsy for more than 40 years. They have no children of their own. \u201cThe times in which we live are thrilling, because the things prophesied in God\u2019s word are actually coming to pass in this generation,\u201d says Pastor Mayer. \u201cIn a time when the distinctive end-time truths of God\u2019s word are being censored, and life in this world is becoming more and more chaotic, Keep the Faith is a voice of strength and encouragement.\u201d","url":"https:\/\/ktfnews.com\/es\/author\/hal\/"}]}},"_links":{"self":[{"href":"https:\/\/ktfnews.com\/es\/wp-json\/wp\/v2\/posts\/20912"}],"collection":[{"href":"https:\/\/ktfnews.com\/es\/wp-json\/wp\/v2\/posts"}],"about":[{"href":"https:\/\/ktfnews.com\/es\/wp-json\/wp\/v2\/types\/post"}],"author":[{"embeddable":true,"href":"https:\/\/ktfnews.com\/es\/wp-json\/wp\/v2\/users\/6"}],"replies":[{"embeddable":true,"href":"https:\/\/ktfnews.com\/es\/wp-json\/wp\/v2\/comments?post=20912"}],"version-history":[{"count":2,"href":"https:\/\/ktfnews.com\/es\/wp-json\/wp\/v2\/posts\/20912\/revisions"}],"predecessor-version":[{"id":20937,"href":"https:\/\/ktfnews.com\/es\/wp-json\/wp\/v2\/posts\/20912\/revisions\/20937"}],"wp:featuredmedia":[{"embeddable":true,"href":"https:\/\/ktfnews.com\/es\/wp-json\/wp\/v2\/media\/20914"}],"wp:attachment":[{"href":"https:\/\/ktfnews.com\/es\/wp-json\/wp\/v2\/media?parent=20912"}],"wp:term":[{"taxonomy":"category","embeddable":true,"href":"https:\/\/ktfnews.com\/es\/wp-json\/wp\/v2\/categories?post=20912"},{"taxonomy":"post_tag","embeddable":true,"href":"https:\/\/ktfnews.com\/es\/wp-json\/wp\/v2\/tags?post=20912"}],"curies":[{"name":"wp","href":"https:\/\/api.w.org\/{rel}","templated":true}]}}