{"id":20905,"date":"2020-12-01T07:30:50","date_gmt":"2020-12-01T12:30:50","guid":{"rendered":"https:\/\/ktfnews.com\/?p=20905"},"modified":"2020-12-10T06:47:44","modified_gmt":"2020-12-10T11:47:44","slug":"address-justice-samuel-alito","status":"publish","type":"post","link":"https:\/\/ktfnews.com\/es\/address-justice-samuel-alito\/","title":{"rendered":"Discurso del Juez Samuel Alito"},"content":{"rendered":"<p>No hay ning\u00fan art\u00edculo escrito, s\u00f3lo un v\u00eddeo de YouTube.  Por favor, vaya a You Tube y<br \/>\nv\u00e9alo.<\/p>\n<div class=\"lyte-wrapper\" title=\"Address by Justice Samuel Alito [2020 NLC Live]\" style=\"width:560px;max-width:100%;margin:5px;\"><div class=\"lyMe\" id=\"WYL_tYLZL4GZVbA\" itemprop=\"video\" itemscope itemtype=\"https:\/\/schema.org\/VideoObject\"><div><meta itemprop=\"thumbnailUrl\" content=\"https:\/\/i.ytimg.com\/vi\/tYLZL4GZVbA\/hqdefault.jpg\" \/><meta itemprop=\"embedURL\" content=\"https:\/\/www.youtube.com\/embed\/tYLZL4GZVbA\" \/><meta itemprop=\"duration\" content=\"PT49M16S\" \/><meta itemprop=\"uploadDate\" content=\"2020-11-13T01:41:09Z\" \/><\/div><div id=\"lyte_tYLZL4GZVbA\" data-src=\"https:\/\/i.ytimg.com\/vi\/tYLZL4GZVbA\/hqdefault.jpg\" class=\"pL\"><div class=\"tC\"><div class=\"tT\" itemprop=\"name\">Address by Justice Samuel Alito [2020 NLC Live]<\/div><\/div><div class=\"play\"><\/div><div class=\"ctrl\"><div class=\"Lctrl\"><\/div><div class=\"Rctrl\"><\/div><\/div><\/div><noscript><a href=\"https:\/\/youtu.be\/tYLZL4GZVbA\"><img src=\"https:\/\/i.ytimg.com\/vi\/tYLZL4GZVbA\/0.jpg\" alt=\"Address by Justice Samuel Alito [2020 NLC Live]\" width=\"560\" height=\"295\" \/><br \/>Watch this video on YouTube<\/a><\/noscript><meta itemprop=\"description\" content=\"Featuring: - Hon. Samuel A. Alito, Jr., Associate Justice, United States Supreme Court * * * * * As always, the Federalist Society takes no position on particular legal or public policy issues; all expressions of opinion are those of the speaker.\"><\/div><\/div><div class=\"lL\" style=\"max-width:100%;width:560px;margin:5px;\"><\/div><\/p>\n<p>Nuestro comentario:<br \/>\nLa libertad religiosa est\u00e1 bajo presi\u00f3n y ahora es desaprobada en algunos lugares. <\/p>\n<p>Conexi\u00f3n Prof\u00e9tica:<br \/>\n\u201cEntre los primeros expatriados cristianos que huyeron a Am\u00e9rica en busca de asilo contra la opresi\u00f3n real y la intolerancia sacerdotal, hubo muchos que resolvieron establecer un gobierno sobre el amplio fundamento de la libertad civil y religiosa. Sus convicciones hallaron cabida en la declaraci\u00f3n de la independencia que hace resaltar la gran verdad de que \u00abtodos los hombres son creados iguales,\u00bb y poseen derechos inalienables a la \u00abvida, a la libertad y a la b\u00fasqueda de la felicidad.\u00bb Y la Constituci\u00f3n garantiza al pueblo el derecho de gobernarse a s\u00ed mismo, y establece que los representantes elegidos por el voto popular promulguen las leyes y las hagan cumplir. Adem\u00e1s, fue otorgada la libertad religiosa, y a cada cual se le permiti\u00f3 adorar a Dios seg\u00fan los dictados de su conciencia. El republicanismo y el protestantismo vinieron a ser los principios fundamentales de la naci\u00f3n. Estos principios son el secreto de su poder y de su prosperidad. Los oprimidos y pisoteados de toda la cristiandad se han dirigido a este pa\u00eds con af\u00e1n y esperanza. Millones han fondeado en sus playas, y los Estados Unidos han llegado a ocupar un puesto entre las naciones m\u00e1s poderosas de la tierra.\u201d <i>El Conflicto de los Siglos<\/i>, p\u00e1g. 494.<\/p>\n<hr>\n<h3>Source References<\/h3>\n<ul>\n<li>\n<h5><a href=\"https:\/\/www.youtube.com\/watch?v=tYLZL4GZVbA&#038;ab_channel=TheFederalistSociety\" target=\"_blank\">Address by Justice Samuel Alito<\/a><\/h5>\n<\/li>\n<\/ul>\n<p><\/p>\n<!-- AddThis Advanced Settings generic via filter on the_content -->","protected":false},"excerpt":{"rendered":"<p>No hay ning\u00fan art\u00edculo escrito, s\u00f3lo un v\u00eddeo de YouTube. Por favor, vaya a You Tube y v\u00e9alo. Address by Justice Samuel Alito [2020 NLC Live]Watch this video on YouTube Nuestro comentario: La libertad religiosa est\u00e1 bajo presi\u00f3n y ahora&#8230;<!-- AddThis Advanced Settings generic via filter on wp_trim_excerpt --><\/p>\n","protected":false},"author":6,"featured_media":20906,"comment_status":"open","ping_status":"open","sticky":false,"template":"","format":"standard","meta":{"episode_type":"","audio_file":"","duration":"","filesize":"","date_recorded":"","explicit":"","block":"","filesize_raw":"","_FSMCFIC_featured_image_caption":"Image: YouTube screenshot","_FSMCFIC_featured_image_nocaption":null,"_FSMCFIC_featured_image_hide":null,"_links_to":"","_links_to_target":""},"categories":[722,32],"tags":[888,528,660,420],"featured_image_urls":{"thumbnail":"https:\/\/ktfnews.com\/wp-content\/uploads\/2020\/11\/Justice-Alito-YouTube-150x150.png","medium":"https:\/\/ktfnews.com\/wp-content\/uploads\/2020\/11\/Justice-Alito-YouTube-300x162.png","medium_large":"https:\/\/ktfnews.com\/wp-content\/uploads\/2020\/11\/Justice-Alito-YouTube-768x415.png","large":"https:\/\/ktfnews.com\/wp-content\/uploads\/2020\/11\/Justice-Alito-YouTube-1024x553.png","team-small":"https:\/\/ktfnews.com\/wp-content\/uploads\/2020\/11\/Justice-Alito-YouTube-138x162.png","team-overview":"https:\/\/ktfnews.com\/wp-content\/uploads\/2020\/11\/Justice-Alito-YouTube-200x279.png","team-big":"https:\/\/ktfnews.com\/wp-content\/uploads\/2020\/11\/Justice-Alito-YouTube-540x270.png","two-columns":"https:\/\/ktfnews.com\/wp-content\/uploads\/2020\/11\/Justice-Alito-YouTube-379x242.png","one-column":"https:\/\/ktfnews.com\/wp-content\/uploads\/2020\/11\/Justice-Alito-YouTube-379x242.png","mini-square":"https:\/\/ktfnews.com\/wp-content\/uploads\/2020\/11\/Justice-Alito-YouTube-70x70.png","portfolio-widget-mainpage":"https:\/\/ktfnews.com\/wp-content\/uploads\/2020\/11\/Justice-Alito-YouTube-335x195.png","portfolio-single-ajax":"https:\/\/ktfnews.com\/wp-content\/uploads\/2020\/11\/Justice-Alito-YouTube-670x280.png","portfolio-single-big":"https:\/\/ktfnews.com\/wp-content\/uploads\/2020\/11\/Justice-Alito-YouTube-685x480.png","portfolio-single-small":"https:\/\/ktfnews.com\/wp-content\/uploads\/2020\/11\/Justice-Alito-YouTube-685x280.png","portfolio-single-full-big":"https:\/\/ktfnews.com\/wp-content\/uploads\/2020\/11\/Justice-Alito-YouTube-960x590.png","portfolio-single-full-small":"https:\/\/ktfnews.com\/wp-content\/uploads\/2020\/11\/Justice-Alito-YouTube-960x250.png","gallery-post":"https:\/\/ktfnews.com\/wp-content\/uploads\/2020\/11\/Justice-Alito-YouTube-182x126.png","gallery-post-smaller":"https:\/\/ktfnews.com\/wp-content\/uploads\/2020\/11\/Justice-Alito-YouTube-158x100.png","gallery-standard":"https:\/\/ktfnews.com\/wp-content\/uploads\/2020\/11\/Justice-Alito-YouTube-257x169.png","tooltip-preview":"https:\/\/ktfnews.com\/wp-content\/uploads\/2020\/11\/Justice-Alito-YouTube-227x133.png","widget-content-slider":"https:\/\/ktfnews.com\/wp-content\/uploads\/2020\/11\/Justice-Alito-YouTube-230x137.png","post-top-articles":"https:\/\/ktfnews.com\/wp-content\/uploads\/2020\/11\/Justice-Alito-YouTube-130x100.png","post-single-wide":"https:\/\/ktfnews.com\/wp-content\/uploads\/2020\/11\/Justice-Alito-YouTube-595x360.png","post-single-wide-nocrop":"https:\/\/ktfnews.com\/wp-content\/uploads\/2020\/11\/Justice-Alito-YouTube-595x321.png","post-single-wide-mobile":"https:\/\/ktfnews.com\/wp-content\/uploads\/2020\/11\/Justice-Alito-YouTube-320x190.png","post-single-wide-small":"https:\/\/ktfnews.com\/wp-content\/uploads\/2020\/11\/Justice-Alito-YouTube-595x190.png","post-single-square":"https:\/\/ktfnews.com\/wp-content\/uploads\/2020\/11\/Justice-Alito-YouTube-120x120.png","post-single-full-small":"https:\/\/ktfnews.com\/wp-content\/uploads\/2020\/11\/Justice-Alito-YouTube-950x360.png","post-single-full-big":"https:\/\/ktfnews.com\/wp-content\/uploads\/2020\/11\/Justice-Alito-YouTube-950x590.png","photo-blog":"https:\/\/ktfnews.com\/wp-content\/uploads\/2020\/11\/Justice-Alito-YouTube-768x415.png"},"appp_media":null,"yoast_head":"<!-- This site is optimized with the Yoast SEO plugin v17.3 - https:\/\/yoast.com\/wordpress\/plugins\/seo\/ -->\n<meta name=\"robots\" content=\"index, follow, max-snippet:-1, max-image-preview:large, max-video-preview:-1\" \/>\n<link rel=\"canonical\" href=\"https:\/\/ktfnews.com\/address-justice-samuel-alito\/\" \/>\n<meta property=\"og:locale\" content=\"es_ES\" \/>\n<meta property=\"og:type\" content=\"article\" \/>\n<meta property=\"og:title\" content=\"[:en]Address by Justice Samuel Alito[:es]Discurso del Juez Samuel Alito[:] - KEEP the FAITH\" \/>\n<meta property=\"og:description\" content=\"No hay ning\u00fan art\u00edculo escrito, s\u00f3lo un v\u00eddeo de YouTube. Por favor, vaya a You Tube y v\u00e9alo. Address by Justice Samuel Alito [2020 NLC Live]Watch this video on YouTube Nuestro comentario: La libertad religiosa est\u00e1 bajo presi\u00f3n y ahora...\" \/>\n<meta property=\"og:url\" content=\"https:\/\/ktfnews.com\/address-justice-samuel-alito\/\" \/>\n<meta property=\"og:site_name\" content=\"KEEP the FAITH\" \/>\n<meta property=\"article:publisher\" content=\"https:\/\/www.facebook.com\/ktfministry\" \/>\n<meta property=\"article:published_time\" content=\"2020-12-01T12:30:50+00:00\" \/>\n<meta property=\"article:modified_time\" content=\"2020-12-10T11:47:44+00:00\" \/>\n<meta property=\"og:image\" content=\"https:\/\/ktfnews.com\/wp-content\/uploads\/2020\/11\/Justice-Alito-YouTube-1024x553.png\" \/>\n\t<meta property=\"og:image:width\" content=\"1024\" \/>\n\t<meta property=\"og:image:height\" content=\"553\" \/>\n<meta name=\"twitter:card\" content=\"summary_large_image\" \/>\n<meta name=\"twitter:creator\" content=\"@ktfministry\" \/>\n<meta name=\"twitter:site\" content=\"@ktfministry\" \/>\n<meta name=\"twitter:label1\" content=\"Escrito por\" \/>\n\t<meta name=\"twitter:data1\" content=\"Pastor Hal Mayer\" \/>\n\t<meta name=\"twitter:label2\" content=\"Tiempo de lectura\" \/>\n\t<meta name=\"twitter:data2\" content=\"3 minutos\" \/>\n<script type=\"application\/ld+json\" class=\"yoast-schema-graph\">{\"@context\":\"https:\/\/schema.org\",\"@graph\":[{\"@type\":\"WebSite\",\"@id\":\"https:\/\/ktfnews.com\/#website\",\"url\":\"https:\/\/ktfnews.com\/\",\"name\":\"KEEP the FAITH\",\"description\":\"Preparing you for the final conflict between good and evil.\",\"potentialAction\":[{\"@type\":\"SearchAction\",\"target\":{\"@type\":\"EntryPoint\",\"urlTemplate\":\"https:\/\/ktfnews.com\/?s={search_term_string}\"},\"query-input\":\"required name=search_term_string\"}],\"inLanguage\":\"es\"},{\"@type\":\"ImageObject\",\"@id\":\"https:\/\/ktfnews.com\/address-justice-samuel-alito\/#primaryimage\",\"inLanguage\":\"es\",\"url\":\"https:\/\/ktfnews.com\/wp-content\/uploads\/2020\/11\/Justice-Alito-YouTube.png\",\"contentUrl\":\"https:\/\/ktfnews.com\/wp-content\/uploads\/2020\/11\/Justice-Alito-YouTube.png\",\"width\":2874,\"height\":1552},{\"@type\":\"WebPage\",\"@id\":\"https:\/\/ktfnews.com\/address-justice-samuel-alito\/#webpage\",\"url\":\"https:\/\/ktfnews.com\/address-justice-samuel-alito\/\",\"name\":\"[:en]Address by Justice Samuel Alito[:es]Discurso del Juez Samuel Alito[:] - KEEP the FAITH\",\"isPartOf\":{\"@id\":\"https:\/\/ktfnews.com\/#website\"},\"primaryImageOfPage\":{\"@id\":\"https:\/\/ktfnews.com\/address-justice-samuel-alito\/#primaryimage\"},\"datePublished\":\"2020-12-01T12:30:50+00:00\",\"dateModified\":\"2020-12-10T11:47:44+00:00\",\"author\":{\"@id\":\"https:\/\/ktfnews.com\/#\/schema\/person\/ba4174513d9169cf8e229b7d8d60410d\"},\"breadcrumb\":{\"@id\":\"https:\/\/ktfnews.com\/address-justice-samuel-alito\/#breadcrumb\"},\"inLanguage\":\"es\",\"potentialAction\":[{\"@type\":\"ReadAction\",\"target\":[\"https:\/\/ktfnews.com\/address-justice-samuel-alito\/\"]}]},{\"@type\":\"BreadcrumbList\",\"@id\":\"https:\/\/ktfnews.com\/address-justice-samuel-alito\/#breadcrumb\",\"itemListElement\":[{\"@type\":\"ListItem\",\"position\":1,\"name\":\"Home\",\"item\":\"https:\/\/ktfnews.com\/\"},{\"@type\":\"ListItem\",\"position\":2,\"name\":\"Briefings\",\"item\":\"https:\/\/ktfnews.com\/category\/briefings\/\"},{\"@type\":\"ListItem\",\"position\":3,\"name\":\"Address by Justice Samuel Alito\"}]},{\"@type\":\"Person\",\"@id\":\"https:\/\/ktfnews.com\/#\/schema\/person\/ba4174513d9169cf8e229b7d8d60410d\",\"name\":\"Pastor Hal Mayer\",\"image\":{\"@type\":\"ImageObject\",\"@id\":\"https:\/\/ktfnews.com\/#personlogo\",\"inLanguage\":\"es\",\"url\":\"https:\/\/secure.gravatar.com\/avatar\/051bac95ae650254c5a03467b9456599?s=96&d=mm&r=g\",\"contentUrl\":\"https:\/\/secure.gravatar.com\/avatar\/051bac95ae650254c5a03467b9456599?s=96&d=mm&r=g\",\"caption\":\"Pastor Hal Mayer\"},\"description\":\"Pastor Hal Mayer is speaker and director of Keep the Faith Ministry. For the last 20 years Pastor Mayer\\u2019s monthly prophetic analysis on CD and online has revealed the striking evidence of fulfilling prophecy to many thousands of subscribers all over the world. Pastor Mayer\\u2019s background in history and Bible prophecy give him unique insights and perspectives that have blessed many and helped them make a deeper commitment to the Lord. Keep the Faith Ministry helps those who want to keep abreast of fulfilling prophecy and who want to understand and navigate the unique and difficult circumstances of the end-times. Keep the Faith Ministry helps to prepare you for the second coming of Christ. Pastor Mayer is married to Betsy for more than 40 years. They have no children of their own. \\u201cThe times in which we live are thrilling, because the things prophesied in God\\u2019s word are actually coming to pass in this generation,\\u201d says Pastor Mayer. \\u201cIn a time when the distinctive end-time truths of God\\u2019s word are being censored, and life in this world is becoming more and more chaotic, Keep the Faith is a voice of strength and encouragement.\\u201d\",\"url\":\"https:\/\/ktfnews.com\/es\/author\/hal\/\"}]}<\/script>\n<!-- \/ Yoast SEO plugin. -->","yoast_head_json":{"robots":{"index":"index","follow":"follow","max-snippet":"max-snippet:-1","max-image-preview":"max-image-preview:large","max-video-preview":"max-video-preview:-1"},"canonical":"https:\/\/ktfnews.com\/address-justice-samuel-alito\/","og_locale":"es_ES","og_type":"article","og_title":"[:en]Address by Justice Samuel Alito[:es]Discurso del Juez Samuel Alito[:] - KEEP the FAITH","og_description":"No hay ning\u00fan art\u00edculo escrito, s\u00f3lo un v\u00eddeo de YouTube. Por favor, vaya a You Tube y v\u00e9alo. Address by Justice Samuel Alito [2020 NLC Live]Watch this video on YouTube Nuestro comentario: La libertad religiosa est\u00e1 bajo presi\u00f3n y ahora...","og_url":"https:\/\/ktfnews.com\/address-justice-samuel-alito\/","og_site_name":"KEEP the FAITH","article_publisher":"https:\/\/www.facebook.com\/ktfministry","article_published_time":"2020-12-01T12:30:50+00:00","article_modified_time":"2020-12-10T11:47:44+00:00","og_image":[{"width":1024,"height":553,"url":"https:\/\/ktfnews.com\/wp-content\/uploads\/2020\/11\/Justice-Alito-YouTube-1024x553.png","type":"image\/png"}],"twitter_card":"summary_large_image","twitter_creator":"@ktfministry","twitter_site":"@ktfministry","twitter_misc":{"Escrito por":"Pastor Hal Mayer","Tiempo de lectura":"3 minutos"},"schema":{"@context":"https:\/\/schema.org","@graph":[{"@type":"WebSite","@id":"https:\/\/ktfnews.com\/#website","url":"https:\/\/ktfnews.com\/","name":"KEEP the FAITH","description":"Preparing you for the final conflict between good and evil.","potentialAction":[{"@type":"SearchAction","target":{"@type":"EntryPoint","urlTemplate":"https:\/\/ktfnews.com\/?s={search_term_string}"},"query-input":"required name=search_term_string"}],"inLanguage":"es"},{"@type":"ImageObject","@id":"https:\/\/ktfnews.com\/address-justice-samuel-alito\/#primaryimage","inLanguage":"es","url":"https:\/\/ktfnews.com\/wp-content\/uploads\/2020\/11\/Justice-Alito-YouTube.png","contentUrl":"https:\/\/ktfnews.com\/wp-content\/uploads\/2020\/11\/Justice-Alito-YouTube.png","width":2874,"height":1552},{"@type":"WebPage","@id":"https:\/\/ktfnews.com\/address-justice-samuel-alito\/#webpage","url":"https:\/\/ktfnews.com\/address-justice-samuel-alito\/","name":"[:en]Address by Justice Samuel Alito[:es]Discurso del Juez Samuel Alito[:] - KEEP the FAITH","isPartOf":{"@id":"https:\/\/ktfnews.com\/#website"},"primaryImageOfPage":{"@id":"https:\/\/ktfnews.com\/address-justice-samuel-alito\/#primaryimage"},"datePublished":"2020-12-01T12:30:50+00:00","dateModified":"2020-12-10T11:47:44+00:00","author":{"@id":"https:\/\/ktfnews.com\/#\/schema\/person\/ba4174513d9169cf8e229b7d8d60410d"},"breadcrumb":{"@id":"https:\/\/ktfnews.com\/address-justice-samuel-alito\/#breadcrumb"},"inLanguage":"es","potentialAction":[{"@type":"ReadAction","target":["https:\/\/ktfnews.com\/address-justice-samuel-alito\/"]}]},{"@type":"BreadcrumbList","@id":"https:\/\/ktfnews.com\/address-justice-samuel-alito\/#breadcrumb","itemListElement":[{"@type":"ListItem","position":1,"name":"Home","item":"https:\/\/ktfnews.com\/"},{"@type":"ListItem","position":2,"name":"Briefings","item":"https:\/\/ktfnews.com\/category\/briefings\/"},{"@type":"ListItem","position":3,"name":"Address by Justice Samuel Alito"}]},{"@type":"Person","@id":"https:\/\/ktfnews.com\/#\/schema\/person\/ba4174513d9169cf8e229b7d8d60410d","name":"Pastor Hal Mayer","image":{"@type":"ImageObject","@id":"https:\/\/ktfnews.com\/#personlogo","inLanguage":"es","url":"https:\/\/secure.gravatar.com\/avatar\/051bac95ae650254c5a03467b9456599?s=96&d=mm&r=g","contentUrl":"https:\/\/secure.gravatar.com\/avatar\/051bac95ae650254c5a03467b9456599?s=96&d=mm&r=g","caption":"Pastor Hal Mayer"},"description":"Pastor Hal Mayer is speaker and director of Keep the Faith Ministry. For the last 20 years Pastor Mayer\u2019s monthly prophetic analysis on CD and online has revealed the striking evidence of fulfilling prophecy to many thousands of subscribers all over the world. Pastor Mayer\u2019s background in history and Bible prophecy give him unique insights and perspectives that have blessed many and helped them make a deeper commitment to the Lord. Keep the Faith Ministry helps those who want to keep abreast of fulfilling prophecy and who want to understand and navigate the unique and difficult circumstances of the end-times. Keep the Faith Ministry helps to prepare you for the second coming of Christ. Pastor Mayer is married to Betsy for more than 40 years. They have no children of their own. \u201cThe times in which we live are thrilling, because the things prophesied in God\u2019s word are actually coming to pass in this generation,\u201d says Pastor Mayer. \u201cIn a time when the distinctive end-time truths of God\u2019s word are being censored, and life in this world is becoming more and more chaotic, Keep the Faith is a voice of strength and encouragement.\u201d","url":"https:\/\/ktfnews.com\/es\/author\/hal\/"}]}},"_links":{"self":[{"href":"https:\/\/ktfnews.com\/es\/wp-json\/wp\/v2\/posts\/20905"}],"collection":[{"href":"https:\/\/ktfnews.com\/es\/wp-json\/wp\/v2\/posts"}],"about":[{"href":"https:\/\/ktfnews.com\/es\/wp-json\/wp\/v2\/types\/post"}],"author":[{"embeddable":true,"href":"https:\/\/ktfnews.com\/es\/wp-json\/wp\/v2\/users\/6"}],"replies":[{"embeddable":true,"href":"https:\/\/ktfnews.com\/es\/wp-json\/wp\/v2\/comments?post=20905"}],"version-history":[{"count":3,"href":"https:\/\/ktfnews.com\/es\/wp-json\/wp\/v2\/posts\/20905\/revisions"}],"predecessor-version":[{"id":20936,"href":"https:\/\/ktfnews.com\/es\/wp-json\/wp\/v2\/posts\/20905\/revisions\/20936"}],"wp:featuredmedia":[{"embeddable":true,"href":"https:\/\/ktfnews.com\/es\/wp-json\/wp\/v2\/media\/20906"}],"wp:attachment":[{"href":"https:\/\/ktfnews.com\/es\/wp-json\/wp\/v2\/media?parent=20905"}],"wp:term":[{"taxonomy":"category","embeddable":true,"href":"https:\/\/ktfnews.com\/es\/wp-json\/wp\/v2\/categories?post=20905"},{"taxonomy":"post_tag","embeddable":true,"href":"https:\/\/ktfnews.com\/es\/wp-json\/wp\/v2\/tags?post=20905"}],"curies":[{"name":"wp","href":"https:\/\/api.w.org\/{rel}","templated":true}]}}