{"id":20880,"date":"2020-11-26T07:30:07","date_gmt":"2020-11-26T12:30:07","guid":{"rendered":"https:\/\/ktfnews.com\/?p=20880"},"modified":"2020-12-02T10:43:22","modified_gmt":"2020-12-02T15:43:22","slug":"dc-mayor-punished-demonstrators-wrote-black-preborn-lives-matter-speech-pro-life-attorney-says","status":"publish","type":"post","link":"https:\/\/ktfnews.com\/es\/dc-mayor-punished-demonstrators-wrote-black-preborn-lives-matter-speech-pro-life-attorney-says\/","title":{"rendered":"Alcalde de DC &#8216;Castig\u00f3&#8217; a los Manifestantes que Escribieron &#8216;Black Preborn Lives Matter&#8217; Porque su Discurso fue Ppro-vida, Dice el Abogado."},"content":{"rendered":"<p><i>Daily Caller<\/i>, por Mary Margaret Olohan: La alcaldesa de D.C. Muriel Bowser castig\u00f3 a los manifestantes por escribir \u00abBlack Preborn Lives Matter\u00bb (Vidas Negras Importan Antes de Nacer) porque su discurso era pro-vida, dijo la abogada principal de la Alianza Defendiendo la Libertad, Denise Harle, a la Daily Caller News Foundation el viernes.<\/p>\n<p>\u00abEl derecho a la libertad de expresi\u00f3n es para todos, no s\u00f3lo para aquellos con los que el gobierno est\u00e1 de acuerdo y no s\u00f3lo para los que est\u00e1n en el poder\u00bb, dijo Harle a la DCNF. \u00abEl gobierno de D.C., el alcalde y la ciudad, esencialmente castigaron a Estudiantes por la Vida y a la Fundaci\u00f3n Frederick Douglas por su libertad de expresi\u00f3n porque era pro-vida\u00bb.<\/p>\n<p>La Alianza para la Defensa de la Libertad (ADF) representa a la Fundaci\u00f3n Frederick Douglas y a Students for Life en una demanda contra Bowser y el Distrito de Columbia tras el arresto de dos miembros de Students for Life en agosto.<\/p>\n<p>El Departamento de Polic\u00eda Metropolitana (MPD) arrest\u00f3 a Warner DePriest, de 29 a\u00f1os, y a Erica Caporaletti, de 22 a\u00f1os, por tachar sentimientos pro-vida, incluido el eslogan \u00abBlack Preborn Lives Matter\u00bb, en la carretera frente a una cl\u00ednica de abortos de Planned Parenthood.<\/p>\n<p>Los arrestos se produjeron despu\u00e9s de que Bowser encargara el eslogan \u00abLas vidas negras importan\u00bb para pintarlo en las calles de DC a principios de este verano. El mural inclu\u00eda el s\u00edmbolo de la bandera de D.C. &#8211; dos barras horizontales coronadas por tres estrellas &#8211; despu\u00e9s de lo cual los activistas pintaron \u00abDeshacerse de la polic\u00eda\u00bb, haciendo aparecer la frase \u00abBlack Lives Matter = Deshacerse de la polic\u00eda\u00bb.<\/p>\n<p>El gobierno de Bowser quit\u00f3 la bandera de D.C., pero permiti\u00f3 que permaneciera \u00abDeshacerse de la polic\u00eda\u00bb, inform\u00f3 The Washington Post.<\/p>\n<p>La oficina de Bowser se ha negado a comentar la demanda al DCNF.<\/p>\n<p>Harle se\u00f1al\u00f3 al DCNF que Bowser estaba \u00abbastante bien\u00bb con el eslogan Black Lives Matter pintado en las calles de D.C., se\u00f1alando el contraste entre los dos incidentes y enfatizando que \u00abel gobierno tiene que responder por la discriminaci\u00f3n de puntos de vista\u00bb.<\/p>\n<p>\u00abFue un ejemplo realmente obvio de que D.C. estaba discriminando el discurso pro-vida al permitir que se escucharan otras voces con otros mensajes, pero silenciando y castigando a los Estudiantes por la Vida\u00bb, dijo Harle.<\/p>\n<p>Estudiantes por la Vida y la Fundaci\u00f3n Frederick Douglas buscan una afirmaci\u00f3n de que la Primera Enmienda protege la libertad de expresi\u00f3n de todos a trav\u00e9s de la nueva demanda, dijo Harle al DCNF.<\/p>\n<p>\u00abLa tolerancia y el respeto por las diferencias de buena fe son esenciales cuando vivimos en una sociedad pluralista con mucha gente con diferentes puntos de vista\u00bb, continu\u00f3. \u00abTenemos que tener esa libertad, y la libertad para un grupo tiene que significar libertad para otros grupos tambi\u00e9n\u00bb.<\/p>\n<p>Harle concluy\u00f3: \u00abCreo que si la gente deja de lado el tema del aborto y entiende cu\u00e1l es el resultado final, es s\u00f3lo una cuesti\u00f3n de libertad de expresi\u00f3n y si los estadounidenses pueden ejercer su derecho a hablar o si tienen que temer que a alguien en el poder no le guste lo que tienen que decir, y entonces van a terminar en la c\u00e1rcel\u00bb.<\/p>\n<p>Conexi\u00f3n Prof\u00e9tica:<br \/>\n\u201cCuando el protestantismo extienda la mano a trav\u00e9s del abismo para asir la mano del poder romano, cuando se incline por encima del abismo para darse la mano con el espiritismo, cuando, bajo la influencia de esta triple uni\u00f3n, nuestro pa\u00eds repudie todo principio de su constituci\u00f3n como gobierno protestante y republicano, y haga provisi\u00f3n para la propagaci\u00f3n de las mentiras y seducciones papales, entonces sabremos que ha llegado el tiempo en que se ver\u00e1 la asombrosa obra de Satan\u00e1s, y que el fin est\u00e1 cerca.\u201d <i>Testimonios para la Iglesia<\/i>, vol. 5. P\u00e1g. 426.<\/p>\n<hr>\n<h3>Source References<\/h3>\n<ul>\n<li>\n<h5><a href=\"https:\/\/dailycaller.com\/2020\/11\/20\/dc-muriel-bowser-pro-life-lawsuit-black-lives-matter\/\" target=\"_blank\">DC Mayor \u2018Punished\u2019 Demonstrators Who Wrote \u2018Black Preborn Lives Matter\u2019 Because Their Speech Was Pro-Life, Attorney Says<\/a><\/h5>\n<\/li>\n<\/ul>\n<p><\/p>\n<!-- AddThis Advanced Settings generic via filter on the_content -->","protected":false},"excerpt":{"rendered":"<p>Daily Caller, por Mary Margaret Olohan: La alcaldesa de D.C. Muriel Bowser castig\u00f3 a los manifestantes por escribir \u00abBlack Preborn Lives Matter\u00bb (Vidas Negras Importan Antes de Nacer) porque su discurso era pro-vida, dijo la abogada principal de la Alianza&#8230;<!-- AddThis Advanced Settings generic via filter on wp_trim_excerpt --><\/p>\n","protected":false},"author":6,"featured_media":20882,"comment_status":"open","ping_status":"open","sticky":false,"template":"","format":"standard","meta":{"episode_type":"","audio_file":"","duration":"","filesize":"","date_recorded":"","explicit":"","block":"","filesize_raw":"","_FSMCFIC_featured_image_caption":"Image: Lorie Shaull from Wikimedia Commons","_FSMCFIC_featured_image_nocaption":null,"_FSMCFIC_featured_image_hide":null,"_links_to":"","_links_to_target":""},"categories":[722,32],"tags":[77,888,624,2226,1803,1101,420,1634],"featured_image_urls":{"thumbnail":"https:\/\/ktfnews.com\/wp-content\/uploads\/2020\/11\/Muriel_Bowser-150x150.jpg","medium":"https:\/\/ktfnews.com\/wp-content\/uploads\/2020\/11\/Muriel_Bowser-300x200.jpg","medium_large":"https:\/\/ktfnews.com\/wp-content\/uploads\/2020\/11\/Muriel_Bowser-768x512.jpg","large":"https:\/\/ktfnews.com\/wp-content\/uploads\/2020\/11\/Muriel_Bowser-1024x682.jpg","team-small":"https:\/\/ktfnews.com\/wp-content\/uploads\/2020\/11\/Muriel_Bowser-138x162.jpg","team-overview":"https:\/\/ktfnews.com\/wp-content\/uploads\/2020\/11\/Muriel_Bowser-200x279.jpg","team-big":"https:\/\/ktfnews.com\/wp-content\/uploads\/2020\/11\/Muriel_Bowser-540x270.jpg","two-columns":"https:\/\/ktfnews.com\/wp-content\/uploads\/2020\/11\/Muriel_Bowser-379x242.jpg","one-column":"https:\/\/ktfnews.com\/wp-content\/uploads\/2020\/11\/Muriel_Bowser-379x242.jpg","mini-square":"https:\/\/ktfnews.com\/wp-content\/uploads\/2020\/11\/Muriel_Bowser-70x70.jpg","portfolio-widget-mainpage":"https:\/\/ktfnews.com\/wp-content\/uploads\/2020\/11\/Muriel_Bowser-335x195.jpg","portfolio-single-ajax":"https:\/\/ktfnews.com\/wp-content\/uploads\/2020\/11\/Muriel_Bowser-670x280.jpg","portfolio-single-big":"https:\/\/ktfnews.com\/wp-content\/uploads\/2020\/11\/Muriel_Bowser-685x480.jpg","portfolio-single-small":"https:\/\/ktfnews.com\/wp-content\/uploads\/2020\/11\/Muriel_Bowser-685x280.jpg","portfolio-single-full-big":"https:\/\/ktfnews.com\/wp-content\/uploads\/2020\/11\/Muriel_Bowser-960x590.jpg","portfolio-single-full-small":"https:\/\/ktfnews.com\/wp-content\/uploads\/2020\/11\/Muriel_Bowser-960x250.jpg","gallery-post":"https:\/\/ktfnews.com\/wp-content\/uploads\/2020\/11\/Muriel_Bowser-182x126.jpg","gallery-post-smaller":"https:\/\/ktfnews.com\/wp-content\/uploads\/2020\/11\/Muriel_Bowser-158x100.jpg","gallery-standard":"https:\/\/ktfnews.com\/wp-content\/uploads\/2020\/11\/Muriel_Bowser-257x169.jpg","tooltip-preview":"https:\/\/ktfnews.com\/wp-content\/uploads\/2020\/11\/Muriel_Bowser-227x133.jpg","widget-content-slider":"https:\/\/ktfnews.com\/wp-content\/uploads\/2020\/11\/Muriel_Bowser-230x137.jpg","post-top-articles":"https:\/\/ktfnews.com\/wp-content\/uploads\/2020\/11\/Muriel_Bowser-130x100.jpg","post-single-wide":"https:\/\/ktfnews.com\/wp-content\/uploads\/2020\/11\/Muriel_Bowser-595x360.jpg","post-single-wide-nocrop":"https:\/\/ktfnews.com\/wp-content\/uploads\/2020\/11\/Muriel_Bowser-595x397.jpg","post-single-wide-mobile":"https:\/\/ktfnews.com\/wp-content\/uploads\/2020\/11\/Muriel_Bowser-320x190.jpg","post-single-wide-small":"https:\/\/ktfnews.com\/wp-content\/uploads\/2020\/11\/Muriel_Bowser-595x190.jpg","post-single-square":"https:\/\/ktfnews.com\/wp-content\/uploads\/2020\/11\/Muriel_Bowser-120x120.jpg","post-single-full-small":"https:\/\/ktfnews.com\/wp-content\/uploads\/2020\/11\/Muriel_Bowser-950x360.jpg","post-single-full-big":"https:\/\/ktfnews.com\/wp-content\/uploads\/2020\/11\/Muriel_Bowser-950x590.jpg","photo-blog":"https:\/\/ktfnews.com\/wp-content\/uploads\/2020\/11\/Muriel_Bowser-768x512.jpg"},"appp_media":null,"yoast_head":"<!-- This site is optimized with the Yoast SEO plugin v17.3 - https:\/\/yoast.com\/wordpress\/plugins\/seo\/ -->\n<meta name=\"robots\" content=\"index, follow, max-snippet:-1, max-image-preview:large, max-video-preview:-1\" \/>\n<link rel=\"canonical\" href=\"https:\/\/ktfnews.com\/de\/dc-mayor-punished-demonstrators-wrote-black-preborn-lives-matter-speech-pro-life-attorney-says\/\" \/>\n<meta property=\"og:locale\" content=\"es_ES\" \/>\n<meta property=\"og:type\" content=\"article\" \/>\n<meta property=\"og:title\" content=\"[:en]DC Mayor \u2018Punished\u2019 Demonstrators Who Wrote \u2018Black Preborn Lives Matter\u2019 Because Their Speech Was Pro-Life, Attorney Says[:es]Alcalde de DC &#039;Castig\u00f3&#039; a los Manifestantes que Escribieron &#039;Black Preborn Lives Matter&#039; Porque su Discurso fue Ppro-vida, Dice el Abogado.[:] - KEEP the FAITH\" \/>\n<meta property=\"og:description\" content=\"Daily Caller, por Mary Margaret Olohan: La alcaldesa de D.C. Muriel Bowser castig\u00f3 a los manifestantes por escribir \u00abBlack Preborn Lives Matter\u00bb (Vidas Negras Importan Antes de Nacer) porque su discurso era pro-vida, dijo la abogada principal de la Alianza...\" \/>\n<meta property=\"og:url\" content=\"https:\/\/ktfnews.com\/de\/dc-mayor-punished-demonstrators-wrote-black-preborn-lives-matter-speech-pro-life-attorney-says\/\" \/>\n<meta property=\"og:site_name\" content=\"KEEP the FAITH\" \/>\n<meta property=\"article:publisher\" content=\"https:\/\/www.facebook.com\/ktfministry\" \/>\n<meta property=\"article:published_time\" content=\"2020-11-26T12:30:07+00:00\" \/>\n<meta property=\"article:modified_time\" content=\"2020-12-02T15:43:22+00:00\" \/>\n<meta property=\"og:image\" content=\"https:\/\/ktfnews.com\/wp-content\/uploads\/2020\/11\/Muriel_Bowser.jpg\" \/>\n\t<meta property=\"og:image:width\" content=\"1280\" \/>\n\t<meta property=\"og:image:height\" content=\"853\" \/>\n<meta name=\"twitter:card\" content=\"summary_large_image\" \/>\n<meta name=\"twitter:creator\" content=\"@ktfministry\" \/>\n<meta name=\"twitter:site\" content=\"@ktfministry\" \/>\n<meta name=\"twitter:label1\" content=\"Escrito por\" \/>\n\t<meta name=\"twitter:data1\" content=\"Pastor Hal Mayer\" \/>\n\t<meta name=\"twitter:label2\" content=\"Tiempo de lectura\" \/>\n\t<meta name=\"twitter:data2\" content=\"6 minutos\" \/>\n<script type=\"application\/ld+json\" class=\"yoast-schema-graph\">{\"@context\":\"https:\/\/schema.org\",\"@graph\":[{\"@type\":\"WebSite\",\"@id\":\"https:\/\/ktfnews.com\/#website\",\"url\":\"https:\/\/ktfnews.com\/\",\"name\":\"KEEP the FAITH\",\"description\":\"Preparing you for the final conflict between good and evil.\",\"potentialAction\":[{\"@type\":\"SearchAction\",\"target\":{\"@type\":\"EntryPoint\",\"urlTemplate\":\"https:\/\/ktfnews.com\/?s={search_term_string}\"},\"query-input\":\"required name=search_term_string\"}],\"inLanguage\":\"es\"},{\"@type\":\"ImageObject\",\"@id\":\"https:\/\/ktfnews.com\/de\/dc-mayor-punished-demonstrators-wrote-black-preborn-lives-matter-speech-pro-life-attorney-says\/#primaryimage\",\"inLanguage\":\"es\",\"url\":\"https:\/\/ktfnews.com\/wp-content\/uploads\/2020\/11\/Muriel_Bowser.jpg\",\"contentUrl\":\"https:\/\/ktfnews.com\/wp-content\/uploads\/2020\/11\/Muriel_Bowser.jpg\",\"width\":1280,\"height\":853},{\"@type\":\"WebPage\",\"@id\":\"https:\/\/ktfnews.com\/de\/dc-mayor-punished-demonstrators-wrote-black-preborn-lives-matter-speech-pro-life-attorney-says\/#webpage\",\"url\":\"https:\/\/ktfnews.com\/de\/dc-mayor-punished-demonstrators-wrote-black-preborn-lives-matter-speech-pro-life-attorney-says\/\",\"name\":\"[:en]DC Mayor \\u2018Punished\\u2019 Demonstrators Who Wrote \\u2018Black Preborn Lives Matter\\u2019 Because Their Speech Was Pro-Life, Attorney Says[:es]Alcalde de DC 'Castig\\u00f3' a los Manifestantes que Escribieron 'Black Preborn Lives Matter' Porque su Discurso fue Ppro-vida, Dice el Abogado.[:] - KEEP the FAITH\",\"isPartOf\":{\"@id\":\"https:\/\/ktfnews.com\/#website\"},\"primaryImageOfPage\":{\"@id\":\"https:\/\/ktfnews.com\/de\/dc-mayor-punished-demonstrators-wrote-black-preborn-lives-matter-speech-pro-life-attorney-says\/#primaryimage\"},\"datePublished\":\"2020-11-26T12:30:07+00:00\",\"dateModified\":\"2020-12-02T15:43:22+00:00\",\"author\":{\"@id\":\"https:\/\/ktfnews.com\/#\/schema\/person\/ba4174513d9169cf8e229b7d8d60410d\"},\"breadcrumb\":{\"@id\":\"https:\/\/ktfnews.com\/de\/dc-mayor-punished-demonstrators-wrote-black-preborn-lives-matter-speech-pro-life-attorney-says\/#breadcrumb\"},\"inLanguage\":\"es\",\"potentialAction\":[{\"@type\":\"ReadAction\",\"target\":[\"https:\/\/ktfnews.com\/de\/dc-mayor-punished-demonstrators-wrote-black-preborn-lives-matter-speech-pro-life-attorney-says\/\"]}]},{\"@type\":\"BreadcrumbList\",\"@id\":\"https:\/\/ktfnews.com\/de\/dc-mayor-punished-demonstrators-wrote-black-preborn-lives-matter-speech-pro-life-attorney-says\/#breadcrumb\",\"itemListElement\":[{\"@type\":\"ListItem\",\"position\":1,\"name\":\"Home\",\"item\":\"https:\/\/ktfnews.com\/\"},{\"@type\":\"ListItem\",\"position\":2,\"name\":\"Briefings\",\"item\":\"https:\/\/ktfnews.com\/category\/briefings\/\"},{\"@type\":\"ListItem\",\"position\":3,\"name\":\"DC Mayor \\u2018Punished\\u2019 Demonstrators Who Wrote \\u2018Black Preborn Lives Matter\\u2019 Because Their Speech Was Pro-Life, Attorney Says\"}]},{\"@type\":\"Person\",\"@id\":\"https:\/\/ktfnews.com\/#\/schema\/person\/ba4174513d9169cf8e229b7d8d60410d\",\"name\":\"Pastor Hal Mayer\",\"image\":{\"@type\":\"ImageObject\",\"@id\":\"https:\/\/ktfnews.com\/#personlogo\",\"inLanguage\":\"es\",\"url\":\"https:\/\/secure.gravatar.com\/avatar\/051bac95ae650254c5a03467b9456599?s=96&d=mm&r=g\",\"contentUrl\":\"https:\/\/secure.gravatar.com\/avatar\/051bac95ae650254c5a03467b9456599?s=96&d=mm&r=g\",\"caption\":\"Pastor Hal Mayer\"},\"description\":\"Pastor Hal Mayer is speaker and director of Keep the Faith Ministry. For the last 20 years Pastor Mayer\\u2019s monthly prophetic analysis on CD and online has revealed the striking evidence of fulfilling prophecy to many thousands of subscribers all over the world. Pastor Mayer\\u2019s background in history and Bible prophecy give him unique insights and perspectives that have blessed many and helped them make a deeper commitment to the Lord. Keep the Faith Ministry helps those who want to keep abreast of fulfilling prophecy and who want to understand and navigate the unique and difficult circumstances of the end-times. Keep the Faith Ministry helps to prepare you for the second coming of Christ. Pastor Mayer is married to Betsy for more than 40 years. They have no children of their own. \\u201cThe times in which we live are thrilling, because the things prophesied in God\\u2019s word are actually coming to pass in this generation,\\u201d says Pastor Mayer. \\u201cIn a time when the distinctive end-time truths of God\\u2019s word are being censored, and life in this world is becoming more and more chaotic, Keep the Faith is a voice of strength and encouragement.\\u201d\",\"url\":\"https:\/\/ktfnews.com\/es\/author\/hal\/\"}]}<\/script>\n<!-- \/ Yoast SEO plugin. -->","yoast_head_json":{"robots":{"index":"index","follow":"follow","max-snippet":"max-snippet:-1","max-image-preview":"max-image-preview:large","max-video-preview":"max-video-preview:-1"},"canonical":"https:\/\/ktfnews.com\/de\/dc-mayor-punished-demonstrators-wrote-black-preborn-lives-matter-speech-pro-life-attorney-says\/","og_locale":"es_ES","og_type":"article","og_title":"[:en]DC Mayor \u2018Punished\u2019 Demonstrators Who Wrote \u2018Black Preborn Lives Matter\u2019 Because Their Speech Was Pro-Life, Attorney Says[:es]Alcalde de DC 'Castig\u00f3' a los Manifestantes que Escribieron 'Black Preborn Lives Matter' Porque su Discurso fue Ppro-vida, Dice el Abogado.[:] - KEEP the FAITH","og_description":"Daily Caller, por Mary Margaret Olohan: La alcaldesa de D.C. Muriel Bowser castig\u00f3 a los manifestantes por escribir \u00abBlack Preborn Lives Matter\u00bb (Vidas Negras Importan Antes de Nacer) porque su discurso era pro-vida, dijo la abogada principal de la Alianza...","og_url":"https:\/\/ktfnews.com\/de\/dc-mayor-punished-demonstrators-wrote-black-preborn-lives-matter-speech-pro-life-attorney-says\/","og_site_name":"KEEP the FAITH","article_publisher":"https:\/\/www.facebook.com\/ktfministry","article_published_time":"2020-11-26T12:30:07+00:00","article_modified_time":"2020-12-02T15:43:22+00:00","og_image":[{"width":1280,"height":853,"url":"https:\/\/ktfnews.com\/wp-content\/uploads\/2020\/11\/Muriel_Bowser.jpg","type":"image\/jpeg"}],"twitter_card":"summary_large_image","twitter_creator":"@ktfministry","twitter_site":"@ktfministry","twitter_misc":{"Escrito por":"Pastor Hal Mayer","Tiempo de lectura":"6 minutos"},"schema":{"@context":"https:\/\/schema.org","@graph":[{"@type":"WebSite","@id":"https:\/\/ktfnews.com\/#website","url":"https:\/\/ktfnews.com\/","name":"KEEP the FAITH","description":"Preparing you for the final conflict between good and evil.","potentialAction":[{"@type":"SearchAction","target":{"@type":"EntryPoint","urlTemplate":"https:\/\/ktfnews.com\/?s={search_term_string}"},"query-input":"required name=search_term_string"}],"inLanguage":"es"},{"@type":"ImageObject","@id":"https:\/\/ktfnews.com\/de\/dc-mayor-punished-demonstrators-wrote-black-preborn-lives-matter-speech-pro-life-attorney-says\/#primaryimage","inLanguage":"es","url":"https:\/\/ktfnews.com\/wp-content\/uploads\/2020\/11\/Muriel_Bowser.jpg","contentUrl":"https:\/\/ktfnews.com\/wp-content\/uploads\/2020\/11\/Muriel_Bowser.jpg","width":1280,"height":853},{"@type":"WebPage","@id":"https:\/\/ktfnews.com\/de\/dc-mayor-punished-demonstrators-wrote-black-preborn-lives-matter-speech-pro-life-attorney-says\/#webpage","url":"https:\/\/ktfnews.com\/de\/dc-mayor-punished-demonstrators-wrote-black-preborn-lives-matter-speech-pro-life-attorney-says\/","name":"[:en]DC Mayor \u2018Punished\u2019 Demonstrators Who Wrote \u2018Black Preborn Lives Matter\u2019 Because Their Speech Was Pro-Life, Attorney Says[:es]Alcalde de DC 'Castig\u00f3' a los Manifestantes que Escribieron 'Black Preborn Lives Matter' Porque su Discurso fue Ppro-vida, Dice el Abogado.[:] - KEEP the FAITH","isPartOf":{"@id":"https:\/\/ktfnews.com\/#website"},"primaryImageOfPage":{"@id":"https:\/\/ktfnews.com\/de\/dc-mayor-punished-demonstrators-wrote-black-preborn-lives-matter-speech-pro-life-attorney-says\/#primaryimage"},"datePublished":"2020-11-26T12:30:07+00:00","dateModified":"2020-12-02T15:43:22+00:00","author":{"@id":"https:\/\/ktfnews.com\/#\/schema\/person\/ba4174513d9169cf8e229b7d8d60410d"},"breadcrumb":{"@id":"https:\/\/ktfnews.com\/de\/dc-mayor-punished-demonstrators-wrote-black-preborn-lives-matter-speech-pro-life-attorney-says\/#breadcrumb"},"inLanguage":"es","potentialAction":[{"@type":"ReadAction","target":["https:\/\/ktfnews.com\/de\/dc-mayor-punished-demonstrators-wrote-black-preborn-lives-matter-speech-pro-life-attorney-says\/"]}]},{"@type":"BreadcrumbList","@id":"https:\/\/ktfnews.com\/de\/dc-mayor-punished-demonstrators-wrote-black-preborn-lives-matter-speech-pro-life-attorney-says\/#breadcrumb","itemListElement":[{"@type":"ListItem","position":1,"name":"Home","item":"https:\/\/ktfnews.com\/"},{"@type":"ListItem","position":2,"name":"Briefings","item":"https:\/\/ktfnews.com\/category\/briefings\/"},{"@type":"ListItem","position":3,"name":"DC Mayor \u2018Punished\u2019 Demonstrators Who Wrote \u2018Black Preborn Lives Matter\u2019 Because Their Speech Was Pro-Life, Attorney Says"}]},{"@type":"Person","@id":"https:\/\/ktfnews.com\/#\/schema\/person\/ba4174513d9169cf8e229b7d8d60410d","name":"Pastor Hal Mayer","image":{"@type":"ImageObject","@id":"https:\/\/ktfnews.com\/#personlogo","inLanguage":"es","url":"https:\/\/secure.gravatar.com\/avatar\/051bac95ae650254c5a03467b9456599?s=96&d=mm&r=g","contentUrl":"https:\/\/secure.gravatar.com\/avatar\/051bac95ae650254c5a03467b9456599?s=96&d=mm&r=g","caption":"Pastor Hal Mayer"},"description":"Pastor Hal Mayer is speaker and director of Keep the Faith Ministry. For the last 20 years Pastor Mayer\u2019s monthly prophetic analysis on CD and online has revealed the striking evidence of fulfilling prophecy to many thousands of subscribers all over the world. Pastor Mayer\u2019s background in history and Bible prophecy give him unique insights and perspectives that have blessed many and helped them make a deeper commitment to the Lord. Keep the Faith Ministry helps those who want to keep abreast of fulfilling prophecy and who want to understand and navigate the unique and difficult circumstances of the end-times. Keep the Faith Ministry helps to prepare you for the second coming of Christ. Pastor Mayer is married to Betsy for more than 40 years. They have no children of their own. \u201cThe times in which we live are thrilling, because the things prophesied in God\u2019s word are actually coming to pass in this generation,\u201d says Pastor Mayer. \u201cIn a time when the distinctive end-time truths of God\u2019s word are being censored, and life in this world is becoming more and more chaotic, Keep the Faith is a voice of strength and encouragement.\u201d","url":"https:\/\/ktfnews.com\/es\/author\/hal\/"}]}},"_links":{"self":[{"href":"https:\/\/ktfnews.com\/es\/wp-json\/wp\/v2\/posts\/20880"}],"collection":[{"href":"https:\/\/ktfnews.com\/es\/wp-json\/wp\/v2\/posts"}],"about":[{"href":"https:\/\/ktfnews.com\/es\/wp-json\/wp\/v2\/types\/post"}],"author":[{"embeddable":true,"href":"https:\/\/ktfnews.com\/es\/wp-json\/wp\/v2\/users\/6"}],"replies":[{"embeddable":true,"href":"https:\/\/ktfnews.com\/es\/wp-json\/wp\/v2\/comments?post=20880"}],"version-history":[{"count":2,"href":"https:\/\/ktfnews.com\/es\/wp-json\/wp\/v2\/posts\/20880\/revisions"}],"predecessor-version":[{"id":20933,"href":"https:\/\/ktfnews.com\/es\/wp-json\/wp\/v2\/posts\/20880\/revisions\/20933"}],"wp:featuredmedia":[{"embeddable":true,"href":"https:\/\/ktfnews.com\/es\/wp-json\/wp\/v2\/media\/20882"}],"wp:attachment":[{"href":"https:\/\/ktfnews.com\/es\/wp-json\/wp\/v2\/media?parent=20880"}],"wp:term":[{"taxonomy":"category","embeddable":true,"href":"https:\/\/ktfnews.com\/es\/wp-json\/wp\/v2\/categories?post=20880"},{"taxonomy":"post_tag","embeddable":true,"href":"https:\/\/ktfnews.com\/es\/wp-json\/wp\/v2\/tags?post=20880"}],"curies":[{"name":"wp","href":"https:\/\/api.w.org\/{rel}","templated":true}]}}