{"id":20844,"date":"2020-11-20T07:30:12","date_gmt":"2020-11-20T12:30:12","guid":{"rendered":"https:\/\/ktfnews.com\/?p=20844"},"modified":"2020-11-18T18:02:54","modified_gmt":"2020-11-18T23:02:54","slug":"next-jihad-evangelical-leader-rabbi-warn-christian-genocide-africa","status":"publish","type":"post","link":"https:\/\/ktfnews.com\/es\/next-jihad-evangelical-leader-rabbi-warn-christian-genocide-africa\/","title":{"rendered":"\u00bbLa Pr\u00f3xima Yihad\u00bb: L\u00edder Evang\u00e9lico y Rabino Advierte sobre el \u00abGenocidio Cristiano\u00bb en \u00c1frica."},"content":{"rendered":"<p><i>Christian Post<\/i>, por Samuel Smith: El aumento de los grupos extremistas violentos en toda \u00c1frica, as\u00ed como los constantes ataques contra las comunidades cristianas en el pa\u00eds m\u00e1s poblado del continente, hace que los l\u00edderes religiosos teman que \u00abla pr\u00f3xima yihad\u00bb est\u00e9 en marcha, ya que los l\u00edderes mundiales parecen estar apresur\u00e1ndose a abordar el problema.<\/p>\n<p>\u00abS\u00e9 que una cosa nunca ha cambiado realmente: a nadie le importa nada de \u00c1frica, excepto por sus recursos naturales o si va a haber una gran fiesta porque se est\u00e1 firmando un tratado de paz\u00bb, dijo el rabino Abraham Cooper, director de la agenda de acci\u00f3n social global del Centro Simon Wiesenthal, una importante organizaci\u00f3n jud\u00eda de derechos humanos con m\u00e1s de 400.000 miembros de su familia. <\/p>\n<p>\u00abEsa es la verdad y es una terrible verdad. Podr\u00eda ser uno de los vestigios, francamente, del colonialismo.\u00bb<\/p>\n<p>Cooper se asoci\u00f3 con el reverendo Johnnie Moore, comisionado de la Comisi\u00f3n de Libertad Religiosa Internacional de EE.UU. y presidente del Congreso de L\u00edderes Cristianos, para escribir el nuevo libro The Next Jihad: Stop the Christian Genocide in Africa (La Pr\u00f3xima Yihad: Detener el Genocidio Cristiano en \u00c1frica.<\/p>\n<p>El libro fue escrito despu\u00e9s de que el improbable d\u00fao viajara junto a Nigeria a principios de este a\u00f1o para reunirse con docenas de v\u00edctimas cristianas del terrorismo de cinco regiones diferentes. <\/p>\n<p>En los \u00faltimos a\u00f1os, Nigeria, el pa\u00eds m\u00e1s rico del continente, se ha enfrentado al surgimiento de grupos terroristas isl\u00e1micos en el noreste (Boko Haram y el Estado Isl\u00e1mico de la Provincia de \u00c1frica Occidental) y a un aumento de los ataques mortales contra comunidades agr\u00edcolas llevados a cabo por radicales militarizados de la comunidad de pastores Fulani.<\/p>\n<p>En los \u00faltimos a\u00f1os, se ha estimado que miles de cristianos han sido asesinados mientras que millones de nigerianos han sido desplazados de sus comunidades. Algunos grupos de derechos humanos han advertido que los ataques contra las comunidades cristianas en Nigeria han alcanzado el nivel de genocidio. <\/p>\n<p>\u00abQueremos ayudar a la gente a sentir realmente el problema y entenderlo lo suficiente como para hacer algo al respecto\u00bb, dijo Moore, un defensor evang\u00e9lico de los derechos humanos, a The Christian Post sobre el prop\u00f3sito del libro. \u00abFue el rabino Cooper quien inici\u00f3 el viaje y nos anim\u00f3 a m\u00ed y a nosotros a ir juntos para iluminar lo que estaba pasando all\u00ed. Me pareci\u00f3 un d\u00e9j\u00e0 vu porque en 2014, el Centro Weisenthal fue la primera organizaci\u00f3n de cualquier tipo que reconoci\u00f3 que lo que ISIS estaba haciendo a los cristianos y a los yazidis en Irak era un genocidio\u00bb.<\/p>\n<p>\u00abDonde estaba mi mente cuando est\u00e1bamos escribiendo el libro justo despu\u00e9s de nuestro viaje, 10 d\u00edas antes de que el mundo empezara a cerrarse por culpa de COVID, pens\u00e9 que esta podr\u00eda ser la pr\u00f3xima yihad\u00bb, continu\u00f3 Moore. \u00abDesde entonces me he dado cuenta de que es la pr\u00f3xima yihad ahora mismo. No es s\u00f3lo Nigeria. Son los pa\u00edses alrededor de Nigeria. Es un problema que crece r\u00e1pidamente\u00bb.<\/p>\n<p>Fuera de Nigeria, la creciente presencia de grupos extremistas isl\u00e1micos y los crecientes ataques han plagado otras regiones de \u00c1frica y han causado desplazamientos masivos.<br \/>\nEsas regiones incluyen el Sahel, donde cientos de miles de personas han sido desplazadas en medio de la escalada de ataques terroristas en los dos \u00faltimos a\u00f1os en Burkina Faso, as\u00ed como el \u00c1frica oriental, donde los terroristas de al-Shabab est\u00e1n atacando a ciudadanos en Somalia y Kenya. En el \u00c1frica meridional, m\u00e1s de 300.000 personas han sido desplazadas en Mozambique en medio de un marcado aumento de los ataques de extremistas isl\u00e1micos radicales en la parte septentrional del pa\u00eds en los \u00faltimos a\u00f1os.  <\/p>\n<p>Si bien se reconoce que la propagaci\u00f3n del terrorismo y la violencia en \u00c1frica tras la ca\u00edda del ISIS en Siria e Iraq es un problema que afecta a todo el continente, gran parte del libro se centra en Nigeria, ya que ambos l\u00edderes consideran que el pa\u00eds es un l\u00edder continental en lo que respecta a su tama\u00f1o e influencia.<\/p>\n<p>\u00abTiene la d\u00e9cima reserva de petr\u00f3leo m\u00e1s grande del mundo, es el pa\u00eds m\u00e1s poblado de \u00c1frica\u00bb, explic\u00f3 Moore. \u00abTiene la mayor econom\u00eda de \u00c1frica. Est\u00e1 rodeado de pa\u00edses con insurgencias terroristas. Si algo sale mal, la crisis siria se sentir\u00e1 como un recuerdo lejano en comparaci\u00f3n con la cat\u00e1strofe que el fracaso de \u00c1frica Occidental podr\u00eda realmente ocurrir por descuidar la situaci\u00f3n en Nigeria\u00bb.<\/p>\n<p>Pero en Nigeria e incluso entre algunos diplom\u00e1ticos estadounidenses, el debate sobre la violencia en Nigeria es complicado, especialmente cuando se trata del aumento de los ataques de los extremistas P\u00ebl a las aldeas agr\u00edcolas predominantemente cristianas en el Cintur\u00f3n Medio del pa\u00eds. <\/p>\n<p>Peri\u00f3dicamente, surgen informes de ataques nocturnos a aldeas agr\u00edcolas en los que se sacrifican personas, se queman casas y se confiscan tierras de cultivo. <\/p>\n<p>\u00abUna de las cosas importantes que hay que entender es que ahora no se trata s\u00f3lo de Boko Haram e ISIS en \u00c1frica Occidental\u00bb, dijo Moore.<\/p>\n<p>\u00abPero debido a que el gobierno ahora ha descuidado el trato con esta gente, han militarizado a los miembros de la tribu P\u00ebl. Tenemos mucho cuidado en dejar claro que los P\u00ebl son la tribu m\u00e1s grande de \u00c1frica, casi 20 millones. No todos los P\u00ebl son terroristas. Pero como el gobierno no ha lidiado con el terrorismo en el noreste, hay terroristas entre los P\u00ebl que est\u00e1n matando a m\u00e1s gente que la que Boko Haram en el centro del pa\u00eds, que es donde est\u00e1n los cristianos y el petr\u00f3leo\u00bb.<\/p>\n<p>La Sociedad Internacional para las Libertades Civiles y el Estado de Derecho, con sede en Anambra, estima que al menos 812 cristianos fueron asesinados por radicales P\u00ebl en la primera mitad de 2020 por pastores radicales.<\/p>\n<p>Aunque los defensores de los derechos humanos han acusado al gobierno nigeriano de no hacer lo suficiente para proteger a sus ciudadanos de los ataques fulani, el discurso sobre c\u00f3mo debe responder la comunidad internacional a la crisis ha sido \u00abdesviado\u00bb por un debate sobre el papel que la religi\u00f3n est\u00e1 desempe\u00f1ando en los ataques fulani, explicaron los autores. <\/p>\n<p>Mientras que el gobierno nigeriano ha sostenido que el conflicto tiene menos que ver con la religi\u00f3n y es s\u00f3lo la continuaci\u00f3n de un conflicto de recursos de d\u00e9cadas de antig\u00fcedad entre pastores y agricultores, las v\u00edctimas y los defensores cristianos sostienen que hay fuertes connotaciones religiosas en juego en la violencia que no deben ser ignoradas, especialmente cuando los atacantes est\u00e1n gritando \u00abAllahu Akbar\u00bb mientras masacran a los aldeanos e incendian las casas.<\/p>\n<p>En el libro, Moore y Cooper recuerdan una reuni\u00f3n que tuvieron en febrero con la embajadora de los Estados Unidos en Nigeria, Mary Beth Leonard, en la que analizaron los aspectos religiosos de la violencia en todo el pa\u00eds. <\/p>\n<p>\u00abElla neg\u00f3 que se tratara en absoluto de religi\u00f3n y describi\u00f3 el conflicto como &#8216;fundamentalmente una cuesti\u00f3n de recursos'\u00bb, afirma el libro. \u00abLa religi\u00f3n era, seg\u00fan el embajador Leonard, s\u00f3lo relevante ya que serv\u00eda como un potencial acelerador del conflicto. Nos dej\u00f3 la impresi\u00f3n de que gente como nosotros, al hablar en nombre de las v\u00edctimas de la persecuci\u00f3n religiosa, eran parte del problema. Encontramos esto como algo enormemente alarmante\u00bb.<\/p>\n<p>Cooper se\u00f1al\u00f3 que si bien el ej\u00e9rcito nigeriano tiene la capacidad de detener la violencia, los militares no han querido o podido hacerlo. Los autores creen que los gobiernos de EE.UU. y el Reino Unido deber\u00edan hacer m\u00e1s para presionar al gobierno nigeriano para que proteja a sus ciudadanos.<\/p>\n<p>\u00abEl objetivo es conseguir que estos dos gobiernos superen los debates reflexivos y desviados sobre si se trata s\u00f3lo de cuestiones tribales y religiosas\u00bb, declar\u00f3 Cooper. \u00abNo queremos demonizar a Nigeria como un estado fallido o perdido, todav\u00eda no est\u00e1 ah\u00ed. Es demasiado grande y demasiado importante para fracasar. Necesitamos que los diplom\u00e1ticos estadounidenses, los diplom\u00e1ticos del Reino Unido y otros dejen de poner anteojeras porque no quieren ir all\u00ed cuando se trata de religi\u00f3n\u00bb. Eso es un gran error. No se puede tratar el c\u00e1ncer a menos que se pueda identificar completamente la naturaleza y el alcance de ese c\u00e1ncer\u00bb.<\/p>\n<p>El libro se public\u00f3 pocas semanas antes de las elecciones presidenciales del mes pasado.<\/p>\n<p>\u00abCreemos que quienquiera que est\u00e9 sentado en el Despacho Oval en enero y cualquiera que sea el n\u00famero que cuente en la C\u00e1mara y el Senado, la cuesti\u00f3n de Nigeria -y espec\u00edficamente el genocidio que se est\u00e1 llevando a cabo all\u00ed contra los cristianos- tendr\u00e1 que ser una cuesti\u00f3n de la que se ocupen los Estados Unidos\u00bb, afirm\u00f3 Cooper, \u00abno s\u00f3lo por la libertad religiosa y todo lo dem\u00e1s, sino tambi\u00e9n por los actores terroristas que est\u00e1n operando en el vecindario y ampliando sus operaciones\u00bb.<\/p>\n<p>Conexi\u00f3n Prof\u00e9tica:<br \/>\n\u201cY se corrompi\u00f3 la tierra delante de Dios, y estaba la tierra llena de violencia.\u201d G\u00e9nesis 6:11.<\/p>\n<p>\u201cComo fue en los d\u00edas de No\u00e9, as\u00ed tambi\u00e9n ser\u00e1 en los d\u00edas del Hijo del Hombre. Com\u00edan, beb\u00edan, se casaban y se daban en casamiento, hasta el d\u00eda en que entr\u00f3 No\u00e9 en el arca, y vino el diluvio y los destruy\u00f3 a todos.\u201d Lucas 17:26, 27.<\/p>\n<hr>\n<h3>Source References<\/h3>\n<ul>\n<li>\n<h5><a href=\"https:\/\/www.christianpost.com\/news\/the-next-jihad-new-book-warns-about-genocide-in-africa.html?\" target=\"_blank\">\u2018The Next Jihad&#8217;: Evangelical leader, rabbi warn about &#8216;Christian genocide\u2019 in Africa<\/a><\/h5>\n<\/li>\n<\/ul>\n<p><\/p>\n<!-- AddThis Advanced Settings generic via filter on the_content -->","protected":false},"excerpt":{"rendered":"<p>Christian Post, por Samuel Smith: El aumento de los grupos extremistas violentos en toda \u00c1frica, as\u00ed como los constantes ataques contra las comunidades cristianas en el pa\u00eds m\u00e1s poblado del continente, hace que los l\u00edderes religiosos teman que \u00abla pr\u00f3xima&#8230;<!-- AddThis Advanced Settings generic via filter on wp_trim_excerpt --><\/p>\n","protected":false},"author":6,"featured_media":20847,"comment_status":"open","ping_status":"open","sticky":false,"template":"","format":"standard","meta":{"episode_type":"","audio_file":"","duration":"","filesize":"","date_recorded":"","explicit":"","block":"","filesize_raw":"","_FSMCFIC_featured_image_caption":"Image: UN Photo from southafrica-info.com","_FSMCFIC_featured_image_nocaption":null,"_FSMCFIC_featured_image_hide":null,"_links_to":"","_links_to_target":""},"categories":[722,32],"tags":[1255,1877,1708,377,1800,420,2047],"featured_image_urls":{"thumbnail":"https:\/\/ktfnews.com\/wp-content\/uploads\/2020\/11\/Langa_Massacre_21_March_1985-150x150.jpg","medium":"https:\/\/ktfnews.com\/wp-content\/uploads\/2020\/11\/Langa_Massacre_21_March_1985-300x205.jpg","medium_large":"https:\/\/ktfnews.com\/wp-content\/uploads\/2020\/11\/Langa_Massacre_21_March_1985-768x524.jpg","large":"https:\/\/ktfnews.com\/wp-content\/uploads\/2020\/11\/Langa_Massacre_21_March_1985-1024x699.jpg","team-small":"https:\/\/ktfnews.com\/wp-content\/uploads\/2020\/11\/Langa_Massacre_21_March_1985-138x162.jpg","team-overview":"https:\/\/ktfnews.com\/wp-content\/uploads\/2020\/11\/Langa_Massacre_21_March_1985-200x279.jpg","team-big":"https:\/\/ktfnews.com\/wp-content\/uploads\/2020\/11\/Langa_Massacre_21_March_1985-540x270.jpg","two-columns":"https:\/\/ktfnews.com\/wp-content\/uploads\/2020\/11\/Langa_Massacre_21_March_1985-379x242.jpg","one-column":"https:\/\/ktfnews.com\/wp-content\/uploads\/2020\/11\/Langa_Massacre_21_March_1985-379x242.jpg","mini-square":"https:\/\/ktfnews.com\/wp-content\/uploads\/2020\/11\/Langa_Massacre_21_March_1985-70x70.jpg","portfolio-widget-mainpage":"https:\/\/ktfnews.com\/wp-content\/uploads\/2020\/11\/Langa_Massacre_21_March_1985-335x195.jpg","portfolio-single-ajax":"https:\/\/ktfnews.com\/wp-content\/uploads\/2020\/11\/Langa_Massacre_21_March_1985-670x280.jpg","portfolio-single-big":"https:\/\/ktfnews.com\/wp-content\/uploads\/2020\/11\/Langa_Massacre_21_March_1985-685x480.jpg","portfolio-single-small":"https:\/\/ktfnews.com\/wp-content\/uploads\/2020\/11\/Langa_Massacre_21_March_1985-685x280.jpg","portfolio-single-full-big":"https:\/\/ktfnews.com\/wp-content\/uploads\/2020\/11\/Langa_Massacre_21_March_1985-960x590.jpg","portfolio-single-full-small":"https:\/\/ktfnews.com\/wp-content\/uploads\/2020\/11\/Langa_Massacre_21_March_1985-960x250.jpg","gallery-post":"https:\/\/ktfnews.com\/wp-content\/uploads\/2020\/11\/Langa_Massacre_21_March_1985-182x126.jpg","gallery-post-smaller":"https:\/\/ktfnews.com\/wp-content\/uploads\/2020\/11\/Langa_Massacre_21_March_1985-158x100.jpg","gallery-standard":"https:\/\/ktfnews.com\/wp-content\/uploads\/2020\/11\/Langa_Massacre_21_March_1985-257x169.jpg","tooltip-preview":"https:\/\/ktfnews.com\/wp-content\/uploads\/2020\/11\/Langa_Massacre_21_March_1985-227x133.jpg","widget-content-slider":"https:\/\/ktfnews.com\/wp-content\/uploads\/2020\/11\/Langa_Massacre_21_March_1985-230x137.jpg","post-top-articles":"https:\/\/ktfnews.com\/wp-content\/uploads\/2020\/11\/Langa_Massacre_21_March_1985-130x100.jpg","post-single-wide":"https:\/\/ktfnews.com\/wp-content\/uploads\/2020\/11\/Langa_Massacre_21_March_1985-595x360.jpg","post-single-wide-nocrop":"https:\/\/ktfnews.com\/wp-content\/uploads\/2020\/11\/Langa_Massacre_21_March_1985-595x406.jpg","post-single-wide-mobile":"https:\/\/ktfnews.com\/wp-content\/uploads\/2020\/11\/Langa_Massacre_21_March_1985-320x190.jpg","post-single-wide-small":"https:\/\/ktfnews.com\/wp-content\/uploads\/2020\/11\/Langa_Massacre_21_March_1985-595x190.jpg","post-single-square":"https:\/\/ktfnews.com\/wp-content\/uploads\/2020\/11\/Langa_Massacre_21_March_1985-120x120.jpg","post-single-full-small":"https:\/\/ktfnews.com\/wp-content\/uploads\/2020\/11\/Langa_Massacre_21_March_1985-950x360.jpg","post-single-full-big":"https:\/\/ktfnews.com\/wp-content\/uploads\/2020\/11\/Langa_Massacre_21_March_1985-950x590.jpg","photo-blog":"https:\/\/ktfnews.com\/wp-content\/uploads\/2020\/11\/Langa_Massacre_21_March_1985-768x524.jpg"},"appp_media":null,"yoast_head":"<!-- This site is optimized with the Yoast SEO plugin v17.3 - https:\/\/yoast.com\/wordpress\/plugins\/seo\/ -->\n<meta name=\"robots\" content=\"index, follow, max-snippet:-1, max-image-preview:large, max-video-preview:-1\" \/>\n<link rel=\"canonical\" href=\"https:\/\/ktfnews.com\/es\/next-jihad-evangelical-leader-rabbi-warn-christian-genocide-africa\/\" \/>\n<meta property=\"og:locale\" content=\"es_ES\" \/>\n<meta property=\"og:type\" content=\"article\" \/>\n<meta property=\"og:title\" content=\"[:en]\u2018The Next Jihad&#039;: Evangelical leader, rabbi warn about &#039;Christian genocide\u2019 in Africa[:es]&quot;La Pr\u00f3xima Yihad&quot;: L\u00edder Evang\u00e9lico y Rabino Advierte sobre el &quot;Genocidio Cristiano&quot; en \u00c1frica.[:] - KEEP the FAITH\" \/>\n<meta property=\"og:description\" content=\"Christian Post, por Samuel Smith: El aumento de los grupos extremistas violentos en toda \u00c1frica, as\u00ed como los constantes ataques contra las comunidades cristianas en el pa\u00eds m\u00e1s poblado del continente, hace que los l\u00edderes religiosos teman que \u00abla pr\u00f3xima...\" \/>\n<meta property=\"og:url\" content=\"https:\/\/ktfnews.com\/es\/next-jihad-evangelical-leader-rabbi-warn-christian-genocide-africa\/\" \/>\n<meta property=\"og:site_name\" content=\"KEEP the FAITH\" \/>\n<meta property=\"article:publisher\" content=\"https:\/\/www.facebook.com\/ktfministry\" \/>\n<meta property=\"article:published_time\" content=\"2020-11-20T12:30:12+00:00\" \/>\n<meta property=\"article:modified_time\" content=\"2020-11-18T23:02:54+00:00\" \/>\n<meta property=\"og:image\" content=\"https:\/\/ktfnews.com\/wp-content\/uploads\/2020\/11\/Langa_Massacre_21_March_1985.jpg\" \/>\n\t<meta property=\"og:image:width\" content=\"1152\" \/>\n\t<meta property=\"og:image:height\" content=\"786\" \/>\n<meta name=\"twitter:card\" content=\"summary_large_image\" \/>\n<meta name=\"twitter:creator\" content=\"@ktfministry\" \/>\n<meta name=\"twitter:site\" content=\"@ktfministry\" \/>\n<meta name=\"twitter:label1\" content=\"Escrito por\" \/>\n\t<meta name=\"twitter:data1\" content=\"Pastor Hal Mayer\" \/>\n\t<meta name=\"twitter:label2\" content=\"Tiempo de lectura\" \/>\n\t<meta name=\"twitter:data2\" content=\"15 minutos\" \/>\n<script type=\"application\/ld+json\" class=\"yoast-schema-graph\">{\"@context\":\"https:\/\/schema.org\",\"@graph\":[{\"@type\":\"WebSite\",\"@id\":\"https:\/\/ktfnews.com\/#website\",\"url\":\"https:\/\/ktfnews.com\/\",\"name\":\"KEEP the FAITH\",\"description\":\"Preparing you for the final conflict between good and evil.\",\"potentialAction\":[{\"@type\":\"SearchAction\",\"target\":{\"@type\":\"EntryPoint\",\"urlTemplate\":\"https:\/\/ktfnews.com\/?s={search_term_string}\"},\"query-input\":\"required name=search_term_string\"}],\"inLanguage\":\"es\"},{\"@type\":\"ImageObject\",\"@id\":\"https:\/\/ktfnews.com\/es\/next-jihad-evangelical-leader-rabbi-warn-christian-genocide-africa\/#primaryimage\",\"inLanguage\":\"es\",\"url\":\"https:\/\/ktfnews.com\/wp-content\/uploads\/2020\/11\/Langa_Massacre_21_March_1985.jpg\",\"contentUrl\":\"https:\/\/ktfnews.com\/wp-content\/uploads\/2020\/11\/Langa_Massacre_21_March_1985.jpg\",\"width\":1152,\"height\":786},{\"@type\":\"WebPage\",\"@id\":\"https:\/\/ktfnews.com\/es\/next-jihad-evangelical-leader-rabbi-warn-christian-genocide-africa\/#webpage\",\"url\":\"https:\/\/ktfnews.com\/es\/next-jihad-evangelical-leader-rabbi-warn-christian-genocide-africa\/\",\"name\":\"[:en]\\u2018The Next Jihad': Evangelical leader, rabbi warn about 'Christian genocide\\u2019 in Africa[:es]\\\"La Pr\\u00f3xima Yihad\\\": L\\u00edder Evang\\u00e9lico y Rabino Advierte sobre el \\\"Genocidio Cristiano\\\" en \\u00c1frica.[:] - KEEP the FAITH\",\"isPartOf\":{\"@id\":\"https:\/\/ktfnews.com\/#website\"},\"primaryImageOfPage\":{\"@id\":\"https:\/\/ktfnews.com\/es\/next-jihad-evangelical-leader-rabbi-warn-christian-genocide-africa\/#primaryimage\"},\"datePublished\":\"2020-11-20T12:30:12+00:00\",\"dateModified\":\"2020-11-18T23:02:54+00:00\",\"author\":{\"@id\":\"https:\/\/ktfnews.com\/#\/schema\/person\/ba4174513d9169cf8e229b7d8d60410d\"},\"breadcrumb\":{\"@id\":\"https:\/\/ktfnews.com\/es\/next-jihad-evangelical-leader-rabbi-warn-christian-genocide-africa\/#breadcrumb\"},\"inLanguage\":\"es\",\"potentialAction\":[{\"@type\":\"ReadAction\",\"target\":[\"https:\/\/ktfnews.com\/es\/next-jihad-evangelical-leader-rabbi-warn-christian-genocide-africa\/\"]}]},{\"@type\":\"BreadcrumbList\",\"@id\":\"https:\/\/ktfnews.com\/es\/next-jihad-evangelical-leader-rabbi-warn-christian-genocide-africa\/#breadcrumb\",\"itemListElement\":[{\"@type\":\"ListItem\",\"position\":1,\"name\":\"Home\",\"item\":\"https:\/\/ktfnews.com\/\"},{\"@type\":\"ListItem\",\"position\":2,\"name\":\"Briefings\",\"item\":\"https:\/\/ktfnews.com\/category\/briefings\/\"},{\"@type\":\"ListItem\",\"position\":3,\"name\":\"\\u2018The Next Jihad&#8217;: Evangelical leader, rabbi warn about &#8216;Christian genocide\\u2019 in Africa\"}]},{\"@type\":\"Person\",\"@id\":\"https:\/\/ktfnews.com\/#\/schema\/person\/ba4174513d9169cf8e229b7d8d60410d\",\"name\":\"Pastor Hal Mayer\",\"image\":{\"@type\":\"ImageObject\",\"@id\":\"https:\/\/ktfnews.com\/#personlogo\",\"inLanguage\":\"es\",\"url\":\"https:\/\/secure.gravatar.com\/avatar\/051bac95ae650254c5a03467b9456599?s=96&d=mm&r=g\",\"contentUrl\":\"https:\/\/secure.gravatar.com\/avatar\/051bac95ae650254c5a03467b9456599?s=96&d=mm&r=g\",\"caption\":\"Pastor Hal Mayer\"},\"description\":\"Pastor Hal Mayer is speaker and director of Keep the Faith Ministry. For the last 20 years Pastor Mayer\\u2019s monthly prophetic analysis on CD and online has revealed the striking evidence of fulfilling prophecy to many thousands of subscribers all over the world. Pastor Mayer\\u2019s background in history and Bible prophecy give him unique insights and perspectives that have blessed many and helped them make a deeper commitment to the Lord. Keep the Faith Ministry helps those who want to keep abreast of fulfilling prophecy and who want to understand and navigate the unique and difficult circumstances of the end-times. Keep the Faith Ministry helps to prepare you for the second coming of Christ. Pastor Mayer is married to Betsy for more than 40 years. They have no children of their own. \\u201cThe times in which we live are thrilling, because the things prophesied in God\\u2019s word are actually coming to pass in this generation,\\u201d says Pastor Mayer. \\u201cIn a time when the distinctive end-time truths of God\\u2019s word are being censored, and life in this world is becoming more and more chaotic, Keep the Faith is a voice of strength and encouragement.\\u201d\",\"url\":\"https:\/\/ktfnews.com\/es\/author\/hal\/\"}]}<\/script>\n<!-- \/ Yoast SEO plugin. -->","yoast_head_json":{"robots":{"index":"index","follow":"follow","max-snippet":"max-snippet:-1","max-image-preview":"max-image-preview:large","max-video-preview":"max-video-preview:-1"},"canonical":"https:\/\/ktfnews.com\/es\/next-jihad-evangelical-leader-rabbi-warn-christian-genocide-africa\/","og_locale":"es_ES","og_type":"article","og_title":"[:en]\u2018The Next Jihad': Evangelical leader, rabbi warn about 'Christian genocide\u2019 in Africa[:es]\"La Pr\u00f3xima Yihad\": L\u00edder Evang\u00e9lico y Rabino Advierte sobre el \"Genocidio Cristiano\" en \u00c1frica.[:] - KEEP the FAITH","og_description":"Christian Post, por Samuel Smith: El aumento de los grupos extremistas violentos en toda \u00c1frica, as\u00ed como los constantes ataques contra las comunidades cristianas en el pa\u00eds m\u00e1s poblado del continente, hace que los l\u00edderes religiosos teman que \u00abla pr\u00f3xima...","og_url":"https:\/\/ktfnews.com\/es\/next-jihad-evangelical-leader-rabbi-warn-christian-genocide-africa\/","og_site_name":"KEEP the FAITH","article_publisher":"https:\/\/www.facebook.com\/ktfministry","article_published_time":"2020-11-20T12:30:12+00:00","article_modified_time":"2020-11-18T23:02:54+00:00","og_image":[{"width":1152,"height":786,"url":"https:\/\/ktfnews.com\/wp-content\/uploads\/2020\/11\/Langa_Massacre_21_March_1985.jpg","type":"image\/jpeg"}],"twitter_card":"summary_large_image","twitter_creator":"@ktfministry","twitter_site":"@ktfministry","twitter_misc":{"Escrito por":"Pastor Hal Mayer","Tiempo de lectura":"15 minutos"},"schema":{"@context":"https:\/\/schema.org","@graph":[{"@type":"WebSite","@id":"https:\/\/ktfnews.com\/#website","url":"https:\/\/ktfnews.com\/","name":"KEEP the FAITH","description":"Preparing you for the final conflict between good and evil.","potentialAction":[{"@type":"SearchAction","target":{"@type":"EntryPoint","urlTemplate":"https:\/\/ktfnews.com\/?s={search_term_string}"},"query-input":"required name=search_term_string"}],"inLanguage":"es"},{"@type":"ImageObject","@id":"https:\/\/ktfnews.com\/es\/next-jihad-evangelical-leader-rabbi-warn-christian-genocide-africa\/#primaryimage","inLanguage":"es","url":"https:\/\/ktfnews.com\/wp-content\/uploads\/2020\/11\/Langa_Massacre_21_March_1985.jpg","contentUrl":"https:\/\/ktfnews.com\/wp-content\/uploads\/2020\/11\/Langa_Massacre_21_March_1985.jpg","width":1152,"height":786},{"@type":"WebPage","@id":"https:\/\/ktfnews.com\/es\/next-jihad-evangelical-leader-rabbi-warn-christian-genocide-africa\/#webpage","url":"https:\/\/ktfnews.com\/es\/next-jihad-evangelical-leader-rabbi-warn-christian-genocide-africa\/","name":"[:en]\u2018The Next Jihad': Evangelical leader, rabbi warn about 'Christian genocide\u2019 in Africa[:es]\"La Pr\u00f3xima Yihad\": L\u00edder Evang\u00e9lico y Rabino Advierte sobre el \"Genocidio Cristiano\" en \u00c1frica.[:] - KEEP the FAITH","isPartOf":{"@id":"https:\/\/ktfnews.com\/#website"},"primaryImageOfPage":{"@id":"https:\/\/ktfnews.com\/es\/next-jihad-evangelical-leader-rabbi-warn-christian-genocide-africa\/#primaryimage"},"datePublished":"2020-11-20T12:30:12+00:00","dateModified":"2020-11-18T23:02:54+00:00","author":{"@id":"https:\/\/ktfnews.com\/#\/schema\/person\/ba4174513d9169cf8e229b7d8d60410d"},"breadcrumb":{"@id":"https:\/\/ktfnews.com\/es\/next-jihad-evangelical-leader-rabbi-warn-christian-genocide-africa\/#breadcrumb"},"inLanguage":"es","potentialAction":[{"@type":"ReadAction","target":["https:\/\/ktfnews.com\/es\/next-jihad-evangelical-leader-rabbi-warn-christian-genocide-africa\/"]}]},{"@type":"BreadcrumbList","@id":"https:\/\/ktfnews.com\/es\/next-jihad-evangelical-leader-rabbi-warn-christian-genocide-africa\/#breadcrumb","itemListElement":[{"@type":"ListItem","position":1,"name":"Home","item":"https:\/\/ktfnews.com\/"},{"@type":"ListItem","position":2,"name":"Briefings","item":"https:\/\/ktfnews.com\/category\/briefings\/"},{"@type":"ListItem","position":3,"name":"\u2018The Next Jihad&#8217;: Evangelical leader, rabbi warn about &#8216;Christian genocide\u2019 in Africa"}]},{"@type":"Person","@id":"https:\/\/ktfnews.com\/#\/schema\/person\/ba4174513d9169cf8e229b7d8d60410d","name":"Pastor Hal Mayer","image":{"@type":"ImageObject","@id":"https:\/\/ktfnews.com\/#personlogo","inLanguage":"es","url":"https:\/\/secure.gravatar.com\/avatar\/051bac95ae650254c5a03467b9456599?s=96&d=mm&r=g","contentUrl":"https:\/\/secure.gravatar.com\/avatar\/051bac95ae650254c5a03467b9456599?s=96&d=mm&r=g","caption":"Pastor Hal Mayer"},"description":"Pastor Hal Mayer is speaker and director of Keep the Faith Ministry. For the last 20 years Pastor Mayer\u2019s monthly prophetic analysis on CD and online has revealed the striking evidence of fulfilling prophecy to many thousands of subscribers all over the world. Pastor Mayer\u2019s background in history and Bible prophecy give him unique insights and perspectives that have blessed many and helped them make a deeper commitment to the Lord. Keep the Faith Ministry helps those who want to keep abreast of fulfilling prophecy and who want to understand and navigate the unique and difficult circumstances of the end-times. Keep the Faith Ministry helps to prepare you for the second coming of Christ. Pastor Mayer is married to Betsy for more than 40 years. They have no children of their own. \u201cThe times in which we live are thrilling, because the things prophesied in God\u2019s word are actually coming to pass in this generation,\u201d says Pastor Mayer. \u201cIn a time when the distinctive end-time truths of God\u2019s word are being censored, and life in this world is becoming more and more chaotic, Keep the Faith is a voice of strength and encouragement.\u201d","url":"https:\/\/ktfnews.com\/es\/author\/hal\/"}]}},"_links":{"self":[{"href":"https:\/\/ktfnews.com\/es\/wp-json\/wp\/v2\/posts\/20844"}],"collection":[{"href":"https:\/\/ktfnews.com\/es\/wp-json\/wp\/v2\/posts"}],"about":[{"href":"https:\/\/ktfnews.com\/es\/wp-json\/wp\/v2\/types\/post"}],"author":[{"embeddable":true,"href":"https:\/\/ktfnews.com\/es\/wp-json\/wp\/v2\/users\/6"}],"replies":[{"embeddable":true,"href":"https:\/\/ktfnews.com\/es\/wp-json\/wp\/v2\/comments?post=20844"}],"version-history":[{"count":2,"href":"https:\/\/ktfnews.com\/es\/wp-json\/wp\/v2\/posts\/20844\/revisions"}],"predecessor-version":[{"id":20846,"href":"https:\/\/ktfnews.com\/es\/wp-json\/wp\/v2\/posts\/20844\/revisions\/20846"}],"wp:featuredmedia":[{"embeddable":true,"href":"https:\/\/ktfnews.com\/es\/wp-json\/wp\/v2\/media\/20847"}],"wp:attachment":[{"href":"https:\/\/ktfnews.com\/es\/wp-json\/wp\/v2\/media?parent=20844"}],"wp:term":[{"taxonomy":"category","embeddable":true,"href":"https:\/\/ktfnews.com\/es\/wp-json\/wp\/v2\/categories?post=20844"},{"taxonomy":"post_tag","embeddable":true,"href":"https:\/\/ktfnews.com\/es\/wp-json\/wp\/v2\/tags?post=20844"}],"curies":[{"name":"wp","href":"https:\/\/api.w.org\/{rel}","templated":true}]}}