{"id":20772,"date":"2020-11-10T07:30:48","date_gmt":"2020-11-10T12:30:48","guid":{"rendered":"https:\/\/ktfnews.com\/?p=20772"},"modified":"2020-11-09T21:40:24","modified_gmt":"2020-11-10T02:40:24","slug":"scot-govt-hate-speech-homes-must-prosecuted","status":"publish","type":"post","link":"https:\/\/ktfnews.com\/es\/scot-govt-hate-speech-homes-must-prosecuted\/","title":{"rendered":"Gobierno de Escocia: \u00abEl Discurso de Odio en los Hogares Debe ser Procesado\u201d"},"content":{"rendered":"<p><i>The Christian Institute<\/i>: El Secretario de Justicia de Escocia dice que tiene la intenci\u00f3n de reprimir el discurso de odio dentro de la casa bajo su siniestro nuevo proyecto de ley de crimen de odio.<\/p>\n<p>Los defensores de la libertad de expresi\u00f3n han advertido que el proyecto de ley deja fuera una defensa crucial incluida en otras leyes del Reino Unido sobre cr\u00edmenes de odio, que protege las conversaciones en el hogar de la intervenci\u00f3n policial.<\/p>\n<p>Sin embargo, Humza Yousaf se niega a proporcionar una \u00abdefensa de la vivienda\u00bb, insistiendo en que el \u00abdiscurso de odio\u00bb en el hogar merece ser penalizado.<\/p>\n<p>Preocupaci\u00f3n bien fundada<\/p>\n<p>El Ministro hizo los comentarios a principios de esta semana en respuesta a las preguntas del Comit\u00e9 de Justicia, que se encarga de examinar la legislaci\u00f3n.<\/p>\n<p>Lord Bracadale, el juez cuyas recomendaciones dieron lugar al proyecto de ley, aconsej\u00f3 m\u00e1s tarde a los MSP que deb\u00edan pensar cuidadosamente en permitir que un delito de orden p\u00fablico se extendiera a la esfera privada.<\/p>\n<p>El Coordinador del Comit\u00e9 pregunt\u00f3 si el juez dir\u00eda, por su \u00abexperiencia en el funcionamiento del derecho penal\u00bb, que el Parlamento deber\u00eda \u00abestar alerta ante alg\u00fan peligro en ello\u00bb.<\/p>\n<p>Bracadale respondi\u00f3: \u00abCreo que su preocupaci\u00f3n est\u00e1 bien fundada\u00bb.<\/p>\n<p>La libertad de expresi\u00f3n amenazada<\/p>\n<p>El mes pasado, el Gobierno escoc\u00e9s acord\u00f3 elevar el umbral de los delitos de \u00abincitaci\u00f3n\u00bb, pasando de un comportamiento \u00absusceptible de suscitar odio\u00bb a un comportamiento \u00abdestinado a suscitar odio\u00bb.<\/p>\n<p>El Instituto Cristiano acogi\u00f3 con satisfacci\u00f3n la voluntad del Secretario de Justicia de llegar a un acuerdo sobre una de las partes m\u00e1s controvertidas del proyecto de ley, pero advirti\u00f3 que todav\u00eda se necesitan muchos m\u00e1s cambios.<\/p>\n<p>Nuestro comentario:<br \/>\nAunque esto no es EE.UU., es parte del pa\u00eds que le dio origen. Criminalizar el discurso en los hogares puede llevar a todo tipo de problemas para la monarqu\u00eda constitucional, incluyendo el enjuiciamiento de la expresi\u00f3n de odio religioso. Ense\u00f1ar la Biblia en el hogar puede llevar a la persecuci\u00f3n de la ense\u00f1anza de los creyentes de la Biblia lo que la Biblia dice sobre los homosexuales, o su ense\u00f1anza de Babilonia. Escocia corre el riesgo de repudiar todos los principios de su constituci\u00f3n, similares a los de Estados Unidos.<\/p>\n<p>Conexi\u00f3n Prof\u00e9tica:<br \/>\n\u201cCuando el protestantismo extienda la mano a trav\u00e9s el abismo para asir la mano del poder romano, cuando se incline por encima del abismo para darse la mano con el espiritismo, cuando, bajo la influencia de esta triple uni\u00f3n, nuestro pa\u00eds repudie todo principio de su Constituci\u00f3n como gobierno protestante y republicano, y haga provisi\u00f3n para la propagaci\u00f3n de las mentiras y seducciones papales, entonces sabremos que ha llegado el tiempo en que se ver\u00e1 la asombrosa obra de Satan\u00e1s, y que el fin est\u00e1 cerca.-2JT 151 (1885). <i>Eventos de los \u00daltimos D\u00edas<\/i>, p\u00e1g. 134.<\/p>\n<hr>\n<h3>Source References<\/h3>\n<ul>\n<li>\n<h5><a href=\"https:\/\/www.christian.org.uk\/news\/scot-govt-hate-speech-in-homes-must-be-prosecuted\/\" target=\"_blank\">Scot Govt: \u2018Hate speech in homes must be prosecuted\u2019<\/a><\/h5>\n<\/li>\n<\/ul>\n<p><\/p>\n<!-- AddThis Advanced Settings generic via filter on the_content -->","protected":false},"excerpt":{"rendered":"<p>The Christian Institute: El Secretario de Justicia de Escocia dice que tiene la intenci\u00f3n de reprimir el discurso de odio dentro de la casa bajo su siniestro nuevo proyecto de ley de crimen de odio. Los defensores de la libertad&#8230;<!-- AddThis Advanced Settings generic via filter on wp_trim_excerpt --><\/p>\n","protected":false},"author":6,"featured_media":20773,"comment_status":"open","ping_status":"open","sticky":false,"template":"","format":"standard","meta":{"episode_type":"","audio_file":"","duration":"","filesize":"","date_recorded":"","explicit":"","block":"","filesize_raw":"","_FSMCFIC_featured_image_caption":"Image: Flickr.com","_FSMCFIC_featured_image_nocaption":null,"_FSMCFIC_featured_image_hide":null,"_links_to":"","_links_to_target":""},"categories":[722,32],"tags":[888,221,62,624,1214],"featured_image_urls":{"thumbnail":"https:\/\/ktfnews.com\/wp-content\/uploads\/2020\/11\/Scottish-Justice-Secretary-Humza-Yousaf-150x150.jpg","medium":"https:\/\/ktfnews.com\/wp-content\/uploads\/2020\/11\/Scottish-Justice-Secretary-Humza-Yousaf-300x205.jpg","medium_large":"https:\/\/ktfnews.com\/wp-content\/uploads\/2020\/11\/Scottish-Justice-Secretary-Humza-Yousaf-768x525.jpg","large":"https:\/\/ktfnews.com\/wp-content\/uploads\/2020\/11\/Scottish-Justice-Secretary-Humza-Yousaf-1024x700.jpg","team-small":"https:\/\/ktfnews.com\/wp-content\/uploads\/2020\/11\/Scottish-Justice-Secretary-Humza-Yousaf-138x162.jpg","team-overview":"https:\/\/ktfnews.com\/wp-content\/uploads\/2020\/11\/Scottish-Justice-Secretary-Humza-Yousaf-200x279.jpg","team-big":"https:\/\/ktfnews.com\/wp-content\/uploads\/2020\/11\/Scottish-Justice-Secretary-Humza-Yousaf-540x270.jpg","two-columns":"https:\/\/ktfnews.com\/wp-content\/uploads\/2020\/11\/Scottish-Justice-Secretary-Humza-Yousaf-379x242.jpg","one-column":"https:\/\/ktfnews.com\/wp-content\/uploads\/2020\/11\/Scottish-Justice-Secretary-Humza-Yousaf-379x242.jpg","mini-square":"https:\/\/ktfnews.com\/wp-content\/uploads\/2020\/11\/Scottish-Justice-Secretary-Humza-Yousaf-70x70.jpg","portfolio-widget-mainpage":"https:\/\/ktfnews.com\/wp-content\/uploads\/2020\/11\/Scottish-Justice-Secretary-Humza-Yousaf-335x195.jpg","portfolio-single-ajax":"https:\/\/ktfnews.com\/wp-content\/uploads\/2020\/11\/Scottish-Justice-Secretary-Humza-Yousaf-670x280.jpg","portfolio-single-big":"https:\/\/ktfnews.com\/wp-content\/uploads\/2020\/11\/Scottish-Justice-Secretary-Humza-Yousaf-685x480.jpg","portfolio-single-small":"https:\/\/ktfnews.com\/wp-content\/uploads\/2020\/11\/Scottish-Justice-Secretary-Humza-Yousaf-685x280.jpg","portfolio-single-full-big":"https:\/\/ktfnews.com\/wp-content\/uploads\/2020\/11\/Scottish-Justice-Secretary-Humza-Yousaf-960x590.jpg","portfolio-single-full-small":"https:\/\/ktfnews.com\/wp-content\/uploads\/2020\/11\/Scottish-Justice-Secretary-Humza-Yousaf-960x250.jpg","gallery-post":"https:\/\/ktfnews.com\/wp-content\/uploads\/2020\/11\/Scottish-Justice-Secretary-Humza-Yousaf-182x126.jpg","gallery-post-smaller":"https:\/\/ktfnews.com\/wp-content\/uploads\/2020\/11\/Scottish-Justice-Secretary-Humza-Yousaf-158x100.jpg","gallery-standard":"https:\/\/ktfnews.com\/wp-content\/uploads\/2020\/11\/Scottish-Justice-Secretary-Humza-Yousaf-257x169.jpg","tooltip-preview":"https:\/\/ktfnews.com\/wp-content\/uploads\/2020\/11\/Scottish-Justice-Secretary-Humza-Yousaf-227x133.jpg","widget-content-slider":"https:\/\/ktfnews.com\/wp-content\/uploads\/2020\/11\/Scottish-Justice-Secretary-Humza-Yousaf-230x137.jpg","post-top-articles":"https:\/\/ktfnews.com\/wp-content\/uploads\/2020\/11\/Scottish-Justice-Secretary-Humza-Yousaf-130x100.jpg","post-single-wide":"https:\/\/ktfnews.com\/wp-content\/uploads\/2020\/11\/Scottish-Justice-Secretary-Humza-Yousaf-595x360.jpg","post-single-wide-nocrop":"https:\/\/ktfnews.com\/wp-content\/uploads\/2020\/11\/Scottish-Justice-Secretary-Humza-Yousaf-595x407.jpg","post-single-wide-mobile":"https:\/\/ktfnews.com\/wp-content\/uploads\/2020\/11\/Scottish-Justice-Secretary-Humza-Yousaf-320x190.jpg","post-single-wide-small":"https:\/\/ktfnews.com\/wp-content\/uploads\/2020\/11\/Scottish-Justice-Secretary-Humza-Yousaf-595x190.jpg","post-single-square":"https:\/\/ktfnews.com\/wp-content\/uploads\/2020\/11\/Scottish-Justice-Secretary-Humza-Yousaf-120x120.jpg","post-single-full-small":"https:\/\/ktfnews.com\/wp-content\/uploads\/2020\/11\/Scottish-Justice-Secretary-Humza-Yousaf-950x360.jpg","post-single-full-big":"https:\/\/ktfnews.com\/wp-content\/uploads\/2020\/11\/Scottish-Justice-Secretary-Humza-Yousaf-950x590.jpg","photo-blog":"https:\/\/ktfnews.com\/wp-content\/uploads\/2020\/11\/Scottish-Justice-Secretary-Humza-Yousaf-768x525.jpg"},"appp_media":null,"yoast_head":"<!-- This site is optimized with the Yoast SEO plugin v17.3 - https:\/\/yoast.com\/wordpress\/plugins\/seo\/ -->\n<meta name=\"robots\" content=\"index, follow, max-snippet:-1, max-image-preview:large, max-video-preview:-1\" \/>\n<link rel=\"canonical\" href=\"https:\/\/ktfnews.com\/es\/scot-govt-hate-speech-homes-must-prosecuted\/\" \/>\n<meta property=\"og:locale\" content=\"es_ES\" \/>\n<meta property=\"og:type\" content=\"article\" \/>\n<meta property=\"og:title\" content=\"[:en]Scot Govt: \u2018Hate speech in homes must be prosecuted\u2019[:es]Gobierno de Escocia: &quot;El Discurso de Odio en los Hogares Debe ser Procesado\u201d[:] - KEEP the FAITH\" \/>\n<meta property=\"og:description\" content=\"The Christian Institute: El Secretario de Justicia de Escocia dice que tiene la intenci\u00f3n de reprimir el discurso de odio dentro de la casa bajo su siniestro nuevo proyecto de ley de crimen de odio. Los defensores de la libertad...\" \/>\n<meta property=\"og:url\" content=\"https:\/\/ktfnews.com\/es\/scot-govt-hate-speech-homes-must-prosecuted\/\" \/>\n<meta property=\"og:site_name\" content=\"KEEP the FAITH\" \/>\n<meta property=\"article:publisher\" content=\"https:\/\/www.facebook.com\/ktfministry\" \/>\n<meta property=\"article:published_time\" content=\"2020-11-10T12:30:48+00:00\" \/>\n<meta property=\"article:modified_time\" content=\"2020-11-10T02:40:24+00:00\" \/>\n<meta property=\"og:image\" content=\"https:\/\/ktfnews.com\/wp-content\/uploads\/2020\/11\/Scottish-Justice-Secretary-Humza-Yousaf.jpg\" \/>\n\t<meta property=\"og:image:width\" content=\"1024\" \/>\n\t<meta property=\"og:image:height\" content=\"700\" \/>\n<meta name=\"twitter:card\" content=\"summary_large_image\" \/>\n<meta name=\"twitter:creator\" content=\"@ktfministry\" \/>\n<meta name=\"twitter:site\" content=\"@ktfministry\" \/>\n<meta name=\"twitter:label1\" content=\"Escrito por\" \/>\n\t<meta name=\"twitter:data1\" content=\"Pastor Hal Mayer\" \/>\n\t<meta name=\"twitter:label2\" content=\"Tiempo de lectura\" \/>\n\t<meta name=\"twitter:data2\" content=\"5 minutos\" \/>\n<script type=\"application\/ld+json\" class=\"yoast-schema-graph\">{\"@context\":\"https:\/\/schema.org\",\"@graph\":[{\"@type\":\"WebSite\",\"@id\":\"https:\/\/ktfnews.com\/#website\",\"url\":\"https:\/\/ktfnews.com\/\",\"name\":\"KEEP the FAITH\",\"description\":\"Preparing you for the final conflict between good and evil.\",\"potentialAction\":[{\"@type\":\"SearchAction\",\"target\":{\"@type\":\"EntryPoint\",\"urlTemplate\":\"https:\/\/ktfnews.com\/?s={search_term_string}\"},\"query-input\":\"required name=search_term_string\"}],\"inLanguage\":\"es\"},{\"@type\":\"ImageObject\",\"@id\":\"https:\/\/ktfnews.com\/es\/scot-govt-hate-speech-homes-must-prosecuted\/#primaryimage\",\"inLanguage\":\"es\",\"url\":\"https:\/\/ktfnews.com\/wp-content\/uploads\/2020\/11\/Scottish-Justice-Secretary-Humza-Yousaf.jpg\",\"contentUrl\":\"https:\/\/ktfnews.com\/wp-content\/uploads\/2020\/11\/Scottish-Justice-Secretary-Humza-Yousaf.jpg\",\"width\":1024,\"height\":700},{\"@type\":\"WebPage\",\"@id\":\"https:\/\/ktfnews.com\/es\/scot-govt-hate-speech-homes-must-prosecuted\/#webpage\",\"url\":\"https:\/\/ktfnews.com\/es\/scot-govt-hate-speech-homes-must-prosecuted\/\",\"name\":\"[:en]Scot Govt: \\u2018Hate speech in homes must be prosecuted\\u2019[:es]Gobierno de Escocia: \\\"El Discurso de Odio en los Hogares Debe ser Procesado\\u201d[:] - KEEP the FAITH\",\"isPartOf\":{\"@id\":\"https:\/\/ktfnews.com\/#website\"},\"primaryImageOfPage\":{\"@id\":\"https:\/\/ktfnews.com\/es\/scot-govt-hate-speech-homes-must-prosecuted\/#primaryimage\"},\"datePublished\":\"2020-11-10T12:30:48+00:00\",\"dateModified\":\"2020-11-10T02:40:24+00:00\",\"author\":{\"@id\":\"https:\/\/ktfnews.com\/#\/schema\/person\/ba4174513d9169cf8e229b7d8d60410d\"},\"breadcrumb\":{\"@id\":\"https:\/\/ktfnews.com\/es\/scot-govt-hate-speech-homes-must-prosecuted\/#breadcrumb\"},\"inLanguage\":\"es\",\"potentialAction\":[{\"@type\":\"ReadAction\",\"target\":[\"https:\/\/ktfnews.com\/es\/scot-govt-hate-speech-homes-must-prosecuted\/\"]}]},{\"@type\":\"BreadcrumbList\",\"@id\":\"https:\/\/ktfnews.com\/es\/scot-govt-hate-speech-homes-must-prosecuted\/#breadcrumb\",\"itemListElement\":[{\"@type\":\"ListItem\",\"position\":1,\"name\":\"Home\",\"item\":\"https:\/\/ktfnews.com\/\"},{\"@type\":\"ListItem\",\"position\":2,\"name\":\"Briefings\",\"item\":\"https:\/\/ktfnews.com\/category\/briefings\/\"},{\"@type\":\"ListItem\",\"position\":3,\"name\":\"Scot Govt: \\u2018Hate speech in homes must be prosecuted\\u2019\"}]},{\"@type\":\"Person\",\"@id\":\"https:\/\/ktfnews.com\/#\/schema\/person\/ba4174513d9169cf8e229b7d8d60410d\",\"name\":\"Pastor Hal Mayer\",\"image\":{\"@type\":\"ImageObject\",\"@id\":\"https:\/\/ktfnews.com\/#personlogo\",\"inLanguage\":\"es\",\"url\":\"https:\/\/secure.gravatar.com\/avatar\/051bac95ae650254c5a03467b9456599?s=96&d=mm&r=g\",\"contentUrl\":\"https:\/\/secure.gravatar.com\/avatar\/051bac95ae650254c5a03467b9456599?s=96&d=mm&r=g\",\"caption\":\"Pastor Hal Mayer\"},\"description\":\"Pastor Hal Mayer is speaker and director of Keep the Faith Ministry. For the last 20 years Pastor Mayer\\u2019s monthly prophetic analysis on CD and online has revealed the striking evidence of fulfilling prophecy to many thousands of subscribers all over the world. Pastor Mayer\\u2019s background in history and Bible prophecy give him unique insights and perspectives that have blessed many and helped them make a deeper commitment to the Lord. Keep the Faith Ministry helps those who want to keep abreast of fulfilling prophecy and who want to understand and navigate the unique and difficult circumstances of the end-times. Keep the Faith Ministry helps to prepare you for the second coming of Christ. Pastor Mayer is married to Betsy for more than 40 years. They have no children of their own. \\u201cThe times in which we live are thrilling, because the things prophesied in God\\u2019s word are actually coming to pass in this generation,\\u201d says Pastor Mayer. \\u201cIn a time when the distinctive end-time truths of God\\u2019s word are being censored, and life in this world is becoming more and more chaotic, Keep the Faith is a voice of strength and encouragement.\\u201d\",\"url\":\"https:\/\/ktfnews.com\/es\/author\/hal\/\"}]}<\/script>\n<!-- \/ Yoast SEO plugin. -->","yoast_head_json":{"robots":{"index":"index","follow":"follow","max-snippet":"max-snippet:-1","max-image-preview":"max-image-preview:large","max-video-preview":"max-video-preview:-1"},"canonical":"https:\/\/ktfnews.com\/es\/scot-govt-hate-speech-homes-must-prosecuted\/","og_locale":"es_ES","og_type":"article","og_title":"[:en]Scot Govt: \u2018Hate speech in homes must be prosecuted\u2019[:es]Gobierno de Escocia: \"El Discurso de Odio en los Hogares Debe ser Procesado\u201d[:] - KEEP the FAITH","og_description":"The Christian Institute: El Secretario de Justicia de Escocia dice que tiene la intenci\u00f3n de reprimir el discurso de odio dentro de la casa bajo su siniestro nuevo proyecto de ley de crimen de odio. Los defensores de la libertad...","og_url":"https:\/\/ktfnews.com\/es\/scot-govt-hate-speech-homes-must-prosecuted\/","og_site_name":"KEEP the FAITH","article_publisher":"https:\/\/www.facebook.com\/ktfministry","article_published_time":"2020-11-10T12:30:48+00:00","article_modified_time":"2020-11-10T02:40:24+00:00","og_image":[{"width":1024,"height":700,"url":"https:\/\/ktfnews.com\/wp-content\/uploads\/2020\/11\/Scottish-Justice-Secretary-Humza-Yousaf.jpg","type":"image\/jpeg"}],"twitter_card":"summary_large_image","twitter_creator":"@ktfministry","twitter_site":"@ktfministry","twitter_misc":{"Escrito por":"Pastor Hal Mayer","Tiempo de lectura":"5 minutos"},"schema":{"@context":"https:\/\/schema.org","@graph":[{"@type":"WebSite","@id":"https:\/\/ktfnews.com\/#website","url":"https:\/\/ktfnews.com\/","name":"KEEP the FAITH","description":"Preparing you for the final conflict between good and evil.","potentialAction":[{"@type":"SearchAction","target":{"@type":"EntryPoint","urlTemplate":"https:\/\/ktfnews.com\/?s={search_term_string}"},"query-input":"required name=search_term_string"}],"inLanguage":"es"},{"@type":"ImageObject","@id":"https:\/\/ktfnews.com\/es\/scot-govt-hate-speech-homes-must-prosecuted\/#primaryimage","inLanguage":"es","url":"https:\/\/ktfnews.com\/wp-content\/uploads\/2020\/11\/Scottish-Justice-Secretary-Humza-Yousaf.jpg","contentUrl":"https:\/\/ktfnews.com\/wp-content\/uploads\/2020\/11\/Scottish-Justice-Secretary-Humza-Yousaf.jpg","width":1024,"height":700},{"@type":"WebPage","@id":"https:\/\/ktfnews.com\/es\/scot-govt-hate-speech-homes-must-prosecuted\/#webpage","url":"https:\/\/ktfnews.com\/es\/scot-govt-hate-speech-homes-must-prosecuted\/","name":"[:en]Scot Govt: \u2018Hate speech in homes must be prosecuted\u2019[:es]Gobierno de Escocia: \"El Discurso de Odio en los Hogares Debe ser Procesado\u201d[:] - KEEP the FAITH","isPartOf":{"@id":"https:\/\/ktfnews.com\/#website"},"primaryImageOfPage":{"@id":"https:\/\/ktfnews.com\/es\/scot-govt-hate-speech-homes-must-prosecuted\/#primaryimage"},"datePublished":"2020-11-10T12:30:48+00:00","dateModified":"2020-11-10T02:40:24+00:00","author":{"@id":"https:\/\/ktfnews.com\/#\/schema\/person\/ba4174513d9169cf8e229b7d8d60410d"},"breadcrumb":{"@id":"https:\/\/ktfnews.com\/es\/scot-govt-hate-speech-homes-must-prosecuted\/#breadcrumb"},"inLanguage":"es","potentialAction":[{"@type":"ReadAction","target":["https:\/\/ktfnews.com\/es\/scot-govt-hate-speech-homes-must-prosecuted\/"]}]},{"@type":"BreadcrumbList","@id":"https:\/\/ktfnews.com\/es\/scot-govt-hate-speech-homes-must-prosecuted\/#breadcrumb","itemListElement":[{"@type":"ListItem","position":1,"name":"Home","item":"https:\/\/ktfnews.com\/"},{"@type":"ListItem","position":2,"name":"Briefings","item":"https:\/\/ktfnews.com\/category\/briefings\/"},{"@type":"ListItem","position":3,"name":"Scot Govt: \u2018Hate speech in homes must be prosecuted\u2019"}]},{"@type":"Person","@id":"https:\/\/ktfnews.com\/#\/schema\/person\/ba4174513d9169cf8e229b7d8d60410d","name":"Pastor Hal Mayer","image":{"@type":"ImageObject","@id":"https:\/\/ktfnews.com\/#personlogo","inLanguage":"es","url":"https:\/\/secure.gravatar.com\/avatar\/051bac95ae650254c5a03467b9456599?s=96&d=mm&r=g","contentUrl":"https:\/\/secure.gravatar.com\/avatar\/051bac95ae650254c5a03467b9456599?s=96&d=mm&r=g","caption":"Pastor Hal Mayer"},"description":"Pastor Hal Mayer is speaker and director of Keep the Faith Ministry. For the last 20 years Pastor Mayer\u2019s monthly prophetic analysis on CD and online has revealed the striking evidence of fulfilling prophecy to many thousands of subscribers all over the world. Pastor Mayer\u2019s background in history and Bible prophecy give him unique insights and perspectives that have blessed many and helped them make a deeper commitment to the Lord. Keep the Faith Ministry helps those who want to keep abreast of fulfilling prophecy and who want to understand and navigate the unique and difficult circumstances of the end-times. Keep the Faith Ministry helps to prepare you for the second coming of Christ. Pastor Mayer is married to Betsy for more than 40 years. They have no children of their own. \u201cThe times in which we live are thrilling, because the things prophesied in God\u2019s word are actually coming to pass in this generation,\u201d says Pastor Mayer. \u201cIn a time when the distinctive end-time truths of God\u2019s word are being censored, and life in this world is becoming more and more chaotic, Keep the Faith is a voice of strength and encouragement.\u201d","url":"https:\/\/ktfnews.com\/es\/author\/hal\/"}]}},"_links":{"self":[{"href":"https:\/\/ktfnews.com\/es\/wp-json\/wp\/v2\/posts\/20772"}],"collection":[{"href":"https:\/\/ktfnews.com\/es\/wp-json\/wp\/v2\/posts"}],"about":[{"href":"https:\/\/ktfnews.com\/es\/wp-json\/wp\/v2\/types\/post"}],"author":[{"embeddable":true,"href":"https:\/\/ktfnews.com\/es\/wp-json\/wp\/v2\/users\/6"}],"replies":[{"embeddable":true,"href":"https:\/\/ktfnews.com\/es\/wp-json\/wp\/v2\/comments?post=20772"}],"version-history":[{"count":2,"href":"https:\/\/ktfnews.com\/es\/wp-json\/wp\/v2\/posts\/20772\/revisions"}],"predecessor-version":[{"id":20784,"href":"https:\/\/ktfnews.com\/es\/wp-json\/wp\/v2\/posts\/20772\/revisions\/20784"}],"wp:featuredmedia":[{"embeddable":true,"href":"https:\/\/ktfnews.com\/es\/wp-json\/wp\/v2\/media\/20773"}],"wp:attachment":[{"href":"https:\/\/ktfnews.com\/es\/wp-json\/wp\/v2\/media?parent=20772"}],"wp:term":[{"taxonomy":"category","embeddable":true,"href":"https:\/\/ktfnews.com\/es\/wp-json\/wp\/v2\/categories?post=20772"},{"taxonomy":"post_tag","embeddable":true,"href":"https:\/\/ktfnews.com\/es\/wp-json\/wp\/v2\/tags?post=20772"}],"curies":[{"name":"wp","href":"https:\/\/api.w.org\/{rel}","templated":true}]}}