{"id":20659,"date":"2020-10-22T07:30:49","date_gmt":"2020-10-22T11:30:49","guid":{"rendered":"https:\/\/ktfnews.com\/?p=20659"},"modified":"2020-10-20T23:19:15","modified_gmt":"2020-10-21T03:19:15","slug":"netherlands-expand-euthanasia-law-allowing-doctors-end-lives-children-12","status":"publish","type":"post","link":"https:\/\/ktfnews.com\/es\/netherlands-expand-euthanasia-law-allowing-doctors-end-lives-children-12\/","title":{"rendered":"Los Pa\u00edses Bajos Ampliar\u00e1n la Ley de Eutanasia, M\u00e9dicos Podr\u00e1n Poner Fin a la Vida de Ni\u00f1os Menores de 12 A\u00f1os"},"content":{"rendered":"<p><i>Christian Post<\/i>, por Brandon Showalter: Los Pa\u00edses Bajos est\u00e1n listos para preparar el camino para la eutanasia legalizada de ni\u00f1os muy peque\u00f1os.<\/p>\n<p>De acuerdo con el NLTimes Tuesday, la naci\u00f3n del noroeste de Europa, que ya tiene algunas de las pol\u00edticas de eutanasia m\u00e1s liberales del mundo, es probable que ampl\u00ede su ley para permitir la eutanasia de ni\u00f1os de 1 a 12 a\u00f1os en ciertas circunstancias. La pr\u00e1ctica ya es legal para los j\u00f3venes de 12 a\u00f1os en adelante y ya era posible para los beb\u00e9s en su primer a\u00f1o de vida.<\/p>\n<p>La ampliaci\u00f3n requiere que el ni\u00f1o que se someta a la eutanasia sea un enfermo terminal.<\/p>\n<p>\u00abUna vez que la muerte est\u00e1 en el asiento del conductor, nunca pisa el freno\u00bb, coment\u00f3 el acad\u00e9mico Wesley J. Smith del Discovery Institute en una entrada del blog Tuesday National Review, se\u00f1alando que no cree que el requisito de \u00abenfermo terminal\u00bb vaya a durar y que la ley ya es lo suficientemente turbia dada la forma en que los m\u00e9dicos pro-eutanasia explotan el \u00ab\u00e1rea gris\u00bb en la pr\u00e1ctica.<\/p>\n<p>El medio holand\u00e9s continu\u00f3 describiendo c\u00f3mo en la nueva pol\u00edtica los doctores s\u00f3lo pueden sedar permanentemente o retener los nutrientes de los ni\u00f1os hasta que mueran, llamando a la pr\u00e1ctica \u00abcuidados paliativos\u00bb.<\/p>\n<p>En virtud de lo que se conoce como el Protocolo de Groningen -un conjunto de directivas m\u00e9dicas neerlandesas de 2004 con criterios seg\u00fan los cuales se permite a los m\u00e9dicos llevar a cabo la \u00abterminaci\u00f3n activa de la vida de los beb\u00e9s\u00bb sin temor a repercusiones jur\u00eddicas- los beb\u00e9s en los Pa\u00edses Bajos pueden ser sometidos a la eutanasia por discapacidad grave y enfermedad terminal.<\/p>\n<p>El Ministro de Salud holand\u00e9s Hugo de Jonge dijo al Parlamento esta semana que se deber\u00eda permitir la eutanasia infantil para ayudar a \u00abun peque\u00f1o grupo de ni\u00f1os con enfermedades terminales que agonizan sin esperanza y con un sufrimiento insoportable\u00bb. La propuesta afectar\u00e1 anualmente a entre cinco y diez ni\u00f1os que sufren \u00abcomo resultado en algunos casos innecesariamente, durante mucho tiempo, sin ninguna perspectiva de mejora\u00bb.<\/p>\n<p>La propuesta ha dividido a los pol\u00edticos, con el partido VVD del Primer Ministro Mark Rutte y el partido centrista D66 respaldando la expansi\u00f3n y el partido Apelaci\u00f3n Dem\u00f3crata Cristiana de De Jonge y la Uni\u00f3n Cristiana oponi\u00e9ndose a ella. Los grupos de padres y la Asociaci\u00f3n Pedi\u00e1trica Holandesa, la NVK, tambi\u00e9n apoyan el plan.<\/p>\n<p>En 2002, los Pa\u00edses Bajos se convirtieron en el primer pa\u00eds europeo que autoriz\u00f3 legalmente la eutanasia, y los estatutos que permiten cu\u00e1ndo las personas pueden optar por poner fin a sus vidas se han ido aflojando con el tiempo. Seg\u00fan la asociaci\u00f3n europea de bio\u00e9tica AllianceVita, en el primer decenio de su legalizaci\u00f3n se duplic\u00f3 el n\u00famero de casos de eutanasia; en los primeros 15 a\u00f1os las tasas se hab\u00edan triplicado. En 2016, se practicaba la eutanasia a un promedio de 16 personas diariamente y representaba el 4% de todas las muertes anuales en los Pa\u00edses Bajos.<\/p>\n<p>\u00abLa mayor\u00eda de estos casos de eutanasia (83%) se realizaron en pacientes que padec\u00edan enfermedades incurables, otro 10% por patolog\u00edas m\u00faltiples, un 4% por discapacidades relacionadas con la vejez, un 2% por trastornos psiqui\u00e1tricos y un 1% por demencia\u00bb, inform\u00f3 el grupo.<\/p>\n<p>Conexi\u00f3n Prof\u00e9tica:<br \/>\n\u201cNo matar\u00e1s\u201d \u00c9xodo 20:13.<\/p>\n<hr>\n<h3>Source References<\/h3>\n<ul>\n<li>\n<h5><a href=\"https:\/\/www.christianpost.com\/news\/netherlands-to-expand-euthanasia-law-to-children-under-12.html\" target=\"_blank\">Netherlands to expand euthanasia law, allowing doctors to end lives of children under 12<\/a><\/h5>\n<\/li>\n<\/ul>\n<p><\/p>\n<!-- AddThis Advanced Settings generic via filter on the_content -->","protected":false},"excerpt":{"rendered":"<p>Christian Post, por Brandon Showalter: Los Pa\u00edses Bajos est\u00e1n listos para preparar el camino para la eutanasia legalizada de ni\u00f1os muy peque\u00f1os. De acuerdo con el NLTimes Tuesday, la naci\u00f3n del noroeste de Europa, que ya tiene algunas de las&#8230;<!-- AddThis Advanced Settings generic via filter on wp_trim_excerpt --><\/p>\n","protected":false},"author":6,"featured_media":20663,"comment_status":"open","ping_status":"open","sticky":false,"template":"","format":"standard","meta":{"episode_type":"","audio_file":"","duration":"","filesize":"","date_recorded":"","explicit":"","block":"","filesize_raw":"","_FSMCFIC_featured_image_caption":"Image: Cor Gaasbeek from Pixabay.com","_FSMCFIC_featured_image_nocaption":null,"_FSMCFIC_featured_image_hide":null,"_links_to":"","_links_to_target":""},"categories":[722,32],"tags":[82,2701,42,62,2072,695],"featured_image_urls":{"thumbnail":"https:\/\/ktfnews.com\/wp-content\/uploads\/2020\/10\/care-928653_1280-150x150.jpg","medium":"https:\/\/ktfnews.com\/wp-content\/uploads\/2020\/10\/care-928653_1280-300x200.jpg","medium_large":"https:\/\/ktfnews.com\/wp-content\/uploads\/2020\/10\/care-928653_1280-768x512.jpg","large":"https:\/\/ktfnews.com\/wp-content\/uploads\/2020\/10\/care-928653_1280-1024x682.jpg","team-small":"https:\/\/ktfnews.com\/wp-content\/uploads\/2020\/10\/care-928653_1280-138x162.jpg","team-overview":"https:\/\/ktfnews.com\/wp-content\/uploads\/2020\/10\/care-928653_1280-200x279.jpg","team-big":"https:\/\/ktfnews.com\/wp-content\/uploads\/2020\/10\/care-928653_1280-540x270.jpg","two-columns":"https:\/\/ktfnews.com\/wp-content\/uploads\/2020\/10\/care-928653_1280-379x242.jpg","one-column":"https:\/\/ktfnews.com\/wp-content\/uploads\/2020\/10\/care-928653_1280-379x242.jpg","mini-square":"https:\/\/ktfnews.com\/wp-content\/uploads\/2020\/10\/care-928653_1280-70x70.jpg","portfolio-widget-mainpage":"https:\/\/ktfnews.com\/wp-content\/uploads\/2020\/10\/care-928653_1280-335x195.jpg","portfolio-single-ajax":"https:\/\/ktfnews.com\/wp-content\/uploads\/2020\/10\/care-928653_1280-670x280.jpg","portfolio-single-big":"https:\/\/ktfnews.com\/wp-content\/uploads\/2020\/10\/care-928653_1280-685x480.jpg","portfolio-single-small":"https:\/\/ktfnews.com\/wp-content\/uploads\/2020\/10\/care-928653_1280-685x280.jpg","portfolio-single-full-big":"https:\/\/ktfnews.com\/wp-content\/uploads\/2020\/10\/care-928653_1280-960x590.jpg","portfolio-single-full-small":"https:\/\/ktfnews.com\/wp-content\/uploads\/2020\/10\/care-928653_1280-960x250.jpg","gallery-post":"https:\/\/ktfnews.com\/wp-content\/uploads\/2020\/10\/care-928653_1280-182x126.jpg","gallery-post-smaller":"https:\/\/ktfnews.com\/wp-content\/uploads\/2020\/10\/care-928653_1280-158x100.jpg","gallery-standard":"https:\/\/ktfnews.com\/wp-content\/uploads\/2020\/10\/care-928653_1280-257x169.jpg","tooltip-preview":"https:\/\/ktfnews.com\/wp-content\/uploads\/2020\/10\/care-928653_1280-227x133.jpg","widget-content-slider":"https:\/\/ktfnews.com\/wp-content\/uploads\/2020\/10\/care-928653_1280-230x137.jpg","post-top-articles":"https:\/\/ktfnews.com\/wp-content\/uploads\/2020\/10\/care-928653_1280-130x100.jpg","post-single-wide":"https:\/\/ktfnews.com\/wp-content\/uploads\/2020\/10\/care-928653_1280-595x360.jpg","post-single-wide-nocrop":"https:\/\/ktfnews.com\/wp-content\/uploads\/2020\/10\/care-928653_1280-595x397.jpg","post-single-wide-mobile":"https:\/\/ktfnews.com\/wp-content\/uploads\/2020\/10\/care-928653_1280-320x190.jpg","post-single-wide-small":"https:\/\/ktfnews.com\/wp-content\/uploads\/2020\/10\/care-928653_1280-595x190.jpg","post-single-square":"https:\/\/ktfnews.com\/wp-content\/uploads\/2020\/10\/care-928653_1280-120x120.jpg","post-single-full-small":"https:\/\/ktfnews.com\/wp-content\/uploads\/2020\/10\/care-928653_1280-950x360.jpg","post-single-full-big":"https:\/\/ktfnews.com\/wp-content\/uploads\/2020\/10\/care-928653_1280-950x590.jpg","photo-blog":"https:\/\/ktfnews.com\/wp-content\/uploads\/2020\/10\/care-928653_1280-768x512.jpg"},"appp_media":null,"yoast_head":"<!-- This site is optimized with the Yoast SEO plugin v17.3 - https:\/\/yoast.com\/wordpress\/plugins\/seo\/ -->\n<meta name=\"robots\" content=\"index, follow, max-snippet:-1, max-image-preview:large, max-video-preview:-1\" \/>\n<link rel=\"canonical\" href=\"https:\/\/ktfnews.com\/es\/netherlands-expand-euthanasia-law-allowing-doctors-end-lives-children-12\/\" \/>\n<meta property=\"og:locale\" content=\"es_ES\" \/>\n<meta property=\"og:type\" content=\"article\" \/>\n<meta property=\"og:title\" content=\"[:en]Netherlands to expand euthanasia law, allowing doctors to end lives of children under 12[:es]Los Pa\u00edses Bajos Ampliar\u00e1n la Ley de Eutanasia, M\u00e9dicos Podr\u00e1n Poner Fin a la Vida de Ni\u00f1os Menores de 12 A\u00f1os[:] - KEEP the FAITH\" \/>\n<meta property=\"og:description\" content=\"Christian Post, por Brandon Showalter: Los Pa\u00edses Bajos est\u00e1n listos para preparar el camino para la eutanasia legalizada de ni\u00f1os muy peque\u00f1os. De acuerdo con el NLTimes Tuesday, la naci\u00f3n del noroeste de Europa, que ya tiene algunas de las...\" \/>\n<meta property=\"og:url\" content=\"https:\/\/ktfnews.com\/es\/netherlands-expand-euthanasia-law-allowing-doctors-end-lives-children-12\/\" \/>\n<meta property=\"og:site_name\" content=\"KEEP the FAITH\" \/>\n<meta property=\"article:publisher\" content=\"https:\/\/www.facebook.com\/ktfministry\" \/>\n<meta property=\"article:published_time\" content=\"2020-10-22T11:30:49+00:00\" \/>\n<meta property=\"article:modified_time\" content=\"2020-10-21T03:19:15+00:00\" \/>\n<meta property=\"og:image\" content=\"https:\/\/ktfnews.com\/wp-content\/uploads\/2020\/10\/care-928653_1280.jpg\" \/>\n\t<meta property=\"og:image:width\" content=\"1280\" \/>\n\t<meta property=\"og:image:height\" content=\"853\" \/>\n<meta name=\"twitter:card\" content=\"summary_large_image\" \/>\n<meta name=\"twitter:creator\" content=\"@ktfministry\" \/>\n<meta name=\"twitter:site\" content=\"@ktfministry\" \/>\n<meta name=\"twitter:label1\" content=\"Escrito por\" \/>\n\t<meta name=\"twitter:data1\" content=\"Pastor Hal Mayer\" \/>\n\t<meta name=\"twitter:label2\" content=\"Tiempo de lectura\" \/>\n\t<meta name=\"twitter:data2\" content=\"5 minutos\" \/>\n<script type=\"application\/ld+json\" class=\"yoast-schema-graph\">{\"@context\":\"https:\/\/schema.org\",\"@graph\":[{\"@type\":\"WebSite\",\"@id\":\"https:\/\/ktfnews.com\/#website\",\"url\":\"https:\/\/ktfnews.com\/\",\"name\":\"KEEP the FAITH\",\"description\":\"Preparing you for the final conflict between good and evil.\",\"potentialAction\":[{\"@type\":\"SearchAction\",\"target\":{\"@type\":\"EntryPoint\",\"urlTemplate\":\"https:\/\/ktfnews.com\/?s={search_term_string}\"},\"query-input\":\"required name=search_term_string\"}],\"inLanguage\":\"es\"},{\"@type\":\"ImageObject\",\"@id\":\"https:\/\/ktfnews.com\/es\/netherlands-expand-euthanasia-law-allowing-doctors-end-lives-children-12\/#primaryimage\",\"inLanguage\":\"es\",\"url\":\"https:\/\/ktfnews.com\/wp-content\/uploads\/2020\/10\/care-928653_1280.jpg\",\"contentUrl\":\"https:\/\/ktfnews.com\/wp-content\/uploads\/2020\/10\/care-928653_1280.jpg\",\"width\":1280,\"height\":853},{\"@type\":\"WebPage\",\"@id\":\"https:\/\/ktfnews.com\/es\/netherlands-expand-euthanasia-law-allowing-doctors-end-lives-children-12\/#webpage\",\"url\":\"https:\/\/ktfnews.com\/es\/netherlands-expand-euthanasia-law-allowing-doctors-end-lives-children-12\/\",\"name\":\"[:en]Netherlands to expand euthanasia law, allowing doctors to end lives of children under 12[:es]Los Pa\\u00edses Bajos Ampliar\\u00e1n la Ley de Eutanasia, M\\u00e9dicos Podr\\u00e1n Poner Fin a la Vida de Ni\\u00f1os Menores de 12 A\\u00f1os[:] - KEEP the FAITH\",\"isPartOf\":{\"@id\":\"https:\/\/ktfnews.com\/#website\"},\"primaryImageOfPage\":{\"@id\":\"https:\/\/ktfnews.com\/es\/netherlands-expand-euthanasia-law-allowing-doctors-end-lives-children-12\/#primaryimage\"},\"datePublished\":\"2020-10-22T11:30:49+00:00\",\"dateModified\":\"2020-10-21T03:19:15+00:00\",\"author\":{\"@id\":\"https:\/\/ktfnews.com\/#\/schema\/person\/ba4174513d9169cf8e229b7d8d60410d\"},\"breadcrumb\":{\"@id\":\"https:\/\/ktfnews.com\/es\/netherlands-expand-euthanasia-law-allowing-doctors-end-lives-children-12\/#breadcrumb\"},\"inLanguage\":\"es\",\"potentialAction\":[{\"@type\":\"ReadAction\",\"target\":[\"https:\/\/ktfnews.com\/es\/netherlands-expand-euthanasia-law-allowing-doctors-end-lives-children-12\/\"]}]},{\"@type\":\"BreadcrumbList\",\"@id\":\"https:\/\/ktfnews.com\/es\/netherlands-expand-euthanasia-law-allowing-doctors-end-lives-children-12\/#breadcrumb\",\"itemListElement\":[{\"@type\":\"ListItem\",\"position\":1,\"name\":\"Home\",\"item\":\"https:\/\/ktfnews.com\/\"},{\"@type\":\"ListItem\",\"position\":2,\"name\":\"Briefings\",\"item\":\"https:\/\/ktfnews.com\/category\/briefings\/\"},{\"@type\":\"ListItem\",\"position\":3,\"name\":\"Netherlands to expand euthanasia law, allowing doctors to end lives of children under 12\"}]},{\"@type\":\"Person\",\"@id\":\"https:\/\/ktfnews.com\/#\/schema\/person\/ba4174513d9169cf8e229b7d8d60410d\",\"name\":\"Pastor Hal Mayer\",\"image\":{\"@type\":\"ImageObject\",\"@id\":\"https:\/\/ktfnews.com\/#personlogo\",\"inLanguage\":\"es\",\"url\":\"https:\/\/secure.gravatar.com\/avatar\/051bac95ae650254c5a03467b9456599?s=96&d=mm&r=g\",\"contentUrl\":\"https:\/\/secure.gravatar.com\/avatar\/051bac95ae650254c5a03467b9456599?s=96&d=mm&r=g\",\"caption\":\"Pastor Hal Mayer\"},\"description\":\"Pastor Hal Mayer is speaker and director of Keep the Faith Ministry. For the last 20 years Pastor Mayer\\u2019s monthly prophetic analysis on CD and online has revealed the striking evidence of fulfilling prophecy to many thousands of subscribers all over the world. Pastor Mayer\\u2019s background in history and Bible prophecy give him unique insights and perspectives that have blessed many and helped them make a deeper commitment to the Lord. Keep the Faith Ministry helps those who want to keep abreast of fulfilling prophecy and who want to understand and navigate the unique and difficult circumstances of the end-times. Keep the Faith Ministry helps to prepare you for the second coming of Christ. Pastor Mayer is married to Betsy for more than 40 years. They have no children of their own. \\u201cThe times in which we live are thrilling, because the things prophesied in God\\u2019s word are actually coming to pass in this generation,\\u201d says Pastor Mayer. \\u201cIn a time when the distinctive end-time truths of God\\u2019s word are being censored, and life in this world is becoming more and more chaotic, Keep the Faith is a voice of strength and encouragement.\\u201d\",\"url\":\"https:\/\/ktfnews.com\/es\/author\/hal\/\"}]}<\/script>\n<!-- \/ Yoast SEO plugin. -->","yoast_head_json":{"robots":{"index":"index","follow":"follow","max-snippet":"max-snippet:-1","max-image-preview":"max-image-preview:large","max-video-preview":"max-video-preview:-1"},"canonical":"https:\/\/ktfnews.com\/es\/netherlands-expand-euthanasia-law-allowing-doctors-end-lives-children-12\/","og_locale":"es_ES","og_type":"article","og_title":"[:en]Netherlands to expand euthanasia law, allowing doctors to end lives of children under 12[:es]Los Pa\u00edses Bajos Ampliar\u00e1n la Ley de Eutanasia, M\u00e9dicos Podr\u00e1n Poner Fin a la Vida de Ni\u00f1os Menores de 12 A\u00f1os[:] - KEEP the FAITH","og_description":"Christian Post, por Brandon Showalter: Los Pa\u00edses Bajos est\u00e1n listos para preparar el camino para la eutanasia legalizada de ni\u00f1os muy peque\u00f1os. De acuerdo con el NLTimes Tuesday, la naci\u00f3n del noroeste de Europa, que ya tiene algunas de las...","og_url":"https:\/\/ktfnews.com\/es\/netherlands-expand-euthanasia-law-allowing-doctors-end-lives-children-12\/","og_site_name":"KEEP the FAITH","article_publisher":"https:\/\/www.facebook.com\/ktfministry","article_published_time":"2020-10-22T11:30:49+00:00","article_modified_time":"2020-10-21T03:19:15+00:00","og_image":[{"width":1280,"height":853,"url":"https:\/\/ktfnews.com\/wp-content\/uploads\/2020\/10\/care-928653_1280.jpg","type":"image\/jpeg"}],"twitter_card":"summary_large_image","twitter_creator":"@ktfministry","twitter_site":"@ktfministry","twitter_misc":{"Escrito por":"Pastor Hal Mayer","Tiempo de lectura":"5 minutos"},"schema":{"@context":"https:\/\/schema.org","@graph":[{"@type":"WebSite","@id":"https:\/\/ktfnews.com\/#website","url":"https:\/\/ktfnews.com\/","name":"KEEP the FAITH","description":"Preparing you for the final conflict between good and evil.","potentialAction":[{"@type":"SearchAction","target":{"@type":"EntryPoint","urlTemplate":"https:\/\/ktfnews.com\/?s={search_term_string}"},"query-input":"required name=search_term_string"}],"inLanguage":"es"},{"@type":"ImageObject","@id":"https:\/\/ktfnews.com\/es\/netherlands-expand-euthanasia-law-allowing-doctors-end-lives-children-12\/#primaryimage","inLanguage":"es","url":"https:\/\/ktfnews.com\/wp-content\/uploads\/2020\/10\/care-928653_1280.jpg","contentUrl":"https:\/\/ktfnews.com\/wp-content\/uploads\/2020\/10\/care-928653_1280.jpg","width":1280,"height":853},{"@type":"WebPage","@id":"https:\/\/ktfnews.com\/es\/netherlands-expand-euthanasia-law-allowing-doctors-end-lives-children-12\/#webpage","url":"https:\/\/ktfnews.com\/es\/netherlands-expand-euthanasia-law-allowing-doctors-end-lives-children-12\/","name":"[:en]Netherlands to expand euthanasia law, allowing doctors to end lives of children under 12[:es]Los Pa\u00edses Bajos Ampliar\u00e1n la Ley de Eutanasia, M\u00e9dicos Podr\u00e1n Poner Fin a la Vida de Ni\u00f1os Menores de 12 A\u00f1os[:] - KEEP the FAITH","isPartOf":{"@id":"https:\/\/ktfnews.com\/#website"},"primaryImageOfPage":{"@id":"https:\/\/ktfnews.com\/es\/netherlands-expand-euthanasia-law-allowing-doctors-end-lives-children-12\/#primaryimage"},"datePublished":"2020-10-22T11:30:49+00:00","dateModified":"2020-10-21T03:19:15+00:00","author":{"@id":"https:\/\/ktfnews.com\/#\/schema\/person\/ba4174513d9169cf8e229b7d8d60410d"},"breadcrumb":{"@id":"https:\/\/ktfnews.com\/es\/netherlands-expand-euthanasia-law-allowing-doctors-end-lives-children-12\/#breadcrumb"},"inLanguage":"es","potentialAction":[{"@type":"ReadAction","target":["https:\/\/ktfnews.com\/es\/netherlands-expand-euthanasia-law-allowing-doctors-end-lives-children-12\/"]}]},{"@type":"BreadcrumbList","@id":"https:\/\/ktfnews.com\/es\/netherlands-expand-euthanasia-law-allowing-doctors-end-lives-children-12\/#breadcrumb","itemListElement":[{"@type":"ListItem","position":1,"name":"Home","item":"https:\/\/ktfnews.com\/"},{"@type":"ListItem","position":2,"name":"Briefings","item":"https:\/\/ktfnews.com\/category\/briefings\/"},{"@type":"ListItem","position":3,"name":"Netherlands to expand euthanasia law, allowing doctors to end lives of children under 12"}]},{"@type":"Person","@id":"https:\/\/ktfnews.com\/#\/schema\/person\/ba4174513d9169cf8e229b7d8d60410d","name":"Pastor Hal Mayer","image":{"@type":"ImageObject","@id":"https:\/\/ktfnews.com\/#personlogo","inLanguage":"es","url":"https:\/\/secure.gravatar.com\/avatar\/051bac95ae650254c5a03467b9456599?s=96&d=mm&r=g","contentUrl":"https:\/\/secure.gravatar.com\/avatar\/051bac95ae650254c5a03467b9456599?s=96&d=mm&r=g","caption":"Pastor Hal Mayer"},"description":"Pastor Hal Mayer is speaker and director of Keep the Faith Ministry. For the last 20 years Pastor Mayer\u2019s monthly prophetic analysis on CD and online has revealed the striking evidence of fulfilling prophecy to many thousands of subscribers all over the world. Pastor Mayer\u2019s background in history and Bible prophecy give him unique insights and perspectives that have blessed many and helped them make a deeper commitment to the Lord. Keep the Faith Ministry helps those who want to keep abreast of fulfilling prophecy and who want to understand and navigate the unique and difficult circumstances of the end-times. Keep the Faith Ministry helps to prepare you for the second coming of Christ. Pastor Mayer is married to Betsy for more than 40 years. They have no children of their own. \u201cThe times in which we live are thrilling, because the things prophesied in God\u2019s word are actually coming to pass in this generation,\u201d says Pastor Mayer. \u201cIn a time when the distinctive end-time truths of God\u2019s word are being censored, and life in this world is becoming more and more chaotic, Keep the Faith is a voice of strength and encouragement.\u201d","url":"https:\/\/ktfnews.com\/es\/author\/hal\/"}]}},"_links":{"self":[{"href":"https:\/\/ktfnews.com\/es\/wp-json\/wp\/v2\/posts\/20659"}],"collection":[{"href":"https:\/\/ktfnews.com\/es\/wp-json\/wp\/v2\/posts"}],"about":[{"href":"https:\/\/ktfnews.com\/es\/wp-json\/wp\/v2\/types\/post"}],"author":[{"embeddable":true,"href":"https:\/\/ktfnews.com\/es\/wp-json\/wp\/v2\/users\/6"}],"replies":[{"embeddable":true,"href":"https:\/\/ktfnews.com\/es\/wp-json\/wp\/v2\/comments?post=20659"}],"version-history":[{"count":2,"href":"https:\/\/ktfnews.com\/es\/wp-json\/wp\/v2\/posts\/20659\/revisions"}],"predecessor-version":[{"id":20662,"href":"https:\/\/ktfnews.com\/es\/wp-json\/wp\/v2\/posts\/20659\/revisions\/20662"}],"wp:featuredmedia":[{"embeddable":true,"href":"https:\/\/ktfnews.com\/es\/wp-json\/wp\/v2\/media\/20663"}],"wp:attachment":[{"href":"https:\/\/ktfnews.com\/es\/wp-json\/wp\/v2\/media?parent=20659"}],"wp:term":[{"taxonomy":"category","embeddable":true,"href":"https:\/\/ktfnews.com\/es\/wp-json\/wp\/v2\/categories?post=20659"},{"taxonomy":"post_tag","embeddable":true,"href":"https:\/\/ktfnews.com\/es\/wp-json\/wp\/v2\/tags?post=20659"}],"curies":[{"name":"wp","href":"https:\/\/api.w.org\/{rel}","templated":true}]}}