{"id":20654,"date":"2020-10-21T07:30:26","date_gmt":"2020-10-21T11:30:26","guid":{"rendered":"https:\/\/ktfnews.com\/?p=20654"},"modified":"2020-10-20T23:12:44","modified_gmt":"2020-10-21T03:12:44","slug":"twitter-facebooks-assault-freedom-press","status":"publish","type":"post","link":"https:\/\/ktfnews.com\/es\/twitter-facebooks-assault-freedom-press\/","title":{"rendered":"El Ataque a la Libertad de Prensa en Twitter y Facebook"},"content":{"rendered":"<p><i>The Epoch Times<\/i>: Facebook y Twitter han tomado medidas extraordinarias contra el New York Post por un art\u00edculo sobre el hijo del ex vicepresidente Joe Biden. <\/p>\n<p>Es la primera vez que las empresas de medios sociales han tomado medidas directas contra un art\u00edculo de un importante editor de EE.UU. (el New York Post est\u00e1 entre los cinco principales peri\u00f3dicos por su circulaci\u00f3n).<\/p>\n<p>Cabe destacar que las acciones de Facebook y Twitter parecen arbitrarias, sin consistencia o buena raz\u00f3n. <\/p>\n<p>El empleado de comunicaciones de Facebook, Andy Stone, dijo en una declaraci\u00f3n que la plataforma estaba \u00abreduciendo su distribuci\u00f3n\u00bb del art\u00edculo del Post, se\u00f1alando que la acci\u00f3n se produjo antes de que el art\u00edculo fuera verificado (por muy dudosos que sean los propios \u00abverificadores de hechos\u00bb). Esto plantea interrogantes sobre la base de la medida de Facebook de limitar el alcance del art\u00edculo y censurarlo efectivamente. <\/p>\n<p>Twitter fue m\u00e1s all\u00e1 de Facebook, a\u00f1adiendo etiquetas de advertencia a los tweets y prohibiendo a los usuarios publicar el enlace al art\u00edculo del Post -tanto p\u00fablicamente como en mensajes directos- y bloqueando a algunos usuarios que lo hicieron, incluyendo al propio New York Post y a la secretaria de prensa de la Casa Blanca, Kayleigh McEnany.<\/p>\n<p>Despu\u00e9s de luchar por dar una raz\u00f3n para la censura, Twitter argument\u00f3 m\u00e1s tarde que el art\u00edculo del Post violaba sus pol\u00edticas sobre \u00abinformaci\u00f3n personal y privada\u00bb y las violaciones de su \u00abPol\u00edtica de materiales pirateados\u00bb.<\/p>\n<p>En una declaraci\u00f3n separada, Twitter dijo que la plataforma \u00abproh\u00edbe el uso de nuestro servicio para distribuir contenido obtenido sin autorizaci\u00f3n\u00bb.<\/p>\n<p>\u00bfSignifica esto que en adelante todos los art\u00edculos de los medios que contengan documentos filtrados ser\u00e1n prohibidos por la plataforma? \u00bfY esta norma se aplicar\u00e1 por igual a todas las organizaciones de medios de comunicaci\u00f3n?<\/p>\n<p>Seg\u00fan los propios est\u00e1ndares de Twitter, algunos de los periodistas m\u00e1s importantes jam\u00e1s producidos, que a menudo se basaban en documentos filtrados, no tendr\u00edan cabida en su plataforma.<\/p>\n<p>Las reglas de Twitter y Facebook son tan peligrosamente vagas que las plataformas pueden elegir censurar el contenido como les parezca.<\/p>\n<p>No es un secreto que a medida que las dos compa\u00f1\u00edas han crecido en tama\u00f1o e influencia en los \u00faltimos a\u00f1os, tambi\u00e9n lo ha hecho su control sobre el discurso p\u00fablico. <\/p>\n<p>Ser\u00eda su derecho hacerlo como editor. Pero en cambio, Twitter y Facebook han negado vehementemente ser editores, y en su lugar argumentan que son plataformas abiertas, d\u00e1ndoles protecci\u00f3n bajo la Secci\u00f3n 230 de la Ley de Decencia en las Comunicaciones.<\/p>\n<p>Facebook y Twitter han cruzado esa l\u00ednea de manera tan p\u00fablica y descarada que, al igual que los medios que censuran, se han convertido efectivamente en editores, y deben ser obligados a cumplir con las mismas normas de responsabilidad.<\/p>\n<p>Conexi\u00f3n Prof\u00e9tica:<br \/>\n\u201cCuando el protestantismo extienda la mano a trav\u00e9s del abismo para asir la mano del poder romano, cuando se incline por encima del abismo para darse la mano con el espiritismo, cuando, bajo la influencia de esta triple uni\u00f3n, nuestro pa\u00eds repudie todo principio de su constituci\u00f3n como gobierno protestante y republicano, y haga provisi\u00f3n para la propagaci\u00f3n de las mentiras y seducciones papales, entonces sabremos que ha llegado el tiempo en que se ver\u00e1 la asombrosa obra de Satan\u00e1s, y que el fin est\u00e1 cerca.\u201d <i>Testimonios para la Iglesia<\/i>, vol. 5, p\u00e1g. 426.<\/p>\n<hr>\n<h3>Source References<\/h3>\n<ul>\n<li>\n<h5><a href=\"https:\/\/www.theepochtimes.com\/twitter-and-facebooks-assault-on-freedom-of-the-press_3540670.html\" target=\"_blank\">Twitter and Facebook\u2019s Assault on Freedom of the Press<\/a><\/h5>\n<\/li>\n<\/ul>\n<p><\/p>\n<!-- AddThis Advanced Settings generic via filter on the_content -->","protected":false},"excerpt":{"rendered":"<p>The Epoch Times: Facebook y Twitter han tomado medidas extraordinarias contra el New York Post por un art\u00edculo sobre el hijo del ex vicepresidente Joe Biden. Es la primera vez que las empresas de medios sociales han tomado medidas directas&#8230;<!-- AddThis Advanced Settings generic via filter on wp_trim_excerpt --><\/p>\n","protected":false},"author":6,"featured_media":20657,"comment_status":"open","ping_status":"open","sticky":false,"template":"","format":"standard","meta":{"episode_type":"","audio_file":"","duration":"","filesize":"","date_recorded":"","explicit":"","block":"","filesize_raw":"","_FSMCFIC_featured_image_caption":"Image: pixabay.com","_FSMCFIC_featured_image_nocaption":null,"_FSMCFIC_featured_image_hide":null,"_links_to":"","_links_to_target":""},"categories":[722,32],"tags":[494,807,214,1873,1074,124],"featured_image_urls":{"thumbnail":"https:\/\/ktfnews.com\/wp-content\/uploads\/2020\/10\/cell-phone-1245663_1280-150x150.jpg","medium":"https:\/\/ktfnews.com\/wp-content\/uploads\/2020\/10\/cell-phone-1245663_1280-300x200.jpg","medium_large":"https:\/\/ktfnews.com\/wp-content\/uploads\/2020\/10\/cell-phone-1245663_1280-768x512.jpg","large":"https:\/\/ktfnews.com\/wp-content\/uploads\/2020\/10\/cell-phone-1245663_1280-1024x682.jpg","team-small":"https:\/\/ktfnews.com\/wp-content\/uploads\/2020\/10\/cell-phone-1245663_1280-138x162.jpg","team-overview":"https:\/\/ktfnews.com\/wp-content\/uploads\/2020\/10\/cell-phone-1245663_1280-200x279.jpg","team-big":"https:\/\/ktfnews.com\/wp-content\/uploads\/2020\/10\/cell-phone-1245663_1280-540x270.jpg","two-columns":"https:\/\/ktfnews.com\/wp-content\/uploads\/2020\/10\/cell-phone-1245663_1280-379x242.jpg","one-column":"https:\/\/ktfnews.com\/wp-content\/uploads\/2020\/10\/cell-phone-1245663_1280-379x242.jpg","mini-square":"https:\/\/ktfnews.com\/wp-content\/uploads\/2020\/10\/cell-phone-1245663_1280-70x70.jpg","portfolio-widget-mainpage":"https:\/\/ktfnews.com\/wp-content\/uploads\/2020\/10\/cell-phone-1245663_1280-335x195.jpg","portfolio-single-ajax":"https:\/\/ktfnews.com\/wp-content\/uploads\/2020\/10\/cell-phone-1245663_1280-670x280.jpg","portfolio-single-big":"https:\/\/ktfnews.com\/wp-content\/uploads\/2020\/10\/cell-phone-1245663_1280-685x480.jpg","portfolio-single-small":"https:\/\/ktfnews.com\/wp-content\/uploads\/2020\/10\/cell-phone-1245663_1280-685x280.jpg","portfolio-single-full-big":"https:\/\/ktfnews.com\/wp-content\/uploads\/2020\/10\/cell-phone-1245663_1280-960x590.jpg","portfolio-single-full-small":"https:\/\/ktfnews.com\/wp-content\/uploads\/2020\/10\/cell-phone-1245663_1280-960x250.jpg","gallery-post":"https:\/\/ktfnews.com\/wp-content\/uploads\/2020\/10\/cell-phone-1245663_1280-182x126.jpg","gallery-post-smaller":"https:\/\/ktfnews.com\/wp-content\/uploads\/2020\/10\/cell-phone-1245663_1280-158x100.jpg","gallery-standard":"https:\/\/ktfnews.com\/wp-content\/uploads\/2020\/10\/cell-phone-1245663_1280-257x169.jpg","tooltip-preview":"https:\/\/ktfnews.com\/wp-content\/uploads\/2020\/10\/cell-phone-1245663_1280-227x133.jpg","widget-content-slider":"https:\/\/ktfnews.com\/wp-content\/uploads\/2020\/10\/cell-phone-1245663_1280-230x137.jpg","post-top-articles":"https:\/\/ktfnews.com\/wp-content\/uploads\/2020\/10\/cell-phone-1245663_1280-130x100.jpg","post-single-wide":"https:\/\/ktfnews.com\/wp-content\/uploads\/2020\/10\/cell-phone-1245663_1280-595x360.jpg","post-single-wide-nocrop":"https:\/\/ktfnews.com\/wp-content\/uploads\/2020\/10\/cell-phone-1245663_1280-595x397.jpg","post-single-wide-mobile":"https:\/\/ktfnews.com\/wp-content\/uploads\/2020\/10\/cell-phone-1245663_1280-320x190.jpg","post-single-wide-small":"https:\/\/ktfnews.com\/wp-content\/uploads\/2020\/10\/cell-phone-1245663_1280-595x190.jpg","post-single-square":"https:\/\/ktfnews.com\/wp-content\/uploads\/2020\/10\/cell-phone-1245663_1280-120x120.jpg","post-single-full-small":"https:\/\/ktfnews.com\/wp-content\/uploads\/2020\/10\/cell-phone-1245663_1280-950x360.jpg","post-single-full-big":"https:\/\/ktfnews.com\/wp-content\/uploads\/2020\/10\/cell-phone-1245663_1280-950x590.jpg","photo-blog":"https:\/\/ktfnews.com\/wp-content\/uploads\/2020\/10\/cell-phone-1245663_1280-768x512.jpg"},"appp_media":null,"yoast_head":"<!-- This site is optimized with the Yoast SEO plugin v17.3 - https:\/\/yoast.com\/wordpress\/plugins\/seo\/ -->\n<meta name=\"robots\" content=\"index, follow, max-snippet:-1, max-image-preview:large, max-video-preview:-1\" \/>\n<link rel=\"canonical\" href=\"https:\/\/ktfnews.com\/de\/twitter-facebooks-assault-freedom-press\/\" \/>\n<meta property=\"og:locale\" content=\"es_ES\" \/>\n<meta property=\"og:type\" content=\"article\" \/>\n<meta property=\"og:title\" content=\"[:en]Twitter and Facebook\u2019s Assault on Freedom of the Press[:es]El Ataque a la Libertad de Prensa en Twitter y Facebook[:] - KEEP the FAITH\" \/>\n<meta property=\"og:description\" content=\"The Epoch Times: Facebook y Twitter han tomado medidas extraordinarias contra el New York Post por un art\u00edculo sobre el hijo del ex vicepresidente Joe Biden. Es la primera vez que las empresas de medios sociales han tomado medidas directas...\" \/>\n<meta property=\"og:url\" content=\"https:\/\/ktfnews.com\/de\/twitter-facebooks-assault-freedom-press\/\" \/>\n<meta property=\"og:site_name\" content=\"KEEP the FAITH\" \/>\n<meta property=\"article:publisher\" content=\"https:\/\/www.facebook.com\/ktfministry\" \/>\n<meta property=\"article:published_time\" content=\"2020-10-21T11:30:26+00:00\" \/>\n<meta property=\"article:modified_time\" content=\"2020-10-21T03:12:44+00:00\" \/>\n<meta property=\"og:image\" content=\"https:\/\/ktfnews.com\/wp-content\/uploads\/2020\/10\/cell-phone-1245663_1280.jpg\" \/>\n\t<meta property=\"og:image:width\" content=\"1280\" \/>\n\t<meta property=\"og:image:height\" content=\"853\" \/>\n<meta name=\"twitter:card\" content=\"summary_large_image\" \/>\n<meta name=\"twitter:creator\" content=\"@ktfministry\" \/>\n<meta name=\"twitter:site\" content=\"@ktfministry\" \/>\n<meta name=\"twitter:label1\" content=\"Escrito por\" \/>\n\t<meta name=\"twitter:data1\" content=\"Pastor Hal Mayer\" \/>\n\t<meta name=\"twitter:label2\" content=\"Tiempo de lectura\" \/>\n\t<meta name=\"twitter:data2\" content=\"6 minutos\" \/>\n<script type=\"application\/ld+json\" class=\"yoast-schema-graph\">{\"@context\":\"https:\/\/schema.org\",\"@graph\":[{\"@type\":\"WebSite\",\"@id\":\"https:\/\/ktfnews.com\/#website\",\"url\":\"https:\/\/ktfnews.com\/\",\"name\":\"KEEP the FAITH\",\"description\":\"Preparing you for the final conflict between good and evil.\",\"potentialAction\":[{\"@type\":\"SearchAction\",\"target\":{\"@type\":\"EntryPoint\",\"urlTemplate\":\"https:\/\/ktfnews.com\/?s={search_term_string}\"},\"query-input\":\"required name=search_term_string\"}],\"inLanguage\":\"es\"},{\"@type\":\"ImageObject\",\"@id\":\"https:\/\/ktfnews.com\/de\/twitter-facebooks-assault-freedom-press\/#primaryimage\",\"inLanguage\":\"es\",\"url\":\"https:\/\/ktfnews.com\/wp-content\/uploads\/2020\/10\/cell-phone-1245663_1280.jpg\",\"contentUrl\":\"https:\/\/ktfnews.com\/wp-content\/uploads\/2020\/10\/cell-phone-1245663_1280.jpg\",\"width\":1280,\"height\":853},{\"@type\":\"WebPage\",\"@id\":\"https:\/\/ktfnews.com\/de\/twitter-facebooks-assault-freedom-press\/#webpage\",\"url\":\"https:\/\/ktfnews.com\/de\/twitter-facebooks-assault-freedom-press\/\",\"name\":\"[:en]Twitter and Facebook\\u2019s Assault on Freedom of the Press[:es]El Ataque a la Libertad de Prensa en Twitter y Facebook[:] - KEEP the FAITH\",\"isPartOf\":{\"@id\":\"https:\/\/ktfnews.com\/#website\"},\"primaryImageOfPage\":{\"@id\":\"https:\/\/ktfnews.com\/de\/twitter-facebooks-assault-freedom-press\/#primaryimage\"},\"datePublished\":\"2020-10-21T11:30:26+00:00\",\"dateModified\":\"2020-10-21T03:12:44+00:00\",\"author\":{\"@id\":\"https:\/\/ktfnews.com\/#\/schema\/person\/ba4174513d9169cf8e229b7d8d60410d\"},\"breadcrumb\":{\"@id\":\"https:\/\/ktfnews.com\/de\/twitter-facebooks-assault-freedom-press\/#breadcrumb\"},\"inLanguage\":\"es\",\"potentialAction\":[{\"@type\":\"ReadAction\",\"target\":[\"https:\/\/ktfnews.com\/de\/twitter-facebooks-assault-freedom-press\/\"]}]},{\"@type\":\"BreadcrumbList\",\"@id\":\"https:\/\/ktfnews.com\/de\/twitter-facebooks-assault-freedom-press\/#breadcrumb\",\"itemListElement\":[{\"@type\":\"ListItem\",\"position\":1,\"name\":\"Home\",\"item\":\"https:\/\/ktfnews.com\/\"},{\"@type\":\"ListItem\",\"position\":2,\"name\":\"Briefings\",\"item\":\"https:\/\/ktfnews.com\/category\/briefings\/\"},{\"@type\":\"ListItem\",\"position\":3,\"name\":\"Prophetic Intelligence Briefings\",\"item\":\"https:\/\/ktfnews.com\/category\/briefings\/news\/\"},{\"@type\":\"ListItem\",\"position\":4,\"name\":\"El Ataque a la Libertad de Prensa en Twitter y Facebook\"}]},{\"@type\":\"Person\",\"@id\":\"https:\/\/ktfnews.com\/#\/schema\/person\/ba4174513d9169cf8e229b7d8d60410d\",\"name\":\"Pastor Hal Mayer\",\"image\":{\"@type\":\"ImageObject\",\"@id\":\"https:\/\/ktfnews.com\/#personlogo\",\"inLanguage\":\"es\",\"url\":\"https:\/\/secure.gravatar.com\/avatar\/051bac95ae650254c5a03467b9456599?s=96&d=mm&r=g\",\"contentUrl\":\"https:\/\/secure.gravatar.com\/avatar\/051bac95ae650254c5a03467b9456599?s=96&d=mm&r=g\",\"caption\":\"Pastor Hal Mayer\"},\"description\":\"Pastor Hal Mayer is speaker and director of Keep the Faith Ministry. For the last 20 years Pastor Mayer\\u2019s monthly prophetic analysis on CD and online has revealed the striking evidence of fulfilling prophecy to many thousands of subscribers all over the world. Pastor Mayer\\u2019s background in history and Bible prophecy give him unique insights and perspectives that have blessed many and helped them make a deeper commitment to the Lord. Keep the Faith Ministry helps those who want to keep abreast of fulfilling prophecy and who want to understand and navigate the unique and difficult circumstances of the end-times. Keep the Faith Ministry helps to prepare you for the second coming of Christ. Pastor Mayer is married to Betsy for more than 40 years. They have no children of their own. \\u201cThe times in which we live are thrilling, because the things prophesied in God\\u2019s word are actually coming to pass in this generation,\\u201d says Pastor Mayer. \\u201cIn a time when the distinctive end-time truths of God\\u2019s word are being censored, and life in this world is becoming more and more chaotic, Keep the Faith is a voice of strength and encouragement.\\u201d\",\"url\":\"https:\/\/ktfnews.com\/es\/author\/hal\/\"}]}<\/script>\n<!-- \/ Yoast SEO plugin. -->","yoast_head_json":{"robots":{"index":"index","follow":"follow","max-snippet":"max-snippet:-1","max-image-preview":"max-image-preview:large","max-video-preview":"max-video-preview:-1"},"canonical":"https:\/\/ktfnews.com\/de\/twitter-facebooks-assault-freedom-press\/","og_locale":"es_ES","og_type":"article","og_title":"[:en]Twitter and Facebook\u2019s Assault on Freedom of the Press[:es]El Ataque a la Libertad de Prensa en Twitter y Facebook[:] - KEEP the FAITH","og_description":"The Epoch Times: Facebook y Twitter han tomado medidas extraordinarias contra el New York Post por un art\u00edculo sobre el hijo del ex vicepresidente Joe Biden. Es la primera vez que las empresas de medios sociales han tomado medidas directas...","og_url":"https:\/\/ktfnews.com\/de\/twitter-facebooks-assault-freedom-press\/","og_site_name":"KEEP the FAITH","article_publisher":"https:\/\/www.facebook.com\/ktfministry","article_published_time":"2020-10-21T11:30:26+00:00","article_modified_time":"2020-10-21T03:12:44+00:00","og_image":[{"width":1280,"height":853,"url":"https:\/\/ktfnews.com\/wp-content\/uploads\/2020\/10\/cell-phone-1245663_1280.jpg","type":"image\/jpeg"}],"twitter_card":"summary_large_image","twitter_creator":"@ktfministry","twitter_site":"@ktfministry","twitter_misc":{"Escrito por":"Pastor Hal Mayer","Tiempo de lectura":"6 minutos"},"schema":{"@context":"https:\/\/schema.org","@graph":[{"@type":"WebSite","@id":"https:\/\/ktfnews.com\/#website","url":"https:\/\/ktfnews.com\/","name":"KEEP the FAITH","description":"Preparing you for the final conflict between good and evil.","potentialAction":[{"@type":"SearchAction","target":{"@type":"EntryPoint","urlTemplate":"https:\/\/ktfnews.com\/?s={search_term_string}"},"query-input":"required name=search_term_string"}],"inLanguage":"es"},{"@type":"ImageObject","@id":"https:\/\/ktfnews.com\/de\/twitter-facebooks-assault-freedom-press\/#primaryimage","inLanguage":"es","url":"https:\/\/ktfnews.com\/wp-content\/uploads\/2020\/10\/cell-phone-1245663_1280.jpg","contentUrl":"https:\/\/ktfnews.com\/wp-content\/uploads\/2020\/10\/cell-phone-1245663_1280.jpg","width":1280,"height":853},{"@type":"WebPage","@id":"https:\/\/ktfnews.com\/de\/twitter-facebooks-assault-freedom-press\/#webpage","url":"https:\/\/ktfnews.com\/de\/twitter-facebooks-assault-freedom-press\/","name":"[:en]Twitter and Facebook\u2019s Assault on Freedom of the Press[:es]El Ataque a la Libertad de Prensa en Twitter y Facebook[:] - KEEP the FAITH","isPartOf":{"@id":"https:\/\/ktfnews.com\/#website"},"primaryImageOfPage":{"@id":"https:\/\/ktfnews.com\/de\/twitter-facebooks-assault-freedom-press\/#primaryimage"},"datePublished":"2020-10-21T11:30:26+00:00","dateModified":"2020-10-21T03:12:44+00:00","author":{"@id":"https:\/\/ktfnews.com\/#\/schema\/person\/ba4174513d9169cf8e229b7d8d60410d"},"breadcrumb":{"@id":"https:\/\/ktfnews.com\/de\/twitter-facebooks-assault-freedom-press\/#breadcrumb"},"inLanguage":"es","potentialAction":[{"@type":"ReadAction","target":["https:\/\/ktfnews.com\/de\/twitter-facebooks-assault-freedom-press\/"]}]},{"@type":"BreadcrumbList","@id":"https:\/\/ktfnews.com\/de\/twitter-facebooks-assault-freedom-press\/#breadcrumb","itemListElement":[{"@type":"ListItem","position":1,"name":"Home","item":"https:\/\/ktfnews.com\/"},{"@type":"ListItem","position":2,"name":"Briefings","item":"https:\/\/ktfnews.com\/category\/briefings\/"},{"@type":"ListItem","position":3,"name":"Prophetic Intelligence Briefings","item":"https:\/\/ktfnews.com\/category\/briefings\/news\/"},{"@type":"ListItem","position":4,"name":"El Ataque a la Libertad de Prensa en Twitter y Facebook"}]},{"@type":"Person","@id":"https:\/\/ktfnews.com\/#\/schema\/person\/ba4174513d9169cf8e229b7d8d60410d","name":"Pastor Hal Mayer","image":{"@type":"ImageObject","@id":"https:\/\/ktfnews.com\/#personlogo","inLanguage":"es","url":"https:\/\/secure.gravatar.com\/avatar\/051bac95ae650254c5a03467b9456599?s=96&d=mm&r=g","contentUrl":"https:\/\/secure.gravatar.com\/avatar\/051bac95ae650254c5a03467b9456599?s=96&d=mm&r=g","caption":"Pastor Hal Mayer"},"description":"Pastor Hal Mayer is speaker and director of Keep the Faith Ministry. For the last 20 years Pastor Mayer\u2019s monthly prophetic analysis on CD and online has revealed the striking evidence of fulfilling prophecy to many thousands of subscribers all over the world. Pastor Mayer\u2019s background in history and Bible prophecy give him unique insights and perspectives that have blessed many and helped them make a deeper commitment to the Lord. Keep the Faith Ministry helps those who want to keep abreast of fulfilling prophecy and who want to understand and navigate the unique and difficult circumstances of the end-times. Keep the Faith Ministry helps to prepare you for the second coming of Christ. Pastor Mayer is married to Betsy for more than 40 years. They have no children of their own. \u201cThe times in which we live are thrilling, because the things prophesied in God\u2019s word are actually coming to pass in this generation,\u201d says Pastor Mayer. \u201cIn a time when the distinctive end-time truths of God\u2019s word are being censored, and life in this world is becoming more and more chaotic, Keep the Faith is a voice of strength and encouragement.\u201d","url":"https:\/\/ktfnews.com\/es\/author\/hal\/"}]}},"_links":{"self":[{"href":"https:\/\/ktfnews.com\/es\/wp-json\/wp\/v2\/posts\/20654"}],"collection":[{"href":"https:\/\/ktfnews.com\/es\/wp-json\/wp\/v2\/posts"}],"about":[{"href":"https:\/\/ktfnews.com\/es\/wp-json\/wp\/v2\/types\/post"}],"author":[{"embeddable":true,"href":"https:\/\/ktfnews.com\/es\/wp-json\/wp\/v2\/users\/6"}],"replies":[{"embeddable":true,"href":"https:\/\/ktfnews.com\/es\/wp-json\/wp\/v2\/comments?post=20654"}],"version-history":[{"count":3,"href":"https:\/\/ktfnews.com\/es\/wp-json\/wp\/v2\/posts\/20654\/revisions"}],"predecessor-version":[{"id":20661,"href":"https:\/\/ktfnews.com\/es\/wp-json\/wp\/v2\/posts\/20654\/revisions\/20661"}],"wp:featuredmedia":[{"embeddable":true,"href":"https:\/\/ktfnews.com\/es\/wp-json\/wp\/v2\/media\/20657"}],"wp:attachment":[{"href":"https:\/\/ktfnews.com\/es\/wp-json\/wp\/v2\/media?parent=20654"}],"wp:term":[{"taxonomy":"category","embeddable":true,"href":"https:\/\/ktfnews.com\/es\/wp-json\/wp\/v2\/categories?post=20654"},{"taxonomy":"post_tag","embeddable":true,"href":"https:\/\/ktfnews.com\/es\/wp-json\/wp\/v2\/tags?post=20654"}],"curies":[{"name":"wp","href":"https:\/\/api.w.org\/{rel}","templated":true}]}}