{"id":20522,"date":"2020-09-30T07:30:45","date_gmt":"2020-09-30T11:30:45","guid":{"rendered":"https:\/\/ktfnews.com\/?p=20522"},"modified":"2020-09-30T22:44:59","modified_gmt":"2020-10-01T02:44:59","slug":"catholics-make-majority-supreme-court","status":"publish","type":"post","link":"https:\/\/ktfnews.com\/es\/catholics-make-majority-supreme-court\/","title":{"rendered":"\u00bfPor Qu\u00e9 los Cat\u00f3licos son Mayor\u00eda en la Corte Suprema?"},"content":{"rendered":"<p><i>America<\/i>, por Allyson Escobar: Tras la muerte de Ruth Bader Ginsburg el viernes 18 de septiembre, el Presidente Trump prometi\u00f3 nombrar r\u00e1pidamente a su sustituto al noveno puesto en la Corte Suprema. Para el lunes, dos nombres hab\u00edan surgido como favoritos para la nominaci\u00f3n: Amy Coney Barrett y Barbara Lagoa. Ambas mujeres, que fueron confirmadas en el Tribunal de Apelaciones de los Estados Unidos bajo el mandato del Sr. Trump, son cat\u00f3licas practicantes y han hablado p\u00fablicamente sobre el papel que su fe juega en sus carreras judiciales.<\/p>\n<p>Antes de la muerte del Juez Ginsburg, a la edad de 87 a\u00f1os, la Corte Suprema estaba integrada por cinco jueces cat\u00f3licos (el Presidente del Tribunal John G. Roberts, Samuel Alito, Clarence Thomas, Sonia Sotomayor y Brett Kavanaugh) y tres jueces jud\u00edos (la Sra. Ginsburg, Stephen Breyer y Elena Kagan). El noveno juez, Neil Gorsuch, fue criado como cat\u00f3lico pero, seg\u00fan se informa, asiste a una iglesia episcopal.<\/p>\n<p>Si la Sra. Barrett o la Sra. Lagoa fueran nominadas y confirmadas, seis de los nueve jueces de la Corte Suprema ser\u00edan cat\u00f3licos.<\/p>\n<p>Los jueces cat\u00f3licos son frecuentemente nominados por presidentes republicanos, incluyendo al Sr. Trump, George H.W. Bush y su hijo George W. Bush. La excepci\u00f3n del actual tribunal es la Sra. Sotomayor, que fue nombrada en mayo de 2009 por el Presidente Barack Obama.<\/p>\n<p>Dos tercios de la actual Corte Suprema se criaron en la fe cat\u00f3lica, aunque los cat\u00f3licos s\u00f3lo representan alrededor del 20 por ciento de la poblaci\u00f3n de los Estados Unidos. (Los cat\u00f3licos tambi\u00e9n est\u00e1n sobrerrepresentados en el Capitolio: el 31 por ciento del 115\u00ba Congreso, cuando jur\u00f3 el a\u00f1o pasado, se identific\u00f3 como cat\u00f3lico).<\/p>\n<p>Desde su establecimiento en 1789, la Corte Suprema ha pasado de ser una reserva para los protestantes blancos y masculinos a la banca contempor\u00e1nea diversificada por raza, credo y g\u00e9nero, comenzando con los nombramientos de vanguardia de Thurgood Marshall (1967) y Sandra Day O&#8217;Connor (1981).<\/p>\n<p>Los jueces de la Corte Suprema son nominados por el presidente y deben ser aprobados por la mayor\u00eda del Senado. Una vez confirmados, los jueces sirven hasta la muerte, a menos que renuncien o sean impugnados y destituidos por el Congreso.<\/p>\n<p>Roger Taney fue el primer cat\u00f3lico en ser nombrado, en 1836, pero el segundo juez cat\u00f3lico, Edward White, sirvi\u00f3 durante 58 a\u00f1os. Once cat\u00f3licos se han sentado en el banquillo desde entonces.<\/p>\n<p>\u00abHay una larga tradici\u00f3n en los EE.UU. de cat\u00f3licos que entran en la profesi\u00f3n legal, m\u00e1s obviamente en la aplicaci\u00f3n de la ley, pero en otras \u00e1reas tambi\u00e9n\u00bb, dijo Richard Doerflinger, un becario del Centro de \u00c9tica y Cultura de la Universidad de Notre Dame. \u00abY otros cristianos devotos, que han podido tener alguna influencia en las administraciones republicanas, han estado felices de apoyar a los jueces cat\u00f3licos serios para la corte\u00bb.<\/p>\n<p>El Sr. Doerflinger dice que los protestantes evang\u00e9licos pueden ser m\u00e1s reacios a seguir carreras legales porque a menudo ven \u00abuna divisi\u00f3n m\u00e1s aguda entre la ciudad de Dios y la ciudad del hombre\u00bb, mientras que el catolicismo proporciona un puente natural \u00abentre los principios fundadores de nuestra naci\u00f3n y los principios b\u00e1sicos de la ense\u00f1anza social cat\u00f3lica\u00bb.<\/p>\n<p>Adem\u00e1s, los cat\u00f3licos, que durante mucho tiempo lucharon contra los prejuicios religiosos en los Estados Unidos, \u00abpueden haber visto la profesi\u00f3n legal como una forma de asegurar que sus derechos fueran protegidos\u00bb, escribe Yonat Shimron en Religion News Service.<\/p>\n<p>Hist\u00f3ricamente, los cat\u00f3licos han elegido el derecho como una carrera con mayor frecuencia que otros grupos religiosos. De hecho, en 1955, el erudito cat\u00f3lico John Tracy Ellis, en su ensayo \u00abLos cat\u00f3licos americanos y la vida intelectual\u00bb, critic\u00f3 duramente a la cultura cat\u00f3lica americana por guiar a sus j\u00f3venes hacia carreras pr\u00e1cticas como el derecho o la medicina, en lugar de las humanidades o las artes.<\/p>\n<p>\u00abSi bien es gratificante saber que tantos de los graduados de las instituciones cat\u00f3licas contin\u00faan sus estudios m\u00e1s all\u00e1 de la universidad adapt\u00e1ndose a las profesiones legales y m\u00e9dicas\u00bb, escribi\u00f3 Ellis, \u00abes de lamentar que un n\u00famero proporcionalmente alto no manifieste un deseo similar, o encuentre un est\u00edmulo igualmente fuerte, para convertirse en eruditos entrenados en los campos donde la tradici\u00f3n cat\u00f3lica de aprendizaje es m\u00e1s fuerte\u00bb.<\/p>\n<p>La fe es s\u00f3lo una lente a trav\u00e9s de la cual examinar la Corte Suprema contempor\u00e1nea. La abrumadora mayor\u00eda de los jueces del Tribunal Supremo han procedido de escuelas privadas de \u00e9lite, por ejemplo, y por el momento, los ocho miembros del tribunal han asistido a las facultades de derecho de Harvard o Yale.<\/p>\n<p>\u00abEs importante se\u00f1alar que la composici\u00f3n del Tribunal Supremo nunca ha reflejado la composici\u00f3n del pa\u00eds\u00bb, escribi\u00f3 la historiadora Elesha J. Coffman en un art\u00edculo de 2010 para Christianity Today. \u00abA lo largo de la historia de la Corte, algunos grupos, especialmente los episcopales, presbiterianos, unitarios y jud\u00edos, han estado significativamente sobrerrepresentados en comparaci\u00f3n con su prevalencia en la poblaci\u00f3n estadounidense\u00bb.<\/p>\n<p>La Corte Suprema, por supuesto, no se supone que sea un lugar para aplicar los principios religiosos a la ley. El prop\u00f3sito del tribunal es resolver los fallos contradictorios de los tribunales inferiores y determinar si las leyes est\u00e1n en conflicto con la Constituci\u00f3n o con otras leyes federales.<\/p>\n<p>\u00abEl tribunal fue llamado &#8216;la rama menos peligrosa&#8217; porque s\u00f3lo puede decirte lo que la ley significa\u00bb, dice el Sr. Doerflinger. \u00ab[Pero] obviamente puede haber desacuerdos sobre la interpretaci\u00f3n.\u00bb<\/p>\n<p>Richard Garnett, profesor de derecho en la Universidad de Notre Dame, dijo a NPR en 2010 que la verdadera divisi\u00f3n en el pa\u00eds no es entre cat\u00f3licos y protestantes, sino que es \u00abm\u00e1s bien el tipo de divisi\u00f3n religiosa versus secular\u00bb.<\/p>\n<p>\u00abAs\u00ed que para aquellos protestantes en Am\u00e9rica para los que su fe es importante, pueden mirar al tribunal y decir, &#8216;Bueno, vemos representaci\u00f3n en el tribunal de gente como nosotros, gente que se toma en serio su fe religiosa y sus tradiciones religiosas\u00bb, dice el Sr. Garnett. \u00abEs cierto, son cat\u00f3licos romanos&#8230; no bautistas como nosotros, pero se toman sus tradiciones religiosas en serio\u00bb.<\/p>\n<p>En un bolet\u00edn de 2006 para el Centro Cushwa para el Estudio del Catolicismo Americano, el Sr. Garnett tambi\u00e9n escribi\u00f3 sobre la b\u00fasqueda de los presidentes republicanos de un grupo de abogados bien calificados y experimentados, que \u00abes m\u00e1s probable que incluya a muchos cat\u00f3licos\u00bb, con \u00abdiversas&#8230; opiniones sobre la interpretaci\u00f3n estatutaria y constitucional o el papel de los jueces federales\u00bb.<\/p>\n<p>Aunque los miembros m\u00e1s \u00abconservadores\u00bb del Tribunal Supremo son tambi\u00e9n cat\u00f3licos, las creencias religiosas no se traducen perfectamente \u00aben un campo jurisprudencial u otro\u00bb, a\u00f1adi\u00f3, citando los diferentes puntos de vista de los difuntos jueces cat\u00f3licos William Brennan y Antonin Scalia, que se enfrentaron en temas como la pena de muerte y el aborto.<\/p>\n<p>M\u00e1s bien, la composici\u00f3n actual de la corte refleja un paso adelante de las antiguas opiniones del catolicismo como \u00abno-americano\u00bb.<\/p>\n<p>Tal vez la nominaci\u00f3n y confirmaci\u00f3n de m\u00e1s jueces cat\u00f3licos represente \u00abuna victoria sobre los prejuicios hist\u00f3ricos\u00bb, dijo Cathleen Kaveny, profesora de derecho en el Boston College. \u00abDemuestra que los cat\u00f3licos han hecho lo suyo en los Estados Unidos\u00bb.<\/p>\n<p>Conexi\u00f3n Prof\u00e9tica:<\/p>\n<p>\u201cPero el romanismo, como sistema, no est\u00e1 actualmente m\u00e1s en armon\u00eda con el Evangelio de Cristo que en cualquier otro per\u00edodo de su historia. Las iglesias protestantes se hallan sumidas en grandes tinieblas, pues de lo contrario discernir\u00edan las se\u00f1ales de los tiempos. La iglesia romana abarca mucho en sus planes y modos de operaci\u00f3n. Emplea toda clase de estratagemas para extender su influencia y aumentar su poder, mientras se prepara para una lucha violenta y resuelta a fin de recuperar el gobierno del mundo, restablecer las persecuciones y deshacer todo lo que el protestantismo ha hecho. El catolicismo est\u00e1 ganando terreno en todas direcciones. V\u00e9ase el n\u00famero creciente de sus iglesias y capillas en los pa\u00edses protestantes. N\u00f3tese en Norteam\u00e9rica la popularidad de sus colegios y seminarios, tan patrocinados por los protestantes. Pi\u00e9nsese en la extensi\u00f3n del ritualismo en Inglaterra y en las frecuentes deserciones a las filas cat\u00f3licas. Estos hechos deber\u00edan inspirar ansiedad a todos los que aprecian los puros principios del Evangelio.\u201d <i>El Conflicto de los Siglos<\/i>, p\u00e1g. 622.<\/p>\n<hr>\n<h3>Source References<\/h3>\n<ul>\n<li>\n<h5><a href=\"https:\/\/www.cnsnews.com\/article\/national\/alexander-watson\/blm-leaders-discuss-resurrecting-spirit-so-it-can-work-through-us\" target=\"_blank\">BLM Leaders Discuss \u2018Resurrecting a Spirit So That It Can Work Through Us\u2019<\/a><\/h5>\n<\/li>\n<\/ul>\n<p><\/p>\n<!-- AddThis Advanced Settings generic via filter on the_content -->","protected":false},"excerpt":{"rendered":"<p>America, por Allyson Escobar: Tras la muerte de Ruth Bader Ginsburg el viernes 18 de septiembre, el Presidente Trump prometi\u00f3 nombrar r\u00e1pidamente a su sustituto al noveno puesto en la Corte Suprema. Para el lunes, dos nombres hab\u00edan surgido como&#8230;<!-- AddThis Advanced Settings generic via filter on wp_trim_excerpt --><\/p>\n","protected":false},"author":6,"featured_media":20524,"comment_status":"open","ping_status":"open","sticky":false,"template":"","format":"standard","meta":{"episode_type":"","audio_file":"","duration":"","filesize":"","date_recorded":"","explicit":"","block":"","filesize_raw":"","_FSMCFIC_featured_image_caption":"Image: Bill Mason on Unsplash.com","_FSMCFIC_featured_image_nocaption":null,"_FSMCFIC_featured_image_hide":null,"_links_to":"","_links_to_target":""},"categories":[722,32],"tags":[1300,1970,62,1856,950,660,420],"featured_image_urls":{"thumbnail":"https:\/\/ktfnews.com\/wp-content\/uploads\/2020\/09\/bill-mason-gpbICD6M_xg-unsplash-150x150.jpg","medium":"https:\/\/ktfnews.com\/wp-content\/uploads\/2020\/09\/bill-mason-gpbICD6M_xg-unsplash-300x225.jpg","medium_large":"https:\/\/ktfnews.com\/wp-content\/uploads\/2020\/09\/bill-mason-gpbICD6M_xg-unsplash-768x576.jpg","large":"https:\/\/ktfnews.com\/wp-content\/uploads\/2020\/09\/bill-mason-gpbICD6M_xg-unsplash-1024x768.jpg","team-small":"https:\/\/ktfnews.com\/wp-content\/uploads\/2020\/09\/bill-mason-gpbICD6M_xg-unsplash-138x162.jpg","team-overview":"https:\/\/ktfnews.com\/wp-content\/uploads\/2020\/09\/bill-mason-gpbICD6M_xg-unsplash-200x279.jpg","team-big":"https:\/\/ktfnews.com\/wp-content\/uploads\/2020\/09\/bill-mason-gpbICD6M_xg-unsplash-540x270.jpg","two-columns":"https:\/\/ktfnews.com\/wp-content\/uploads\/2020\/09\/bill-mason-gpbICD6M_xg-unsplash-379x242.jpg","one-column":"https:\/\/ktfnews.com\/wp-content\/uploads\/2020\/09\/bill-mason-gpbICD6M_xg-unsplash-379x242.jpg","mini-square":"https:\/\/ktfnews.com\/wp-content\/uploads\/2020\/09\/bill-mason-gpbICD6M_xg-unsplash-70x70.jpg","portfolio-widget-mainpage":"https:\/\/ktfnews.com\/wp-content\/uploads\/2020\/09\/bill-mason-gpbICD6M_xg-unsplash-335x195.jpg","portfolio-single-ajax":"https:\/\/ktfnews.com\/wp-content\/uploads\/2020\/09\/bill-mason-gpbICD6M_xg-unsplash-670x280.jpg","portfolio-single-big":"https:\/\/ktfnews.com\/wp-content\/uploads\/2020\/09\/bill-mason-gpbICD6M_xg-unsplash-685x480.jpg","portfolio-single-small":"https:\/\/ktfnews.com\/wp-content\/uploads\/2020\/09\/bill-mason-gpbICD6M_xg-unsplash-685x280.jpg","portfolio-single-full-big":"https:\/\/ktfnews.com\/wp-content\/uploads\/2020\/09\/bill-mason-gpbICD6M_xg-unsplash-960x590.jpg","portfolio-single-full-small":"https:\/\/ktfnews.com\/wp-content\/uploads\/2020\/09\/bill-mason-gpbICD6M_xg-unsplash-960x250.jpg","gallery-post":"https:\/\/ktfnews.com\/wp-content\/uploads\/2020\/09\/bill-mason-gpbICD6M_xg-unsplash-182x126.jpg","gallery-post-smaller":"https:\/\/ktfnews.com\/wp-content\/uploads\/2020\/09\/bill-mason-gpbICD6M_xg-unsplash-158x100.jpg","gallery-standard":"https:\/\/ktfnews.com\/wp-content\/uploads\/2020\/09\/bill-mason-gpbICD6M_xg-unsplash-257x169.jpg","tooltip-preview":"https:\/\/ktfnews.com\/wp-content\/uploads\/2020\/09\/bill-mason-gpbICD6M_xg-unsplash-227x133.jpg","widget-content-slider":"https:\/\/ktfnews.com\/wp-content\/uploads\/2020\/09\/bill-mason-gpbICD6M_xg-unsplash-230x137.jpg","post-top-articles":"https:\/\/ktfnews.com\/wp-content\/uploads\/2020\/09\/bill-mason-gpbICD6M_xg-unsplash-130x100.jpg","post-single-wide":"https:\/\/ktfnews.com\/wp-content\/uploads\/2020\/09\/bill-mason-gpbICD6M_xg-unsplash-595x360.jpg","post-single-wide-nocrop":"https:\/\/ktfnews.com\/wp-content\/uploads\/2020\/09\/bill-mason-gpbICD6M_xg-unsplash-595x446.jpg","post-single-wide-mobile":"https:\/\/ktfnews.com\/wp-content\/uploads\/2020\/09\/bill-mason-gpbICD6M_xg-unsplash-320x190.jpg","post-single-wide-small":"https:\/\/ktfnews.com\/wp-content\/uploads\/2020\/09\/bill-mason-gpbICD6M_xg-unsplash-595x190.jpg","post-single-square":"https:\/\/ktfnews.com\/wp-content\/uploads\/2020\/09\/bill-mason-gpbICD6M_xg-unsplash-120x120.jpg","post-single-full-small":"https:\/\/ktfnews.com\/wp-content\/uploads\/2020\/09\/bill-mason-gpbICD6M_xg-unsplash-950x360.jpg","post-single-full-big":"https:\/\/ktfnews.com\/wp-content\/uploads\/2020\/09\/bill-mason-gpbICD6M_xg-unsplash-950x590.jpg","photo-blog":"https:\/\/ktfnews.com\/wp-content\/uploads\/2020\/09\/bill-mason-gpbICD6M_xg-unsplash-768x576.jpg"},"appp_media":null,"yoast_head":"<!-- This site is optimized with the Yoast SEO plugin v17.3 - https:\/\/yoast.com\/wordpress\/plugins\/seo\/ -->\n<meta name=\"robots\" content=\"index, follow, max-snippet:-1, max-image-preview:large, max-video-preview:-1\" \/>\n<link rel=\"canonical\" href=\"https:\/\/ktfnews.com\/pt\/catholics-make-majority-supreme-court\/\" \/>\n<meta property=\"og:locale\" content=\"es_ES\" \/>\n<meta property=\"og:type\" content=\"article\" \/>\n<meta property=\"og:title\" content=\"[:en]Why do Catholics make up a majority of the Supreme Court?[:es]\u00bfPor Qu\u00e9 los Cat\u00f3licos son Mayor\u00eda en la Corte Suprema?[:] - KEEP the FAITH\" \/>\n<meta property=\"og:description\" content=\"America, por Allyson Escobar: Tras la muerte de Ruth Bader Ginsburg el viernes 18 de septiembre, el Presidente Trump prometi\u00f3 nombrar r\u00e1pidamente a su sustituto al noveno puesto en la Corte Suprema. Para el lunes, dos nombres hab\u00edan surgido como...\" \/>\n<meta property=\"og:url\" content=\"https:\/\/ktfnews.com\/pt\/catholics-make-majority-supreme-court\/\" \/>\n<meta property=\"og:site_name\" content=\"KEEP the FAITH\" \/>\n<meta property=\"article:publisher\" content=\"https:\/\/www.facebook.com\/ktfministry\" \/>\n<meta property=\"article:published_time\" content=\"2020-09-30T11:30:45+00:00\" \/>\n<meta property=\"article:modified_time\" content=\"2020-10-01T02:44:59+00:00\" \/>\n<meta property=\"og:image\" content=\"https:\/\/ktfnews.com\/wp-content\/uploads\/2020\/09\/bill-mason-gpbICD6M_xg-unsplash.jpg\" \/>\n\t<meta property=\"og:image:width\" content=\"1920\" \/>\n\t<meta property=\"og:image:height\" content=\"1440\" \/>\n<meta name=\"twitter:card\" content=\"summary_large_image\" \/>\n<meta name=\"twitter:creator\" content=\"@ktfministry\" \/>\n<meta name=\"twitter:site\" content=\"@ktfministry\" \/>\n<meta name=\"twitter:label1\" content=\"Escrito por\" \/>\n\t<meta name=\"twitter:data1\" content=\"Pastor Hal Mayer\" \/>\n\t<meta name=\"twitter:label2\" content=\"Tiempo de lectura\" \/>\n\t<meta name=\"twitter:data2\" content=\"14 minutos\" \/>\n<script type=\"application\/ld+json\" class=\"yoast-schema-graph\">{\"@context\":\"https:\/\/schema.org\",\"@graph\":[{\"@type\":\"WebSite\",\"@id\":\"https:\/\/ktfnews.com\/#website\",\"url\":\"https:\/\/ktfnews.com\/\",\"name\":\"KEEP the FAITH\",\"description\":\"Preparing you for the final conflict between good and evil.\",\"potentialAction\":[{\"@type\":\"SearchAction\",\"target\":{\"@type\":\"EntryPoint\",\"urlTemplate\":\"https:\/\/ktfnews.com\/?s={search_term_string}\"},\"query-input\":\"required name=search_term_string\"}],\"inLanguage\":\"es\"},{\"@type\":\"ImageObject\",\"@id\":\"https:\/\/ktfnews.com\/pt\/catholics-make-majority-supreme-court\/#primaryimage\",\"inLanguage\":\"es\",\"url\":\"https:\/\/ktfnews.com\/wp-content\/uploads\/2020\/09\/bill-mason-gpbICD6M_xg-unsplash.jpg\",\"contentUrl\":\"https:\/\/ktfnews.com\/wp-content\/uploads\/2020\/09\/bill-mason-gpbICD6M_xg-unsplash.jpg\",\"width\":1920,\"height\":1440},{\"@type\":\"WebPage\",\"@id\":\"https:\/\/ktfnews.com\/pt\/catholics-make-majority-supreme-court\/#webpage\",\"url\":\"https:\/\/ktfnews.com\/pt\/catholics-make-majority-supreme-court\/\",\"name\":\"[:en]Why do Catholics make up a majority of the Supreme Court?[:es]\\u00bfPor Qu\\u00e9 los Cat\\u00f3licos son Mayor\\u00eda en la Corte Suprema?[:] - KEEP the FAITH\",\"isPartOf\":{\"@id\":\"https:\/\/ktfnews.com\/#website\"},\"primaryImageOfPage\":{\"@id\":\"https:\/\/ktfnews.com\/pt\/catholics-make-majority-supreme-court\/#primaryimage\"},\"datePublished\":\"2020-09-30T11:30:45+00:00\",\"dateModified\":\"2020-10-01T02:44:59+00:00\",\"author\":{\"@id\":\"https:\/\/ktfnews.com\/#\/schema\/person\/ba4174513d9169cf8e229b7d8d60410d\"},\"breadcrumb\":{\"@id\":\"https:\/\/ktfnews.com\/pt\/catholics-make-majority-supreme-court\/#breadcrumb\"},\"inLanguage\":\"es\",\"potentialAction\":[{\"@type\":\"ReadAction\",\"target\":[\"https:\/\/ktfnews.com\/pt\/catholics-make-majority-supreme-court\/\"]}]},{\"@type\":\"BreadcrumbList\",\"@id\":\"https:\/\/ktfnews.com\/pt\/catholics-make-majority-supreme-court\/#breadcrumb\",\"itemListElement\":[{\"@type\":\"ListItem\",\"position\":1,\"name\":\"Home\",\"item\":\"https:\/\/ktfnews.com\/\"},{\"@type\":\"ListItem\",\"position\":2,\"name\":\"Briefings\",\"item\":\"https:\/\/ktfnews.com\/category\/briefings\/\"},{\"@type\":\"ListItem\",\"position\":3,\"name\":\"Why do Catholics make up a majority of the Supreme Court?\"}]},{\"@type\":\"Person\",\"@id\":\"https:\/\/ktfnews.com\/#\/schema\/person\/ba4174513d9169cf8e229b7d8d60410d\",\"name\":\"Pastor Hal Mayer\",\"image\":{\"@type\":\"ImageObject\",\"@id\":\"https:\/\/ktfnews.com\/#personlogo\",\"inLanguage\":\"es\",\"url\":\"https:\/\/secure.gravatar.com\/avatar\/051bac95ae650254c5a03467b9456599?s=96&d=mm&r=g\",\"contentUrl\":\"https:\/\/secure.gravatar.com\/avatar\/051bac95ae650254c5a03467b9456599?s=96&d=mm&r=g\",\"caption\":\"Pastor Hal Mayer\"},\"description\":\"Pastor Hal Mayer is speaker and director of Keep the Faith Ministry. For the last 20 years Pastor Mayer\\u2019s monthly prophetic analysis on CD and online has revealed the striking evidence of fulfilling prophecy to many thousands of subscribers all over the world. Pastor Mayer\\u2019s background in history and Bible prophecy give him unique insights and perspectives that have blessed many and helped them make a deeper commitment to the Lord. Keep the Faith Ministry helps those who want to keep abreast of fulfilling prophecy and who want to understand and navigate the unique and difficult circumstances of the end-times. Keep the Faith Ministry helps to prepare you for the second coming of Christ. Pastor Mayer is married to Betsy for more than 40 years. They have no children of their own. \\u201cThe times in which we live are thrilling, because the things prophesied in God\\u2019s word are actually coming to pass in this generation,\\u201d says Pastor Mayer. \\u201cIn a time when the distinctive end-time truths of God\\u2019s word are being censored, and life in this world is becoming more and more chaotic, Keep the Faith is a voice of strength and encouragement.\\u201d\",\"url\":\"https:\/\/ktfnews.com\/es\/author\/hal\/\"}]}<\/script>\n<!-- \/ Yoast SEO plugin. -->","yoast_head_json":{"robots":{"index":"index","follow":"follow","max-snippet":"max-snippet:-1","max-image-preview":"max-image-preview:large","max-video-preview":"max-video-preview:-1"},"canonical":"https:\/\/ktfnews.com\/pt\/catholics-make-majority-supreme-court\/","og_locale":"es_ES","og_type":"article","og_title":"[:en]Why do Catholics make up a majority of the Supreme Court?[:es]\u00bfPor Qu\u00e9 los Cat\u00f3licos son Mayor\u00eda en la Corte Suprema?[:] - KEEP the FAITH","og_description":"America, por Allyson Escobar: Tras la muerte de Ruth Bader Ginsburg el viernes 18 de septiembre, el Presidente Trump prometi\u00f3 nombrar r\u00e1pidamente a su sustituto al noveno puesto en la Corte Suprema. Para el lunes, dos nombres hab\u00edan surgido como...","og_url":"https:\/\/ktfnews.com\/pt\/catholics-make-majority-supreme-court\/","og_site_name":"KEEP the FAITH","article_publisher":"https:\/\/www.facebook.com\/ktfministry","article_published_time":"2020-09-30T11:30:45+00:00","article_modified_time":"2020-10-01T02:44:59+00:00","og_image":[{"width":1920,"height":1440,"url":"https:\/\/ktfnews.com\/wp-content\/uploads\/2020\/09\/bill-mason-gpbICD6M_xg-unsplash.jpg","type":"image\/jpeg"}],"twitter_card":"summary_large_image","twitter_creator":"@ktfministry","twitter_site":"@ktfministry","twitter_misc":{"Escrito por":"Pastor Hal Mayer","Tiempo de lectura":"14 minutos"},"schema":{"@context":"https:\/\/schema.org","@graph":[{"@type":"WebSite","@id":"https:\/\/ktfnews.com\/#website","url":"https:\/\/ktfnews.com\/","name":"KEEP the FAITH","description":"Preparing you for the final conflict between good and evil.","potentialAction":[{"@type":"SearchAction","target":{"@type":"EntryPoint","urlTemplate":"https:\/\/ktfnews.com\/?s={search_term_string}"},"query-input":"required name=search_term_string"}],"inLanguage":"es"},{"@type":"ImageObject","@id":"https:\/\/ktfnews.com\/pt\/catholics-make-majority-supreme-court\/#primaryimage","inLanguage":"es","url":"https:\/\/ktfnews.com\/wp-content\/uploads\/2020\/09\/bill-mason-gpbICD6M_xg-unsplash.jpg","contentUrl":"https:\/\/ktfnews.com\/wp-content\/uploads\/2020\/09\/bill-mason-gpbICD6M_xg-unsplash.jpg","width":1920,"height":1440},{"@type":"WebPage","@id":"https:\/\/ktfnews.com\/pt\/catholics-make-majority-supreme-court\/#webpage","url":"https:\/\/ktfnews.com\/pt\/catholics-make-majority-supreme-court\/","name":"[:en]Why do Catholics make up a majority of the Supreme Court?[:es]\u00bfPor Qu\u00e9 los Cat\u00f3licos son Mayor\u00eda en la Corte Suprema?[:] - KEEP the FAITH","isPartOf":{"@id":"https:\/\/ktfnews.com\/#website"},"primaryImageOfPage":{"@id":"https:\/\/ktfnews.com\/pt\/catholics-make-majority-supreme-court\/#primaryimage"},"datePublished":"2020-09-30T11:30:45+00:00","dateModified":"2020-10-01T02:44:59+00:00","author":{"@id":"https:\/\/ktfnews.com\/#\/schema\/person\/ba4174513d9169cf8e229b7d8d60410d"},"breadcrumb":{"@id":"https:\/\/ktfnews.com\/pt\/catholics-make-majority-supreme-court\/#breadcrumb"},"inLanguage":"es","potentialAction":[{"@type":"ReadAction","target":["https:\/\/ktfnews.com\/pt\/catholics-make-majority-supreme-court\/"]}]},{"@type":"BreadcrumbList","@id":"https:\/\/ktfnews.com\/pt\/catholics-make-majority-supreme-court\/#breadcrumb","itemListElement":[{"@type":"ListItem","position":1,"name":"Home","item":"https:\/\/ktfnews.com\/"},{"@type":"ListItem","position":2,"name":"Briefings","item":"https:\/\/ktfnews.com\/category\/briefings\/"},{"@type":"ListItem","position":3,"name":"Why do Catholics make up a majority of the Supreme Court?"}]},{"@type":"Person","@id":"https:\/\/ktfnews.com\/#\/schema\/person\/ba4174513d9169cf8e229b7d8d60410d","name":"Pastor Hal Mayer","image":{"@type":"ImageObject","@id":"https:\/\/ktfnews.com\/#personlogo","inLanguage":"es","url":"https:\/\/secure.gravatar.com\/avatar\/051bac95ae650254c5a03467b9456599?s=96&d=mm&r=g","contentUrl":"https:\/\/secure.gravatar.com\/avatar\/051bac95ae650254c5a03467b9456599?s=96&d=mm&r=g","caption":"Pastor Hal Mayer"},"description":"Pastor Hal Mayer is speaker and director of Keep the Faith Ministry. For the last 20 years Pastor Mayer\u2019s monthly prophetic analysis on CD and online has revealed the striking evidence of fulfilling prophecy to many thousands of subscribers all over the world. Pastor Mayer\u2019s background in history and Bible prophecy give him unique insights and perspectives that have blessed many and helped them make a deeper commitment to the Lord. Keep the Faith Ministry helps those who want to keep abreast of fulfilling prophecy and who want to understand and navigate the unique and difficult circumstances of the end-times. Keep the Faith Ministry helps to prepare you for the second coming of Christ. Pastor Mayer is married to Betsy for more than 40 years. They have no children of their own. \u201cThe times in which we live are thrilling, because the things prophesied in God\u2019s word are actually coming to pass in this generation,\u201d says Pastor Mayer. \u201cIn a time when the distinctive end-time truths of God\u2019s word are being censored, and life in this world is becoming more and more chaotic, Keep the Faith is a voice of strength and encouragement.\u201d","url":"https:\/\/ktfnews.com\/es\/author\/hal\/"}]}},"_links":{"self":[{"href":"https:\/\/ktfnews.com\/es\/wp-json\/wp\/v2\/posts\/20522"}],"collection":[{"href":"https:\/\/ktfnews.com\/es\/wp-json\/wp\/v2\/posts"}],"about":[{"href":"https:\/\/ktfnews.com\/es\/wp-json\/wp\/v2\/types\/post"}],"author":[{"embeddable":true,"href":"https:\/\/ktfnews.com\/es\/wp-json\/wp\/v2\/users\/6"}],"replies":[{"embeddable":true,"href":"https:\/\/ktfnews.com\/es\/wp-json\/wp\/v2\/comments?post=20522"}],"version-history":[{"count":2,"href":"https:\/\/ktfnews.com\/es\/wp-json\/wp\/v2\/posts\/20522\/revisions"}],"predecessor-version":[{"id":20541,"href":"https:\/\/ktfnews.com\/es\/wp-json\/wp\/v2\/posts\/20522\/revisions\/20541"}],"wp:featuredmedia":[{"embeddable":true,"href":"https:\/\/ktfnews.com\/es\/wp-json\/wp\/v2\/media\/20524"}],"wp:attachment":[{"href":"https:\/\/ktfnews.com\/es\/wp-json\/wp\/v2\/media?parent=20522"}],"wp:term":[{"taxonomy":"category","embeddable":true,"href":"https:\/\/ktfnews.com\/es\/wp-json\/wp\/v2\/categories?post=20522"},{"taxonomy":"post_tag","embeddable":true,"href":"https:\/\/ktfnews.com\/es\/wp-json\/wp\/v2\/tags?post=20522"}],"curies":[{"name":"wp","href":"https:\/\/api.w.org\/{rel}","templated":true}]}}