{"id":20406,"date":"2020-09-10T07:30:06","date_gmt":"2020-09-10T11:30:06","guid":{"rendered":"https:\/\/ktfnews.com\/?p=20406"},"modified":"2020-09-10T17:42:51","modified_gmt":"2020-09-10T21:42:51","slug":"united-nations-warns-famine-biblical-proportions-imminent-due-covid-19-millions-starve","status":"publish","type":"post","link":"https:\/\/ktfnews.com\/es\/united-nations-warns-famine-biblical-proportions-imminent-due-covid-19-millions-starve\/","title":{"rendered":"Las Naciones Unidas Advierten Hambruna de Proporciones B\u00edblicas Inminentes por el COVID-19, Millones de Personas Morir\u00e1n de Hambre"},"content":{"rendered":"<p><i>International Business Times<\/i>, por Akshay Saraswat: Si la pandemia de COVID-19 no ha causado ya suficientes estragos en el mundo, las cosas van a empeorar mucho m\u00e1s, si es cre\u00edble el Programa Mundial de Alimentos de las Naciones Unidas (PMA). Seg\u00fan este organismo, que trata de hacer frente a la escasez de alimentos en todo el mundo, el n\u00famero de personas que no pueden ganar lo suficiente para alimentarse causar\u00e1 un enorme aumento de la desnutrici\u00f3n a finales de este a\u00f1o.<\/p>\n<p>\u00abTodos los datos de que disponemos, incluido el PMA, prev\u00e9n que el n\u00famero de personas que sufren de malnutrici\u00f3n crecer\u00e1 en un 80% a finales de a\u00f1o,&#8230; (esto) apunta a una verdadera cat\u00e1strofe\u00bb, dijo el Director Ejecutivo del PMA David Beasley.<\/p>\n<p>Problemas a largo plazo<\/p>\n<p>Este ser\u00eda s\u00f3lo el efecto principal del COVID-19 en aquellos sectores de la sociedad que son vulnerables a la escasez de alimentos. Beasley explic\u00f3 que los efectos a largo plazo de la perturbaci\u00f3n causada por la pandemia agravar\u00e1n a\u00fan m\u00e1s la situaci\u00f3n en los pr\u00f3ximos a\u00f1os.<\/p>\n<p>\u00abObviamente las tensiones sociales aumentar\u00e1n, la migraci\u00f3n aumentar\u00e1, los conflictos se intensificar\u00e1n y es probable que el hambre afecte a quienes no la experimentaron antes\u00bb, advirti\u00f3 el alto funcionario de la ONU. Esto tendr\u00e1 consecuencias devastadoras. \u00abMuchos morir\u00e1n, los ni\u00f1os sufrir\u00e1n las consecuencias de la malnutrici\u00f3n durante muchos a\u00f1os, y el mundo perder\u00e1 todos los progresos realizados en la lucha contra el hambre en la \u00faltima d\u00e9cada\u00bb, a\u00f1adi\u00f3 en una interacci\u00f3n con la agencia de noticias rusa TASS.<\/p>\n<p>Regiones m\u00e1s afectadas<\/p>\n<p>El PMA considera que Am\u00e9rica del Sur es el continente que m\u00e1s sufrir\u00e1 por la escasez de alimentos inducida por el COVID-19. El n\u00famero de personas que sufren de desnutrici\u00f3n en esa parte del mundo aumentar\u00eda en un 269%. La segunda regi\u00f3n m\u00e1s afectada ser\u00eda Asia central y oriental, donde la tasa de aumento de la malnutrici\u00f3n ser\u00eda de alrededor del 135%.<\/p>\n<p>El \u00c1frica subsahariana, notoriamente pobre y afectada por el hambre, tampoco se librar\u00eda f\u00e1cilmente. All\u00ed, el n\u00famero de personas mal alimentadas se duplicar\u00eda. Esto supondr\u00e1 una carga adicional para el PMA, que ya se dedica a alimentar a 138 millones de personas en todo el mundo. Obviamente, la organizaci\u00f3n est\u00e1 buscando m\u00e1s ayuda financiera.<\/p>\n<p>Seg\u00fan el organismo de la ONU, se necesitan 4.900 millones de d\u00f3lares s\u00f3lo para sus actividades en los pr\u00f3ximos seis meses. La reciente explosi\u00f3n en Beirut que destruy\u00f3 las instalaciones de almacenamiento donde se guardaban los granos y el puerto que se utiliza para importar alimentos tambi\u00e9n ha creado una crisis en el L\u00edbano. El Sud\u00e1n y Yemen son otros dos pa\u00edses en los que la escasez de alimentos ha sido aguda. La situaci\u00f3n ya es sombr\u00eda.<\/p>\n<p>Conexi\u00f3n Prof\u00e9tica:<\/p>\n<p>\u201cPorque se levantar\u00e1 naci\u00f3n contra naci\u00f3n, y reino contra reino; y habr\u00e1 pestes, y hambres, y terremotos en diferentes lugares.\u201d Mateo 24:7.<\/p>\n<hr>\n<h3>Source References<\/h3>\n<ul>\n<li>\n<h5><a href=\"https:\/\/www.ibtimes.sg\/united-nations-warns-famine-biblical-proportions-imminent-due-covid-19-millions-starve-50506\" target=\"_blank\">United Nations Warns Famine of Biblical Proportions Imminent Due to COVID-19, Millions to Starve<\/a><\/h5>\n<\/li>\n<\/ul>\n<p><\/p>\n<!-- AddThis Advanced Settings generic via filter on the_content -->","protected":false},"excerpt":{"rendered":"<p>International Business Times, por Akshay Saraswat: Si la pandemia de COVID-19 no ha causado ya suficientes estragos en el mundo, las cosas van a empeorar mucho m\u00e1s, si es cre\u00edble el Programa Mundial de Alimentos de las Naciones Unidas (PMA)&#8230;.<!-- AddThis Advanced Settings generic via filter on wp_trim_excerpt --><\/p>\n","protected":false},"author":6,"featured_media":20409,"comment_status":"open","ping_status":"open","sticky":false,"template":"","format":"standard","meta":{"episode_type":"","audio_file":"","duration":"","filesize":"","date_recorded":"","explicit":"","block":"","filesize_raw":"","_FSMCFIC_featured_image_caption":"Image: Alejandra Parejo on Unsplash.com","_FSMCFIC_featured_image_nocaption":null,"_FSMCFIC_featured_image_hide":null,"_links_to":"","_links_to_target":""},"categories":[722,32],"tags":[223,2678,2285,1241,1198,2671,1202],"featured_image_urls":{"thumbnail":"https:\/\/ktfnews.com\/wp-content\/uploads\/2020\/09\/alejandra-parejo-dALwKW85F00-unsplash-150x150.jpg","medium":"https:\/\/ktfnews.com\/wp-content\/uploads\/2020\/09\/alejandra-parejo-dALwKW85F00-unsplash-300x204.jpg","medium_large":"https:\/\/ktfnews.com\/wp-content\/uploads\/2020\/09\/alejandra-parejo-dALwKW85F00-unsplash-768x523.jpg","large":"https:\/\/ktfnews.com\/wp-content\/uploads\/2020\/09\/alejandra-parejo-dALwKW85F00-unsplash-1024x697.jpg","team-small":"https:\/\/ktfnews.com\/wp-content\/uploads\/2020\/09\/alejandra-parejo-dALwKW85F00-unsplash-138x162.jpg","team-overview":"https:\/\/ktfnews.com\/wp-content\/uploads\/2020\/09\/alejandra-parejo-dALwKW85F00-unsplash-200x279.jpg","team-big":"https:\/\/ktfnews.com\/wp-content\/uploads\/2020\/09\/alejandra-parejo-dALwKW85F00-unsplash-540x270.jpg","two-columns":"https:\/\/ktfnews.com\/wp-content\/uploads\/2020\/09\/alejandra-parejo-dALwKW85F00-unsplash-379x242.jpg","one-column":"https:\/\/ktfnews.com\/wp-content\/uploads\/2020\/09\/alejandra-parejo-dALwKW85F00-unsplash-379x242.jpg","mini-square":"https:\/\/ktfnews.com\/wp-content\/uploads\/2020\/09\/alejandra-parejo-dALwKW85F00-unsplash-70x70.jpg","portfolio-widget-mainpage":"https:\/\/ktfnews.com\/wp-content\/uploads\/2020\/09\/alejandra-parejo-dALwKW85F00-unsplash-335x195.jpg","portfolio-single-ajax":"https:\/\/ktfnews.com\/wp-content\/uploads\/2020\/09\/alejandra-parejo-dALwKW85F00-unsplash-670x280.jpg","portfolio-single-big":"https:\/\/ktfnews.com\/wp-content\/uploads\/2020\/09\/alejandra-parejo-dALwKW85F00-unsplash-685x480.jpg","portfolio-single-small":"https:\/\/ktfnews.com\/wp-content\/uploads\/2020\/09\/alejandra-parejo-dALwKW85F00-unsplash-685x280.jpg","portfolio-single-full-big":"https:\/\/ktfnews.com\/wp-content\/uploads\/2020\/09\/alejandra-parejo-dALwKW85F00-unsplash-960x590.jpg","portfolio-single-full-small":"https:\/\/ktfnews.com\/wp-content\/uploads\/2020\/09\/alejandra-parejo-dALwKW85F00-unsplash-960x250.jpg","gallery-post":"https:\/\/ktfnews.com\/wp-content\/uploads\/2020\/09\/alejandra-parejo-dALwKW85F00-unsplash-182x126.jpg","gallery-post-smaller":"https:\/\/ktfnews.com\/wp-content\/uploads\/2020\/09\/alejandra-parejo-dALwKW85F00-unsplash-158x100.jpg","gallery-standard":"https:\/\/ktfnews.com\/wp-content\/uploads\/2020\/09\/alejandra-parejo-dALwKW85F00-unsplash-257x169.jpg","tooltip-preview":"https:\/\/ktfnews.com\/wp-content\/uploads\/2020\/09\/alejandra-parejo-dALwKW85F00-unsplash-227x133.jpg","widget-content-slider":"https:\/\/ktfnews.com\/wp-content\/uploads\/2020\/09\/alejandra-parejo-dALwKW85F00-unsplash-230x137.jpg","post-top-articles":"https:\/\/ktfnews.com\/wp-content\/uploads\/2020\/09\/alejandra-parejo-dALwKW85F00-unsplash-130x100.jpg","post-single-wide":"https:\/\/ktfnews.com\/wp-content\/uploads\/2020\/09\/alejandra-parejo-dALwKW85F00-unsplash-595x360.jpg","post-single-wide-nocrop":"https:\/\/ktfnews.com\/wp-content\/uploads\/2020\/09\/alejandra-parejo-dALwKW85F00-unsplash-595x405.jpg","post-single-wide-mobile":"https:\/\/ktfnews.com\/wp-content\/uploads\/2020\/09\/alejandra-parejo-dALwKW85F00-unsplash-320x190.jpg","post-single-wide-small":"https:\/\/ktfnews.com\/wp-content\/uploads\/2020\/09\/alejandra-parejo-dALwKW85F00-unsplash-595x190.jpg","post-single-square":"https:\/\/ktfnews.com\/wp-content\/uploads\/2020\/09\/alejandra-parejo-dALwKW85F00-unsplash-120x120.jpg","post-single-full-small":"https:\/\/ktfnews.com\/wp-content\/uploads\/2020\/09\/alejandra-parejo-dALwKW85F00-unsplash-950x360.jpg","post-single-full-big":"https:\/\/ktfnews.com\/wp-content\/uploads\/2020\/09\/alejandra-parejo-dALwKW85F00-unsplash-950x590.jpg","photo-blog":"https:\/\/ktfnews.com\/wp-content\/uploads\/2020\/09\/alejandra-parejo-dALwKW85F00-unsplash-768x523.jpg"},"appp_media":null,"yoast_head":"<!-- This site is optimized with the Yoast SEO plugin v17.3 - https:\/\/yoast.com\/wordpress\/plugins\/seo\/ -->\n<meta name=\"robots\" content=\"index, follow, max-snippet:-1, max-image-preview:large, max-video-preview:-1\" \/>\n<link rel=\"canonical\" href=\"https:\/\/ktfnews.com\/de\/united-nations-warns-famine-biblical-proportions-imminent-due-covid-19-millions-starve\/\" \/>\n<meta property=\"og:locale\" content=\"es_ES\" \/>\n<meta property=\"og:type\" content=\"article\" \/>\n<meta property=\"og:title\" content=\"[:en]United Nations Warns Famine of Biblical Proportions Imminent Due to COVID-19, Millions to Starve[:es]Las Naciones Unidas Advierten Hambruna de Proporciones B\u00edblicas Inminentes por el COVID-19, Millones de Personas Morir\u00e1n de Hambre[:] - KEEP the FAITH\" \/>\n<meta property=\"og:description\" content=\"International Business Times, por Akshay Saraswat: Si la pandemia de COVID-19 no ha causado ya suficientes estragos en el mundo, las cosas van a empeorar mucho m\u00e1s, si es cre\u00edble el Programa Mundial de Alimentos de las Naciones Unidas (PMA)....\" \/>\n<meta property=\"og:url\" content=\"https:\/\/ktfnews.com\/de\/united-nations-warns-famine-biblical-proportions-imminent-due-covid-19-millions-starve\/\" \/>\n<meta property=\"og:site_name\" content=\"KEEP the FAITH\" \/>\n<meta property=\"article:publisher\" content=\"https:\/\/www.facebook.com\/ktfministry\" \/>\n<meta property=\"article:published_time\" content=\"2020-09-10T11:30:06+00:00\" \/>\n<meta property=\"article:modified_time\" content=\"2020-09-10T21:42:51+00:00\" \/>\n<meta property=\"og:image\" content=\"https:\/\/ktfnews.com\/wp-content\/uploads\/2020\/09\/alejandra-parejo-dALwKW85F00-unsplash.jpg\" \/>\n\t<meta property=\"og:image:width\" content=\"1224\" \/>\n\t<meta property=\"og:image:height\" content=\"833\" \/>\n<meta name=\"twitter:card\" content=\"summary_large_image\" \/>\n<meta name=\"twitter:creator\" content=\"@ktfministry\" \/>\n<meta name=\"twitter:site\" content=\"@ktfministry\" \/>\n<meta name=\"twitter:label1\" content=\"Escrito por\" \/>\n\t<meta name=\"twitter:data1\" content=\"Pastor Hal Mayer\" \/>\n\t<meta name=\"twitter:label2\" content=\"Tiempo de lectura\" \/>\n\t<meta name=\"twitter:data2\" content=\"5 minutos\" \/>\n<script type=\"application\/ld+json\" class=\"yoast-schema-graph\">{\"@context\":\"https:\/\/schema.org\",\"@graph\":[{\"@type\":\"WebSite\",\"@id\":\"https:\/\/ktfnews.com\/#website\",\"url\":\"https:\/\/ktfnews.com\/\",\"name\":\"KEEP the FAITH\",\"description\":\"Preparing you for the final conflict between good and evil.\",\"potentialAction\":[{\"@type\":\"SearchAction\",\"target\":{\"@type\":\"EntryPoint\",\"urlTemplate\":\"https:\/\/ktfnews.com\/?s={search_term_string}\"},\"query-input\":\"required name=search_term_string\"}],\"inLanguage\":\"es\"},{\"@type\":\"ImageObject\",\"@id\":\"https:\/\/ktfnews.com\/de\/united-nations-warns-famine-biblical-proportions-imminent-due-covid-19-millions-starve\/#primaryimage\",\"inLanguage\":\"es\",\"url\":\"https:\/\/ktfnews.com\/wp-content\/uploads\/2020\/09\/alejandra-parejo-dALwKW85F00-unsplash.jpg\",\"contentUrl\":\"https:\/\/ktfnews.com\/wp-content\/uploads\/2020\/09\/alejandra-parejo-dALwKW85F00-unsplash.jpg\",\"width\":1224,\"height\":833},{\"@type\":\"WebPage\",\"@id\":\"https:\/\/ktfnews.com\/de\/united-nations-warns-famine-biblical-proportions-imminent-due-covid-19-millions-starve\/#webpage\",\"url\":\"https:\/\/ktfnews.com\/de\/united-nations-warns-famine-biblical-proportions-imminent-due-covid-19-millions-starve\/\",\"name\":\"[:en]United Nations Warns Famine of Biblical Proportions Imminent Due to COVID-19, Millions to Starve[:es]Las Naciones Unidas Advierten Hambruna de Proporciones B\\u00edblicas Inminentes por el COVID-19, Millones de Personas Morir\\u00e1n de Hambre[:] - KEEP the FAITH\",\"isPartOf\":{\"@id\":\"https:\/\/ktfnews.com\/#website\"},\"primaryImageOfPage\":{\"@id\":\"https:\/\/ktfnews.com\/de\/united-nations-warns-famine-biblical-proportions-imminent-due-covid-19-millions-starve\/#primaryimage\"},\"datePublished\":\"2020-09-10T11:30:06+00:00\",\"dateModified\":\"2020-09-10T21:42:51+00:00\",\"author\":{\"@id\":\"https:\/\/ktfnews.com\/#\/schema\/person\/ba4174513d9169cf8e229b7d8d60410d\"},\"breadcrumb\":{\"@id\":\"https:\/\/ktfnews.com\/de\/united-nations-warns-famine-biblical-proportions-imminent-due-covid-19-millions-starve\/#breadcrumb\"},\"inLanguage\":\"es\",\"potentialAction\":[{\"@type\":\"ReadAction\",\"target\":[\"https:\/\/ktfnews.com\/de\/united-nations-warns-famine-biblical-proportions-imminent-due-covid-19-millions-starve\/\"]}]},{\"@type\":\"BreadcrumbList\",\"@id\":\"https:\/\/ktfnews.com\/de\/united-nations-warns-famine-biblical-proportions-imminent-due-covid-19-millions-starve\/#breadcrumb\",\"itemListElement\":[{\"@type\":\"ListItem\",\"position\":1,\"name\":\"Home\",\"item\":\"https:\/\/ktfnews.com\/\"},{\"@type\":\"ListItem\",\"position\":2,\"name\":\"Briefings\",\"item\":\"https:\/\/ktfnews.com\/category\/briefings\/\"},{\"@type\":\"ListItem\",\"position\":3,\"name\":\"United Nations Warns Famine of Biblical Proportions Imminent Due to COVID-19, Millions to Starve\"}]},{\"@type\":\"Person\",\"@id\":\"https:\/\/ktfnews.com\/#\/schema\/person\/ba4174513d9169cf8e229b7d8d60410d\",\"name\":\"Pastor Hal Mayer\",\"image\":{\"@type\":\"ImageObject\",\"@id\":\"https:\/\/ktfnews.com\/#personlogo\",\"inLanguage\":\"es\",\"url\":\"https:\/\/secure.gravatar.com\/avatar\/051bac95ae650254c5a03467b9456599?s=96&d=mm&r=g\",\"contentUrl\":\"https:\/\/secure.gravatar.com\/avatar\/051bac95ae650254c5a03467b9456599?s=96&d=mm&r=g\",\"caption\":\"Pastor Hal Mayer\"},\"description\":\"Pastor Hal Mayer is speaker and director of Keep the Faith Ministry. For the last 20 years Pastor Mayer\\u2019s monthly prophetic analysis on CD and online has revealed the striking evidence of fulfilling prophecy to many thousands of subscribers all over the world. Pastor Mayer\\u2019s background in history and Bible prophecy give him unique insights and perspectives that have blessed many and helped them make a deeper commitment to the Lord. Keep the Faith Ministry helps those who want to keep abreast of fulfilling prophecy and who want to understand and navigate the unique and difficult circumstances of the end-times. Keep the Faith Ministry helps to prepare you for the second coming of Christ. Pastor Mayer is married to Betsy for more than 40 years. They have no children of their own. \\u201cThe times in which we live are thrilling, because the things prophesied in God\\u2019s word are actually coming to pass in this generation,\\u201d says Pastor Mayer. \\u201cIn a time when the distinctive end-time truths of God\\u2019s word are being censored, and life in this world is becoming more and more chaotic, Keep the Faith is a voice of strength and encouragement.\\u201d\",\"url\":\"https:\/\/ktfnews.com\/es\/author\/hal\/\"}]}<\/script>\n<!-- \/ Yoast SEO plugin. -->","yoast_head_json":{"robots":{"index":"index","follow":"follow","max-snippet":"max-snippet:-1","max-image-preview":"max-image-preview:large","max-video-preview":"max-video-preview:-1"},"canonical":"https:\/\/ktfnews.com\/de\/united-nations-warns-famine-biblical-proportions-imminent-due-covid-19-millions-starve\/","og_locale":"es_ES","og_type":"article","og_title":"[:en]United Nations Warns Famine of Biblical Proportions Imminent Due to COVID-19, Millions to Starve[:es]Las Naciones Unidas Advierten Hambruna de Proporciones B\u00edblicas Inminentes por el COVID-19, Millones de Personas Morir\u00e1n de Hambre[:] - KEEP the FAITH","og_description":"International Business Times, por Akshay Saraswat: Si la pandemia de COVID-19 no ha causado ya suficientes estragos en el mundo, las cosas van a empeorar mucho m\u00e1s, si es cre\u00edble el Programa Mundial de Alimentos de las Naciones Unidas (PMA)....","og_url":"https:\/\/ktfnews.com\/de\/united-nations-warns-famine-biblical-proportions-imminent-due-covid-19-millions-starve\/","og_site_name":"KEEP the FAITH","article_publisher":"https:\/\/www.facebook.com\/ktfministry","article_published_time":"2020-09-10T11:30:06+00:00","article_modified_time":"2020-09-10T21:42:51+00:00","og_image":[{"width":1224,"height":833,"url":"https:\/\/ktfnews.com\/wp-content\/uploads\/2020\/09\/alejandra-parejo-dALwKW85F00-unsplash.jpg","type":"image\/jpeg"}],"twitter_card":"summary_large_image","twitter_creator":"@ktfministry","twitter_site":"@ktfministry","twitter_misc":{"Escrito por":"Pastor Hal Mayer","Tiempo de lectura":"5 minutos"},"schema":{"@context":"https:\/\/schema.org","@graph":[{"@type":"WebSite","@id":"https:\/\/ktfnews.com\/#website","url":"https:\/\/ktfnews.com\/","name":"KEEP the FAITH","description":"Preparing you for the final conflict between good and evil.","potentialAction":[{"@type":"SearchAction","target":{"@type":"EntryPoint","urlTemplate":"https:\/\/ktfnews.com\/?s={search_term_string}"},"query-input":"required name=search_term_string"}],"inLanguage":"es"},{"@type":"ImageObject","@id":"https:\/\/ktfnews.com\/de\/united-nations-warns-famine-biblical-proportions-imminent-due-covid-19-millions-starve\/#primaryimage","inLanguage":"es","url":"https:\/\/ktfnews.com\/wp-content\/uploads\/2020\/09\/alejandra-parejo-dALwKW85F00-unsplash.jpg","contentUrl":"https:\/\/ktfnews.com\/wp-content\/uploads\/2020\/09\/alejandra-parejo-dALwKW85F00-unsplash.jpg","width":1224,"height":833},{"@type":"WebPage","@id":"https:\/\/ktfnews.com\/de\/united-nations-warns-famine-biblical-proportions-imminent-due-covid-19-millions-starve\/#webpage","url":"https:\/\/ktfnews.com\/de\/united-nations-warns-famine-biblical-proportions-imminent-due-covid-19-millions-starve\/","name":"[:en]United Nations Warns Famine of Biblical Proportions Imminent Due to COVID-19, Millions to Starve[:es]Las Naciones Unidas Advierten Hambruna de Proporciones B\u00edblicas Inminentes por el COVID-19, Millones de Personas Morir\u00e1n de Hambre[:] - KEEP the FAITH","isPartOf":{"@id":"https:\/\/ktfnews.com\/#website"},"primaryImageOfPage":{"@id":"https:\/\/ktfnews.com\/de\/united-nations-warns-famine-biblical-proportions-imminent-due-covid-19-millions-starve\/#primaryimage"},"datePublished":"2020-09-10T11:30:06+00:00","dateModified":"2020-09-10T21:42:51+00:00","author":{"@id":"https:\/\/ktfnews.com\/#\/schema\/person\/ba4174513d9169cf8e229b7d8d60410d"},"breadcrumb":{"@id":"https:\/\/ktfnews.com\/de\/united-nations-warns-famine-biblical-proportions-imminent-due-covid-19-millions-starve\/#breadcrumb"},"inLanguage":"es","potentialAction":[{"@type":"ReadAction","target":["https:\/\/ktfnews.com\/de\/united-nations-warns-famine-biblical-proportions-imminent-due-covid-19-millions-starve\/"]}]},{"@type":"BreadcrumbList","@id":"https:\/\/ktfnews.com\/de\/united-nations-warns-famine-biblical-proportions-imminent-due-covid-19-millions-starve\/#breadcrumb","itemListElement":[{"@type":"ListItem","position":1,"name":"Home","item":"https:\/\/ktfnews.com\/"},{"@type":"ListItem","position":2,"name":"Briefings","item":"https:\/\/ktfnews.com\/category\/briefings\/"},{"@type":"ListItem","position":3,"name":"United Nations Warns Famine of Biblical Proportions Imminent Due to COVID-19, Millions to Starve"}]},{"@type":"Person","@id":"https:\/\/ktfnews.com\/#\/schema\/person\/ba4174513d9169cf8e229b7d8d60410d","name":"Pastor Hal Mayer","image":{"@type":"ImageObject","@id":"https:\/\/ktfnews.com\/#personlogo","inLanguage":"es","url":"https:\/\/secure.gravatar.com\/avatar\/051bac95ae650254c5a03467b9456599?s=96&d=mm&r=g","contentUrl":"https:\/\/secure.gravatar.com\/avatar\/051bac95ae650254c5a03467b9456599?s=96&d=mm&r=g","caption":"Pastor Hal Mayer"},"description":"Pastor Hal Mayer is speaker and director of Keep the Faith Ministry. For the last 20 years Pastor Mayer\u2019s monthly prophetic analysis on CD and online has revealed the striking evidence of fulfilling prophecy to many thousands of subscribers all over the world. Pastor Mayer\u2019s background in history and Bible prophecy give him unique insights and perspectives that have blessed many and helped them make a deeper commitment to the Lord. Keep the Faith Ministry helps those who want to keep abreast of fulfilling prophecy and who want to understand and navigate the unique and difficult circumstances of the end-times. Keep the Faith Ministry helps to prepare you for the second coming of Christ. Pastor Mayer is married to Betsy for more than 40 years. They have no children of their own. \u201cThe times in which we live are thrilling, because the things prophesied in God\u2019s word are actually coming to pass in this generation,\u201d says Pastor Mayer. \u201cIn a time when the distinctive end-time truths of God\u2019s word are being censored, and life in this world is becoming more and more chaotic, Keep the Faith is a voice of strength and encouragement.\u201d","url":"https:\/\/ktfnews.com\/es\/author\/hal\/"}]}},"_links":{"self":[{"href":"https:\/\/ktfnews.com\/es\/wp-json\/wp\/v2\/posts\/20406"}],"collection":[{"href":"https:\/\/ktfnews.com\/es\/wp-json\/wp\/v2\/posts"}],"about":[{"href":"https:\/\/ktfnews.com\/es\/wp-json\/wp\/v2\/types\/post"}],"author":[{"embeddable":true,"href":"https:\/\/ktfnews.com\/es\/wp-json\/wp\/v2\/users\/6"}],"replies":[{"embeddable":true,"href":"https:\/\/ktfnews.com\/es\/wp-json\/wp\/v2\/comments?post=20406"}],"version-history":[{"count":3,"href":"https:\/\/ktfnews.com\/es\/wp-json\/wp\/v2\/posts\/20406\/revisions"}],"predecessor-version":[{"id":20416,"href":"https:\/\/ktfnews.com\/es\/wp-json\/wp\/v2\/posts\/20406\/revisions\/20416"}],"wp:featuredmedia":[{"embeddable":true,"href":"https:\/\/ktfnews.com\/es\/wp-json\/wp\/v2\/media\/20409"}],"wp:attachment":[{"href":"https:\/\/ktfnews.com\/es\/wp-json\/wp\/v2\/media?parent=20406"}],"wp:term":[{"taxonomy":"category","embeddable":true,"href":"https:\/\/ktfnews.com\/es\/wp-json\/wp\/v2\/categories?post=20406"},{"taxonomy":"post_tag","embeddable":true,"href":"https:\/\/ktfnews.com\/es\/wp-json\/wp\/v2\/tags?post=20406"}],"curies":[{"name":"wp","href":"https:\/\/api.w.org\/{rel}","templated":true}]}}