{"id":20325,"date":"2020-08-27T07:30:30","date_gmt":"2020-08-27T11:30:30","guid":{"rendered":"https:\/\/ktfnews.com\/?p=20325"},"modified":"2020-12-10T06:47:52","modified_gmt":"2020-12-10T11:47:52","slug":"derecho-windstorm-destroys-iowa-harvests-causes-catastrophic-destruction-millions-acres-casts-ominous-shadow-heartland-future","status":"publish","type":"post","link":"https:\/\/ktfnews.com\/es\/derecho-windstorm-destroys-iowa-harvests-causes-catastrophic-destruction-millions-acres-casts-ominous-shadow-heartland-future\/","title":{"rendered":"La Tormenta de Viento en Derecho Destruye las Cosechas de Iowa, Causa una Destrucci\u00f3n Catastr\u00f3fica en Millones de Acres y Proyecta una Sombra Oscura al Futuro."},"content":{"rendered":"<p><i>The Blaze<\/i>, Sarah Taylor: Una violenta tormenta de viento arras\u00f3 el coraz\u00f3n de Estados Unidos la semana pasada, devastando el Cintur\u00f3n de Ma\u00edz con da\u00f1os insuperables en la cosecha de la temporada.<\/p>\n<p>\u00bfCu\u00e1les son los detalles?<\/p>\n<p>La semana pasada, una tormenta de viento derecho arras\u00f3 millones de acres de campos de ma\u00edz y soja en Iowa mientras los vientos soplaban a m\u00e1s de 100 millas por hora.<\/p>\n<p>Seg\u00fan el New York Times, los funcionarios del estado de Iowa estiman que al menos 14 millones de acres de tierras de cultivo necesarias fueron da\u00f1adas por las r\u00e1fagas de viento.<\/p>\n<p>Adem\u00e1s de las cosechas arruinadas, cientos de millones de fanegas de grano de almacenamiento comercial, as\u00ed como decenas de millones de fanegas de grano de almacenamiento en las granjas tambi\u00e9n se perdieron por la devastadora tormenta.<\/p>\n<p>Shannon Textor, portavoz de la Asociaci\u00f3n de Cultivadores de Ma\u00edz de Iowa, dijo a la tienda que podr\u00edan pasar semanas para determinar las p\u00e9rdidas monetarias como resultado de la tormenta.<\/p>\n<p>\u00abEs muy dif\u00edcil rodear con los brazos la devastaci\u00f3n en este momento\u00bb, admiti\u00f3 Textor.<\/p>\n<p>El ma\u00edz y la soja en Iowa se cosechan t\u00edpicamente en septiembre y octubre. Este a\u00f1o, se\u00f1ala la salida, se fij\u00f3 para ser una de las mayores cosechas de producci\u00f3n en varios a\u00f1os.<\/p>\n<p>En 2013, la demanda de ma\u00edz y soja se redujo a medida que la producci\u00f3n aument\u00f3, seg\u00fan Chad Hart, debido a diversos factores, entre ellos la estabilizaci\u00f3n de la industria del etanol, inform\u00f3 el Times.<\/p>\n<p>La lentitud de la demanda dio lugar a una disminuci\u00f3n masiva de los precios, que se vio agravada por las controversias comerciales internacionales.<\/p>\n<p>Los agricultores que estaban tratando de recuperar su posici\u00f3n en los \u00faltimos a\u00f1os comenzaron a respirar con m\u00e1s facilidad despu\u00e9s de 2019, y luego lleg\u00f3 la tormenta.<\/p>\n<p>Jim Greif, un agricultor de ma\u00edz y soja, dijo al Times: \u00abLa historia corta es que 2019 fue un a\u00f1o infernal y nos alegramos cuando termin\u00f3\u00bb. Ahora 2020, no s\u00e9 c\u00f3mo lo llamar\u00edas, pero es peor que el a\u00f1o pasado\u00bb.<\/p>\n<p>El desastre tambi\u00e9n es especialmente problem\u00e1tico ya que la p\u00e9rdida de la cosecha de ma\u00edz afectar\u00e1 a los productores de ganado a\u00fan m\u00e1s de lo que ya est\u00e1 sucediendo debido a COVID-19.<\/p>\n<p>Iowa es el n\u00famero uno del pa\u00eds por su producci\u00f3n de ma\u00edz y etanol.<\/p>\n<p>El martes el Presidente Donald Trump analiz\u00f3 el estado devastado y prometi\u00f3 a los habitantes de Iowa el \u00abapoyo total del gobierno federal en la recuperaci\u00f3n\u00bb.<\/p>\n<p>El gobernador de Iowa Kim Reynolds (R) dijo que la devastaci\u00f3n caus\u00f3 un estimado de 4 mil millones de d\u00f3lares en da\u00f1os por la tormenta.<\/p>\n<p>Durante una reuni\u00f3n informativa con el presidente, Reynolds describi\u00f3 la tormenta como un \u00abtornado de 40 millas de ancho que atraves\u00f3 el estado de Iowa\u00bb.<\/p>\n<p>El Secretario de Agricultura del Estado de Iowa, Mike Naig, a\u00f1adi\u00f3: \u00abHay millones de acres de ma\u00edz que no se podr\u00e1n cosechar de golpe\u00bb.<\/p>\n<p>\u00abVamos a ayudarlos a recuperarse de la tormenta y lo haremos y lo haremos juntos\u00bb, dijo Trump. <\/p>\n<p>Puede leer m\u00e1s sobre las experiencias de los agricultores locales despu\u00e9s de la tormenta masiva aqu\u00ed.<\/p>\n<p>Conexi\u00f3n Prof\u00e9tica:<\/p>\n<p>\u201cAl par que se hace pasar ante los hijos de los hombres como un gran m\u00e9dico que puede curar todas sus enfermedades, Satan\u00e1s producir\u00e1 enfermedades y desastres al punto que ciudades populosas sean reducidas a ruinas y desolaci\u00f3n. Ahora mismo est\u00e1 obrando. Ejerce su poder en todos los lugares y bajo mil formas: en las desgracias y calamidades de mar y tierra, en las grandes conflagraciones, en los tremendos huracanes y en las terribles tempestades de granizo, en las inundaciones, en los ciclones, en las mareas extraordinarias y en los terremotos. Destruye las mieses casi maduras y a ello siguen la hambruna y la angustia; propaga por el aire emanaciones mef\u00edticas y miles de seres perecen en la pestilencia. Estas plagas ir\u00e1n menudeando m\u00e1s y m\u00e1s y se har\u00e1n m\u00e1s y m\u00e1s desastrosas. La destrucci\u00f3n caer\u00e1 sobre hombres y animales. \u00abLa tierra se pone de luto y se marchita,\u00bb \u00abdesfallece la gente encumbrada de la tierra. La tierra tambi\u00e9n es profanada bajo sus habitantes; porque traspasaron la ley, cambiaron el estatuto, y quebrantaron el pacto eterno.\u00bb (Isa\u00edas 24: 4, 5, V.M.) <i>El Conflicto de los Siglos<\/i>, p\u00e1g. 647.<\/p>\n<hr>\n<h3>Source References<\/h3>\n<ul>\n<li>\n<h5><a href=\"https:\/\/www.theblaze.com\/news\/derecho-windstorm-destroys-iowa-harvests-causes-catastrophic-destruction-over-millions-of-acres-of-crops\" target=\"_blank\">Derecho windstorm destroys Iowa harvests, causes catastrophic destruction over millions of acres \u2014 and casts ominous shadow on heartland future<\/a><\/h5>\n<\/li>\n<\/ul>\n<p><\/p>\n<!-- AddThis Advanced Settings generic via filter on the_content -->","protected":false},"excerpt":{"rendered":"<p>The Blaze, Sarah Taylor: Una violenta tormenta de viento arras\u00f3 el coraz\u00f3n de Estados Unidos la semana pasada, devastando el Cintur\u00f3n de Ma\u00edz con da\u00f1os insuperables en la cosecha de la temporada. \u00bfCu\u00e1les son los detalles? La semana pasada, una&#8230;<!-- AddThis Advanced Settings generic via filter on wp_trim_excerpt --><\/p>\n","protected":false},"author":6,"featured_media":20326,"comment_status":"open","ping_status":"open","sticky":false,"template":"","format":"standard","meta":{"episode_type":"","audio_file":"","duration":"","filesize":"","date_recorded":"","explicit":"","block":"","filesize_raw":"","_FSMCFIC_featured_image_caption":"Image: Senior Master Sgt. Vincent De Groot, 185th Air Refueling Wing Public Affairs","_FSMCFIC_featured_image_nocaption":null,"_FSMCFIC_featured_image_hide":null,"_links_to":"","_links_to_target":""},"categories":[722,32],"tags":[254,2611,2285,1475,1262],"featured_image_urls":{"thumbnail":"https:\/\/ktfnews.com\/wp-content\/uploads\/2020\/08\/Iowa-Windstorm-150x150.jpg","medium":"https:\/\/ktfnews.com\/wp-content\/uploads\/2020\/08\/Iowa-Windstorm-300x200.jpg","medium_large":"https:\/\/ktfnews.com\/wp-content\/uploads\/2020\/08\/Iowa-Windstorm-768x513.jpg","large":"https:\/\/ktfnews.com\/wp-content\/uploads\/2020\/08\/Iowa-Windstorm-1024x684.jpg","team-small":"https:\/\/ktfnews.com\/wp-content\/uploads\/2020\/08\/Iowa-Windstorm-138x162.jpg","team-overview":"https:\/\/ktfnews.com\/wp-content\/uploads\/2020\/08\/Iowa-Windstorm-200x279.jpg","team-big":"https:\/\/ktfnews.com\/wp-content\/uploads\/2020\/08\/Iowa-Windstorm-540x270.jpg","two-columns":"https:\/\/ktfnews.com\/wp-content\/uploads\/2020\/08\/Iowa-Windstorm-379x242.jpg","one-column":"https:\/\/ktfnews.com\/wp-content\/uploads\/2020\/08\/Iowa-Windstorm-379x242.jpg","mini-square":"https:\/\/ktfnews.com\/wp-content\/uploads\/2020\/08\/Iowa-Windstorm-70x70.jpg","portfolio-widget-mainpage":"https:\/\/ktfnews.com\/wp-content\/uploads\/2020\/08\/Iowa-Windstorm-335x195.jpg","portfolio-single-ajax":"https:\/\/ktfnews.com\/wp-content\/uploads\/2020\/08\/Iowa-Windstorm-670x280.jpg","portfolio-single-big":"https:\/\/ktfnews.com\/wp-content\/uploads\/2020\/08\/Iowa-Windstorm-685x480.jpg","portfolio-single-small":"https:\/\/ktfnews.com\/wp-content\/uploads\/2020\/08\/Iowa-Windstorm-685x280.jpg","portfolio-single-full-big":"https:\/\/ktfnews.com\/wp-content\/uploads\/2020\/08\/Iowa-Windstorm-960x590.jpg","portfolio-single-full-small":"https:\/\/ktfnews.com\/wp-content\/uploads\/2020\/08\/Iowa-Windstorm-960x250.jpg","gallery-post":"https:\/\/ktfnews.com\/wp-content\/uploads\/2020\/08\/Iowa-Windstorm-182x126.jpg","gallery-post-smaller":"https:\/\/ktfnews.com\/wp-content\/uploads\/2020\/08\/Iowa-Windstorm-158x100.jpg","gallery-standard":"https:\/\/ktfnews.com\/wp-content\/uploads\/2020\/08\/Iowa-Windstorm-257x169.jpg","tooltip-preview":"https:\/\/ktfnews.com\/wp-content\/uploads\/2020\/08\/Iowa-Windstorm-227x133.jpg","widget-content-slider":"https:\/\/ktfnews.com\/wp-content\/uploads\/2020\/08\/Iowa-Windstorm-230x137.jpg","post-top-articles":"https:\/\/ktfnews.com\/wp-content\/uploads\/2020\/08\/Iowa-Windstorm-130x100.jpg","post-single-wide":"https:\/\/ktfnews.com\/wp-content\/uploads\/2020\/08\/Iowa-Windstorm-595x360.jpg","post-single-wide-nocrop":"https:\/\/ktfnews.com\/wp-content\/uploads\/2020\/08\/Iowa-Windstorm-595x397.jpg","post-single-wide-mobile":"https:\/\/ktfnews.com\/wp-content\/uploads\/2020\/08\/Iowa-Windstorm-320x190.jpg","post-single-wide-small":"https:\/\/ktfnews.com\/wp-content\/uploads\/2020\/08\/Iowa-Windstorm-595x190.jpg","post-single-square":"https:\/\/ktfnews.com\/wp-content\/uploads\/2020\/08\/Iowa-Windstorm-120x120.jpg","post-single-full-small":"https:\/\/ktfnews.com\/wp-content\/uploads\/2020\/08\/Iowa-Windstorm-950x360.jpg","post-single-full-big":"https:\/\/ktfnews.com\/wp-content\/uploads\/2020\/08\/Iowa-Windstorm-950x590.jpg","photo-blog":"https:\/\/ktfnews.com\/wp-content\/uploads\/2020\/08\/Iowa-Windstorm-768x513.jpg"},"appp_media":null,"yoast_head":"<!-- This site is optimized with the Yoast SEO plugin v17.3 - https:\/\/yoast.com\/wordpress\/plugins\/seo\/ -->\n<meta name=\"robots\" content=\"index, follow, max-snippet:-1, max-image-preview:large, max-video-preview:-1\" \/>\n<link rel=\"canonical\" href=\"https:\/\/ktfnews.com\/derecho-windstorm-destroys-iowa-harvests-causes-catastrophic-destruction-millions-acres-casts-ominous-shadow-heartland-future\/\" \/>\n<meta property=\"og:locale\" content=\"es_ES\" \/>\n<meta property=\"og:type\" content=\"article\" \/>\n<meta property=\"og:title\" content=\"[:en]Derecho windstorm destroys Iowa harvests, causes catastrophic destruction over millions of acres \u2014 and casts ominous shadow on heartland future[:es]La Tormenta de Viento en Derecho Destruye las Cosechas de Iowa, Causa una Destrucci\u00f3n Catastr\u00f3fica en Millones de Acres y Proyecta una Sombra Oscura al Futuro.[:] - KEEP the FAITH\" \/>\n<meta property=\"og:description\" content=\"The Blaze, Sarah Taylor: Una violenta tormenta de viento arras\u00f3 el coraz\u00f3n de Estados Unidos la semana pasada, devastando el Cintur\u00f3n de Ma\u00edz con da\u00f1os insuperables en la cosecha de la temporada. \u00bfCu\u00e1les son los detalles? La semana pasada, una...\" \/>\n<meta property=\"og:url\" content=\"https:\/\/ktfnews.com\/derecho-windstorm-destroys-iowa-harvests-causes-catastrophic-destruction-millions-acres-casts-ominous-shadow-heartland-future\/\" \/>\n<meta property=\"og:site_name\" content=\"KEEP the FAITH\" \/>\n<meta property=\"article:publisher\" content=\"https:\/\/www.facebook.com\/ktfministry\" \/>\n<meta property=\"article:published_time\" content=\"2020-08-27T11:30:30+00:00\" \/>\n<meta property=\"article:modified_time\" content=\"2020-12-10T11:47:52+00:00\" \/>\n<meta property=\"og:image\" content=\"https:\/\/ktfnews.com\/wp-content\/uploads\/2020\/08\/Iowa-Windstorm.jpg\" \/>\n\t<meta property=\"og:image:width\" content=\"1199\" \/>\n\t<meta property=\"og:image:height\" content=\"801\" \/>\n<meta name=\"twitter:card\" content=\"summary_large_image\" \/>\n<meta name=\"twitter:creator\" content=\"@ktfministry\" \/>\n<meta name=\"twitter:site\" content=\"@ktfministry\" \/>\n<meta name=\"twitter:label1\" content=\"Escrito por\" \/>\n\t<meta name=\"twitter:data1\" content=\"Pastor Hal Mayer\" \/>\n\t<meta name=\"twitter:label2\" content=\"Tiempo de lectura\" \/>\n\t<meta name=\"twitter:data2\" content=\"7 minutos\" \/>\n<script type=\"application\/ld+json\" class=\"yoast-schema-graph\">{\"@context\":\"https:\/\/schema.org\",\"@graph\":[{\"@type\":\"WebSite\",\"@id\":\"https:\/\/ktfnews.com\/#website\",\"url\":\"https:\/\/ktfnews.com\/\",\"name\":\"KEEP the FAITH\",\"description\":\"Preparing you for the final conflict between good and evil.\",\"potentialAction\":[{\"@type\":\"SearchAction\",\"target\":{\"@type\":\"EntryPoint\",\"urlTemplate\":\"https:\/\/ktfnews.com\/?s={search_term_string}\"},\"query-input\":\"required name=search_term_string\"}],\"inLanguage\":\"es\"},{\"@type\":\"ImageObject\",\"@id\":\"https:\/\/ktfnews.com\/derecho-windstorm-destroys-iowa-harvests-causes-catastrophic-destruction-millions-acres-casts-ominous-shadow-heartland-future\/#primaryimage\",\"inLanguage\":\"es\",\"url\":\"https:\/\/ktfnews.com\/wp-content\/uploads\/2020\/08\/Iowa-Windstorm.jpg\",\"contentUrl\":\"https:\/\/ktfnews.com\/wp-content\/uploads\/2020\/08\/Iowa-Windstorm.jpg\",\"width\":1199,\"height\":801},{\"@type\":\"WebPage\",\"@id\":\"https:\/\/ktfnews.com\/derecho-windstorm-destroys-iowa-harvests-causes-catastrophic-destruction-millions-acres-casts-ominous-shadow-heartland-future\/#webpage\",\"url\":\"https:\/\/ktfnews.com\/derecho-windstorm-destroys-iowa-harvests-causes-catastrophic-destruction-millions-acres-casts-ominous-shadow-heartland-future\/\",\"name\":\"[:en]Derecho windstorm destroys Iowa harvests, causes catastrophic destruction over millions of acres \\u2014 and casts ominous shadow on heartland future[:es]La Tormenta de Viento en Derecho Destruye las Cosechas de Iowa, Causa una Destrucci\\u00f3n Catastr\\u00f3fica en Millones de Acres y Proyecta una Sombra Oscura al Futuro.[:] - KEEP the FAITH\",\"isPartOf\":{\"@id\":\"https:\/\/ktfnews.com\/#website\"},\"primaryImageOfPage\":{\"@id\":\"https:\/\/ktfnews.com\/derecho-windstorm-destroys-iowa-harvests-causes-catastrophic-destruction-millions-acres-casts-ominous-shadow-heartland-future\/#primaryimage\"},\"datePublished\":\"2020-08-27T11:30:30+00:00\",\"dateModified\":\"2020-12-10T11:47:52+00:00\",\"author\":{\"@id\":\"https:\/\/ktfnews.com\/#\/schema\/person\/ba4174513d9169cf8e229b7d8d60410d\"},\"breadcrumb\":{\"@id\":\"https:\/\/ktfnews.com\/derecho-windstorm-destroys-iowa-harvests-causes-catastrophic-destruction-millions-acres-casts-ominous-shadow-heartland-future\/#breadcrumb\"},\"inLanguage\":\"es\",\"potentialAction\":[{\"@type\":\"ReadAction\",\"target\":[\"https:\/\/ktfnews.com\/derecho-windstorm-destroys-iowa-harvests-causes-catastrophic-destruction-millions-acres-casts-ominous-shadow-heartland-future\/\"]}]},{\"@type\":\"BreadcrumbList\",\"@id\":\"https:\/\/ktfnews.com\/derecho-windstorm-destroys-iowa-harvests-causes-catastrophic-destruction-millions-acres-casts-ominous-shadow-heartland-future\/#breadcrumb\",\"itemListElement\":[{\"@type\":\"ListItem\",\"position\":1,\"name\":\"Home\",\"item\":\"https:\/\/ktfnews.com\/\"},{\"@type\":\"ListItem\",\"position\":2,\"name\":\"Briefings\",\"item\":\"https:\/\/ktfnews.com\/category\/briefings\/\"},{\"@type\":\"ListItem\",\"position\":3,\"name\":\"Derecho windstorm destroys Iowa harvests, causes catastrophic destruction over millions of acres \\u2014 and casts ominous shadow on heartland future\"}]},{\"@type\":\"Person\",\"@id\":\"https:\/\/ktfnews.com\/#\/schema\/person\/ba4174513d9169cf8e229b7d8d60410d\",\"name\":\"Pastor Hal Mayer\",\"image\":{\"@type\":\"ImageObject\",\"@id\":\"https:\/\/ktfnews.com\/#personlogo\",\"inLanguage\":\"es\",\"url\":\"https:\/\/secure.gravatar.com\/avatar\/051bac95ae650254c5a03467b9456599?s=96&d=mm&r=g\",\"contentUrl\":\"https:\/\/secure.gravatar.com\/avatar\/051bac95ae650254c5a03467b9456599?s=96&d=mm&r=g\",\"caption\":\"Pastor Hal Mayer\"},\"description\":\"Pastor Hal Mayer is speaker and director of Keep the Faith Ministry. For the last 20 years Pastor Mayer\\u2019s monthly prophetic analysis on CD and online has revealed the striking evidence of fulfilling prophecy to many thousands of subscribers all over the world. Pastor Mayer\\u2019s background in history and Bible prophecy give him unique insights and perspectives that have blessed many and helped them make a deeper commitment to the Lord. Keep the Faith Ministry helps those who want to keep abreast of fulfilling prophecy and who want to understand and navigate the unique and difficult circumstances of the end-times. Keep the Faith Ministry helps to prepare you for the second coming of Christ. Pastor Mayer is married to Betsy for more than 40 years. They have no children of their own. \\u201cThe times in which we live are thrilling, because the things prophesied in God\\u2019s word are actually coming to pass in this generation,\\u201d says Pastor Mayer. \\u201cIn a time when the distinctive end-time truths of God\\u2019s word are being censored, and life in this world is becoming more and more chaotic, Keep the Faith is a voice of strength and encouragement.\\u201d\",\"url\":\"https:\/\/ktfnews.com\/es\/author\/hal\/\"}]}<\/script>\n<!-- \/ Yoast SEO plugin. -->","yoast_head_json":{"robots":{"index":"index","follow":"follow","max-snippet":"max-snippet:-1","max-image-preview":"max-image-preview:large","max-video-preview":"max-video-preview:-1"},"canonical":"https:\/\/ktfnews.com\/derecho-windstorm-destroys-iowa-harvests-causes-catastrophic-destruction-millions-acres-casts-ominous-shadow-heartland-future\/","og_locale":"es_ES","og_type":"article","og_title":"[:en]Derecho windstorm destroys Iowa harvests, causes catastrophic destruction over millions of acres \u2014 and casts ominous shadow on heartland future[:es]La Tormenta de Viento en Derecho Destruye las Cosechas de Iowa, Causa una Destrucci\u00f3n Catastr\u00f3fica en Millones de Acres y Proyecta una Sombra Oscura al Futuro.[:] - KEEP the FAITH","og_description":"The Blaze, Sarah Taylor: Una violenta tormenta de viento arras\u00f3 el coraz\u00f3n de Estados Unidos la semana pasada, devastando el Cintur\u00f3n de Ma\u00edz con da\u00f1os insuperables en la cosecha de la temporada. \u00bfCu\u00e1les son los detalles? La semana pasada, una...","og_url":"https:\/\/ktfnews.com\/derecho-windstorm-destroys-iowa-harvests-causes-catastrophic-destruction-millions-acres-casts-ominous-shadow-heartland-future\/","og_site_name":"KEEP the FAITH","article_publisher":"https:\/\/www.facebook.com\/ktfministry","article_published_time":"2020-08-27T11:30:30+00:00","article_modified_time":"2020-12-10T11:47:52+00:00","og_image":[{"width":1199,"height":801,"url":"https:\/\/ktfnews.com\/wp-content\/uploads\/2020\/08\/Iowa-Windstorm.jpg","type":"image\/jpeg"}],"twitter_card":"summary_large_image","twitter_creator":"@ktfministry","twitter_site":"@ktfministry","twitter_misc":{"Escrito por":"Pastor Hal Mayer","Tiempo de lectura":"7 minutos"},"schema":{"@context":"https:\/\/schema.org","@graph":[{"@type":"WebSite","@id":"https:\/\/ktfnews.com\/#website","url":"https:\/\/ktfnews.com\/","name":"KEEP the FAITH","description":"Preparing you for the final conflict between good and evil.","potentialAction":[{"@type":"SearchAction","target":{"@type":"EntryPoint","urlTemplate":"https:\/\/ktfnews.com\/?s={search_term_string}"},"query-input":"required name=search_term_string"}],"inLanguage":"es"},{"@type":"ImageObject","@id":"https:\/\/ktfnews.com\/derecho-windstorm-destroys-iowa-harvests-causes-catastrophic-destruction-millions-acres-casts-ominous-shadow-heartland-future\/#primaryimage","inLanguage":"es","url":"https:\/\/ktfnews.com\/wp-content\/uploads\/2020\/08\/Iowa-Windstorm.jpg","contentUrl":"https:\/\/ktfnews.com\/wp-content\/uploads\/2020\/08\/Iowa-Windstorm.jpg","width":1199,"height":801},{"@type":"WebPage","@id":"https:\/\/ktfnews.com\/derecho-windstorm-destroys-iowa-harvests-causes-catastrophic-destruction-millions-acres-casts-ominous-shadow-heartland-future\/#webpage","url":"https:\/\/ktfnews.com\/derecho-windstorm-destroys-iowa-harvests-causes-catastrophic-destruction-millions-acres-casts-ominous-shadow-heartland-future\/","name":"[:en]Derecho windstorm destroys Iowa harvests, causes catastrophic destruction over millions of acres \u2014 and casts ominous shadow on heartland future[:es]La Tormenta de Viento en Derecho Destruye las Cosechas de Iowa, Causa una Destrucci\u00f3n Catastr\u00f3fica en Millones de Acres y Proyecta una Sombra Oscura al Futuro.[:] - KEEP the FAITH","isPartOf":{"@id":"https:\/\/ktfnews.com\/#website"},"primaryImageOfPage":{"@id":"https:\/\/ktfnews.com\/derecho-windstorm-destroys-iowa-harvests-causes-catastrophic-destruction-millions-acres-casts-ominous-shadow-heartland-future\/#primaryimage"},"datePublished":"2020-08-27T11:30:30+00:00","dateModified":"2020-12-10T11:47:52+00:00","author":{"@id":"https:\/\/ktfnews.com\/#\/schema\/person\/ba4174513d9169cf8e229b7d8d60410d"},"breadcrumb":{"@id":"https:\/\/ktfnews.com\/derecho-windstorm-destroys-iowa-harvests-causes-catastrophic-destruction-millions-acres-casts-ominous-shadow-heartland-future\/#breadcrumb"},"inLanguage":"es","potentialAction":[{"@type":"ReadAction","target":["https:\/\/ktfnews.com\/derecho-windstorm-destroys-iowa-harvests-causes-catastrophic-destruction-millions-acres-casts-ominous-shadow-heartland-future\/"]}]},{"@type":"BreadcrumbList","@id":"https:\/\/ktfnews.com\/derecho-windstorm-destroys-iowa-harvests-causes-catastrophic-destruction-millions-acres-casts-ominous-shadow-heartland-future\/#breadcrumb","itemListElement":[{"@type":"ListItem","position":1,"name":"Home","item":"https:\/\/ktfnews.com\/"},{"@type":"ListItem","position":2,"name":"Briefings","item":"https:\/\/ktfnews.com\/category\/briefings\/"},{"@type":"ListItem","position":3,"name":"Derecho windstorm destroys Iowa harvests, causes catastrophic destruction over millions of acres \u2014 and casts ominous shadow on heartland future"}]},{"@type":"Person","@id":"https:\/\/ktfnews.com\/#\/schema\/person\/ba4174513d9169cf8e229b7d8d60410d","name":"Pastor Hal Mayer","image":{"@type":"ImageObject","@id":"https:\/\/ktfnews.com\/#personlogo","inLanguage":"es","url":"https:\/\/secure.gravatar.com\/avatar\/051bac95ae650254c5a03467b9456599?s=96&d=mm&r=g","contentUrl":"https:\/\/secure.gravatar.com\/avatar\/051bac95ae650254c5a03467b9456599?s=96&d=mm&r=g","caption":"Pastor Hal Mayer"},"description":"Pastor Hal Mayer is speaker and director of Keep the Faith Ministry. For the last 20 years Pastor Mayer\u2019s monthly prophetic analysis on CD and online has revealed the striking evidence of fulfilling prophecy to many thousands of subscribers all over the world. Pastor Mayer\u2019s background in history and Bible prophecy give him unique insights and perspectives that have blessed many and helped them make a deeper commitment to the Lord. Keep the Faith Ministry helps those who want to keep abreast of fulfilling prophecy and who want to understand and navigate the unique and difficult circumstances of the end-times. Keep the Faith Ministry helps to prepare you for the second coming of Christ. Pastor Mayer is married to Betsy for more than 40 years. They have no children of their own. \u201cThe times in which we live are thrilling, because the things prophesied in God\u2019s word are actually coming to pass in this generation,\u201d says Pastor Mayer. \u201cIn a time when the distinctive end-time truths of God\u2019s word are being censored, and life in this world is becoming more and more chaotic, Keep the Faith is a voice of strength and encouragement.\u201d","url":"https:\/\/ktfnews.com\/es\/author\/hal\/"}]}},"_links":{"self":[{"href":"https:\/\/ktfnews.com\/es\/wp-json\/wp\/v2\/posts\/20325"}],"collection":[{"href":"https:\/\/ktfnews.com\/es\/wp-json\/wp\/v2\/posts"}],"about":[{"href":"https:\/\/ktfnews.com\/es\/wp-json\/wp\/v2\/types\/post"}],"author":[{"embeddable":true,"href":"https:\/\/ktfnews.com\/es\/wp-json\/wp\/v2\/users\/6"}],"replies":[{"embeddable":true,"href":"https:\/\/ktfnews.com\/es\/wp-json\/wp\/v2\/comments?post=20325"}],"version-history":[{"count":3,"href":"https:\/\/ktfnews.com\/es\/wp-json\/wp\/v2\/posts\/20325\/revisions"}],"predecessor-version":[{"id":20334,"href":"https:\/\/ktfnews.com\/es\/wp-json\/wp\/v2\/posts\/20325\/revisions\/20334"}],"wp:featuredmedia":[{"embeddable":true,"href":"https:\/\/ktfnews.com\/es\/wp-json\/wp\/v2\/media\/20326"}],"wp:attachment":[{"href":"https:\/\/ktfnews.com\/es\/wp-json\/wp\/v2\/media?parent=20325"}],"wp:term":[{"taxonomy":"category","embeddable":true,"href":"https:\/\/ktfnews.com\/es\/wp-json\/wp\/v2\/categories?post=20325"},{"taxonomy":"post_tag","embeddable":true,"href":"https:\/\/ktfnews.com\/es\/wp-json\/wp\/v2\/tags?post=20325"}],"curies":[{"name":"wp","href":"https:\/\/api.w.org\/{rel}","templated":true}]}}