{"id":19983,"date":"2020-07-01T07:00:54","date_gmt":"2020-07-01T11:00:54","guid":{"rendered":"https:\/\/ktfnews.com\/?p=19983"},"modified":"2020-07-01T19:28:03","modified_gmt":"2020-07-01T23:28:03","slug":"tampa-police-chief-whos-going-respond-theres-school-shooting","status":"publish","type":"post","link":"https:\/\/ktfnews.com\/es\/tampa-police-chief-whos-going-respond-theres-school-shooting\/","title":{"rendered":"Jefe de Polic\u00eda de Tampa: \u00bfQui\u00e9n va a Responder Cuando Haya un Tiroteo en una Escuela?"},"content":{"rendered":"<p><i>CNSNews.com<\/i>, por Melanie Arter: El jefe de la polic\u00eda de Tampa, Brian Dugan, dijo a \u00abFox &#038; Friends\u00bb el jueves que las llamadas para desactivar y disolver la polic\u00eda no tienen en cuenta qui\u00e9n responder\u00e1 cuando haya un tiroteo masivo en una escuela o centro comercial o un acto de terrorismo.<br \/>\nEl presidente Donald Trump dijo el mi\u00e9rcoles que los dem\u00f3cratas quieren que la polic\u00eda sea debilitada, desfinanciada y abolida. Dugan dijo que los dem\u00f3cratas han estado pidiendo que su departamento de polic\u00eda sea abolido.<\/p>\n<p>\u00abSabes, hemos tenido las mismas llamadas aqu\u00ed donde, ya sabes, est\u00e1n exigiendo mi trabajo. Quieren abolir la polic\u00eda, y eso es muy, ya sabes, tenemos que ser muy cuidadosos con eso, y no quiero ser demasiado dram\u00e1tico, la pr\u00f3xima vez que haya un tirador activo en el centro comercial. La pr\u00f3xima vez que haya un acto de terrorismo o un tiroteo en una escuela, \u00bfqui\u00e9n va a responder?\u00bb pregunt\u00f3.<\/p>\n<p>\u00abCreo que estamos en una encrucijada en nuestro pa\u00eds ahora mismo, y si vas a hacer de la polic\u00eda el enemigo, entonces ciertamente es mejor que te hagas amigo de los criminales porque eso es lo que vamos a tener ahora mismo\u00bb, dijo Dugan.<\/p>\n<p>Miembros de su departamento de polic\u00eda fueron emboscados el s\u00e1bado cuando respondieron a una llamada del 911 de que hab\u00eda disparos entre dos coches y alguien recibi\u00f3 los impactos. Dijo que cuando los agentes respondieron, la multitud los atac\u00f3, lo que provoc\u00f3 que dos agentes recibieran heridas en la cabeza.<\/p>\n<p>\u00abHubo una llamada de que hubo un tiroteo entre dos coches diferentes y que alguien estaba en la calle. Hemos cambiado nuestros protocolos en los que enviamos al menos dos agentes de polic\u00eda a cualquier tipo de llamada a la que vayamos, ya sea un robo o lo que sea\u00bb, dijo Dugan.<\/p>\n<p>\u00abEste incidente al que enviamos a 9 oficiales, y claramente fue un montaje para llevar a los polic\u00edas all\u00ed y luego rodearlos, pero esto es con lo que estamos tratando, ya sabes. \u00bfSon estas fiestas o manifestaciones del bloque? \u00bfQu\u00e9 son?\u00bb dijo.<\/p>\n<p>Dugan dijo que la polic\u00eda tiene tanto miedo de perder su trabajo y \u00abque no est\u00e1n haciendo su trabajo\u00bb.<br \/>\nDugan dijo que si la polic\u00eda se presenta y toma medidas, se les acusa de ser \u00abpesados\u00bb y de usar fuerza excesiva. Dijo que cuando las protestas pac\u00edficas se encienden y los manifestantes se vuelven contra la polic\u00eda, \u00abse hace dif\u00edcil\u00bb.<\/p>\n<p>\u00abY luego tenemos a nuestro fiscal local, que est\u00e1 convocando manifestaciones, ya sabes, s\u00f3lo est\u00e1n ejerciendo su derecho a la Primera Enmienda y son manifestaciones pac\u00edficas, y no est\u00e1n representando la historia completa. Est\u00e1n dejando fuera las partes que encajan en su narrativa\u00bb, dijo.<\/p>\n<p>\u00abSabes, hemos tenido coches de polic\u00eda con las ventanas rotas y cosas as\u00ed, y hemos tenido, ya sabes, saqueos. Hemos tenido propiedades que han sido da\u00f1adas, y no se puede salir de ellas, y creo que nos encontramos en una situaci\u00f3n en este pa\u00eds en la que, ya sabes, la gente tiene tanto miedo de perder su trabajo, que no est\u00e1n haciendo su trabajo\u00bb, dijo Dugan.<\/p>\n<p>Conexi\u00f3n Prof\u00e9tica:<br \/>\n\u201cAl mismo tiempo la anarqu\u00eda trata de hacer desaparecer toda ley, no s\u00f3lo divina sino humana. La concentraci\u00f3n de la riqueza y el poder, las vastas combinaciones hechas para el enriquecimiento de unos pocos a expensas de la mayor\u00eda; la uni\u00f3n de las clases m\u00e1s pobres para organizar la defensa de sus intereses y derechos; el esp\u00edritu de inquietud, desorden y derramamiento de sangre; la propagaci\u00f3n mundial de las mismas ense\u00f1anzas que produjeron la Revoluci\u00f3n Francesa, tienden a envolver al mundo entero en una lucha similar a la que convulsion\u00f3 a Francia.\u201d <i>La Educaci\u00f3n<\/i>, p\u00e1g. 228.<\/p>\n<hr>\n<h3>Source References<\/h3>\n<ul>\n<li>\n<h5><a href=\"https:\/\/www.cnsnews.com\/article\/national\/melanie-arter\/tampa-police-chief-whos-going-respond-when-theres-school-shooting\" target=\"_blank\">Tampa Police Chief: Who\u2019s Going to Respond When There\u2019s a School Shooting?<\/a><\/h5>\n<\/li>\n<\/ul>\n<p> <\/p>\n<!-- AddThis Advanced Settings generic via filter on the_content -->","protected":false},"excerpt":{"rendered":"<p>CNSNews.com, por Melanie Arter: El jefe de la polic\u00eda de Tampa, Brian Dugan, dijo a \u00abFox &#038; Friends\u00bb el jueves que las llamadas para desactivar y disolver la polic\u00eda no tienen en cuenta qui\u00e9n responder\u00e1 cuando haya un tiroteo masivo&#8230;<!-- AddThis Advanced Settings generic via filter on wp_trim_excerpt --><\/p>\n","protected":false},"author":6,"featured_media":19984,"comment_status":"open","ping_status":"open","sticky":false,"template":"","format":"standard","meta":{"episode_type":"","audio_file":"","duration":"","filesize":"","date_recorded":"","explicit":"","block":"","filesize_raw":"","_FSMCFIC_featured_image_caption":"Image: Gerd Altmann from Pixabay.com","_FSMCFIC_featured_image_nocaption":null,"_FSMCFIC_featured_image_hide":null,"_links_to":"","_links_to_target":""},"categories":[722,32],"tags":[1252,888,624,1218,420],"featured_image_urls":{"thumbnail":"https:\/\/ktfnews.com\/wp-content\/uploads\/2020\/06\/police-850054_1280-150x150.jpg","medium":"https:\/\/ktfnews.com\/wp-content\/uploads\/2020\/06\/police-850054_1280-300x212.jpg","medium_large":"https:\/\/ktfnews.com\/wp-content\/uploads\/2020\/06\/police-850054_1280-768x543.jpg","large":"https:\/\/ktfnews.com\/wp-content\/uploads\/2020\/06\/police-850054_1280-1024x724.jpg","team-small":"https:\/\/ktfnews.com\/wp-content\/uploads\/2020\/06\/police-850054_1280-138x162.jpg","team-overview":"https:\/\/ktfnews.com\/wp-content\/uploads\/2020\/06\/police-850054_1280-200x279.jpg","team-big":"https:\/\/ktfnews.com\/wp-content\/uploads\/2020\/06\/police-850054_1280-540x270.jpg","two-columns":"https:\/\/ktfnews.com\/wp-content\/uploads\/2020\/06\/police-850054_1280-379x242.jpg","one-column":"https:\/\/ktfnews.com\/wp-content\/uploads\/2020\/06\/police-850054_1280-379x242.jpg","mini-square":"https:\/\/ktfnews.com\/wp-content\/uploads\/2020\/06\/police-850054_1280-70x70.jpg","portfolio-widget-mainpage":"https:\/\/ktfnews.com\/wp-content\/uploads\/2020\/06\/police-850054_1280-335x195.jpg","portfolio-single-ajax":"https:\/\/ktfnews.com\/wp-content\/uploads\/2020\/06\/police-850054_1280-670x280.jpg","portfolio-single-big":"https:\/\/ktfnews.com\/wp-content\/uploads\/2020\/06\/police-850054_1280-685x480.jpg","portfolio-single-small":"https:\/\/ktfnews.com\/wp-content\/uploads\/2020\/06\/police-850054_1280-685x280.jpg","portfolio-single-full-big":"https:\/\/ktfnews.com\/wp-content\/uploads\/2020\/06\/police-850054_1280-960x590.jpg","portfolio-single-full-small":"https:\/\/ktfnews.com\/wp-content\/uploads\/2020\/06\/police-850054_1280-960x250.jpg","gallery-post":"https:\/\/ktfnews.com\/wp-content\/uploads\/2020\/06\/police-850054_1280-182x126.jpg","gallery-post-smaller":"https:\/\/ktfnews.com\/wp-content\/uploads\/2020\/06\/police-850054_1280-158x100.jpg","gallery-standard":"https:\/\/ktfnews.com\/wp-content\/uploads\/2020\/06\/police-850054_1280-257x169.jpg","tooltip-preview":"https:\/\/ktfnews.com\/wp-content\/uploads\/2020\/06\/police-850054_1280-227x133.jpg","widget-content-slider":"https:\/\/ktfnews.com\/wp-content\/uploads\/2020\/06\/police-850054_1280-230x137.jpg","post-top-articles":"https:\/\/ktfnews.com\/wp-content\/uploads\/2020\/06\/police-850054_1280-130x100.jpg","post-single-wide":"https:\/\/ktfnews.com\/wp-content\/uploads\/2020\/06\/police-850054_1280-595x360.jpg","post-single-wide-nocrop":"https:\/\/ktfnews.com\/wp-content\/uploads\/2020\/06\/police-850054_1280-595x421.jpg","post-single-wide-mobile":"https:\/\/ktfnews.com\/wp-content\/uploads\/2020\/06\/police-850054_1280-320x190.jpg","post-single-wide-small":"https:\/\/ktfnews.com\/wp-content\/uploads\/2020\/06\/police-850054_1280-595x190.jpg","post-single-square":"https:\/\/ktfnews.com\/wp-content\/uploads\/2020\/06\/police-850054_1280-120x120.jpg","post-single-full-small":"https:\/\/ktfnews.com\/wp-content\/uploads\/2020\/06\/police-850054_1280-950x360.jpg","post-single-full-big":"https:\/\/ktfnews.com\/wp-content\/uploads\/2020\/06\/police-850054_1280-950x590.jpg","photo-blog":"https:\/\/ktfnews.com\/wp-content\/uploads\/2020\/06\/police-850054_1280-768x543.jpg"},"appp_media":null,"yoast_head":"<!-- This site is optimized with the Yoast SEO plugin v17.3 - https:\/\/yoast.com\/wordpress\/plugins\/seo\/ -->\n<meta name=\"robots\" content=\"index, follow, max-snippet:-1, max-image-preview:large, max-video-preview:-1\" \/>\n<link rel=\"canonical\" href=\"https:\/\/ktfnews.com\/de\/tampa-police-chief-whos-going-respond-theres-school-shooting\/\" \/>\n<meta property=\"og:locale\" content=\"es_ES\" \/>\n<meta property=\"og:type\" content=\"article\" \/>\n<meta property=\"og:title\" content=\"[:en]Tampa Police Chief: Who\u2019s Going to Respond When There\u2019s a School Shooting?[:es]Jefe de Polic\u00eda de Tampa: \u00bfQui\u00e9n va a Responder Cuando Haya un Tiroteo en una Escuela?[:] - KEEP the FAITH\" \/>\n<meta property=\"og:description\" content=\"CNSNews.com, por Melanie Arter: El jefe de la polic\u00eda de Tampa, Brian Dugan, dijo a \u00abFox &#038; Friends\u00bb el jueves que las llamadas para desactivar y disolver la polic\u00eda no tienen en cuenta qui\u00e9n responder\u00e1 cuando haya un tiroteo masivo...\" \/>\n<meta property=\"og:url\" content=\"https:\/\/ktfnews.com\/de\/tampa-police-chief-whos-going-respond-theres-school-shooting\/\" \/>\n<meta property=\"og:site_name\" content=\"KEEP the FAITH\" \/>\n<meta property=\"article:publisher\" content=\"https:\/\/www.facebook.com\/ktfministry\" \/>\n<meta property=\"article:published_time\" content=\"2020-07-01T11:00:54+00:00\" \/>\n<meta property=\"article:modified_time\" content=\"2020-07-01T23:28:03+00:00\" \/>\n<meta property=\"og:image\" content=\"https:\/\/ktfnews.com\/wp-content\/uploads\/2020\/06\/police-850054_1280.jpg\" \/>\n\t<meta property=\"og:image:width\" content=\"1280\" \/>\n\t<meta property=\"og:image:height\" content=\"905\" \/>\n<meta name=\"twitter:card\" content=\"summary_large_image\" \/>\n<meta name=\"twitter:creator\" content=\"@ktfministry\" \/>\n<meta name=\"twitter:site\" content=\"@ktfministry\" \/>\n<meta name=\"twitter:label1\" content=\"Escrito por\" \/>\n\t<meta name=\"twitter:data1\" content=\"Pastor Hal Mayer\" \/>\n\t<meta name=\"twitter:label2\" content=\"Tiempo de lectura\" \/>\n\t<meta name=\"twitter:data2\" content=\"7 minutos\" \/>\n<script type=\"application\/ld+json\" class=\"yoast-schema-graph\">{\"@context\":\"https:\/\/schema.org\",\"@graph\":[{\"@type\":\"WebSite\",\"@id\":\"https:\/\/ktfnews.com\/#website\",\"url\":\"https:\/\/ktfnews.com\/\",\"name\":\"KEEP the FAITH\",\"description\":\"Preparing you for the final conflict between good and evil.\",\"potentialAction\":[{\"@type\":\"SearchAction\",\"target\":{\"@type\":\"EntryPoint\",\"urlTemplate\":\"https:\/\/ktfnews.com\/?s={search_term_string}\"},\"query-input\":\"required name=search_term_string\"}],\"inLanguage\":\"es\"},{\"@type\":\"ImageObject\",\"@id\":\"https:\/\/ktfnews.com\/de\/tampa-police-chief-whos-going-respond-theres-school-shooting\/#primaryimage\",\"inLanguage\":\"es\",\"url\":\"https:\/\/ktfnews.com\/wp-content\/uploads\/2020\/06\/police-850054_1280.jpg\",\"contentUrl\":\"https:\/\/ktfnews.com\/wp-content\/uploads\/2020\/06\/police-850054_1280.jpg\",\"width\":1280,\"height\":905},{\"@type\":\"WebPage\",\"@id\":\"https:\/\/ktfnews.com\/de\/tampa-police-chief-whos-going-respond-theres-school-shooting\/#webpage\",\"url\":\"https:\/\/ktfnews.com\/de\/tampa-police-chief-whos-going-respond-theres-school-shooting\/\",\"name\":\"[:en]Tampa Police Chief: Who\\u2019s Going to Respond When There\\u2019s a School Shooting?[:es]Jefe de Polic\\u00eda de Tampa: \\u00bfQui\\u00e9n va a Responder Cuando Haya un Tiroteo en una Escuela?[:] - KEEP the FAITH\",\"isPartOf\":{\"@id\":\"https:\/\/ktfnews.com\/#website\"},\"primaryImageOfPage\":{\"@id\":\"https:\/\/ktfnews.com\/de\/tampa-police-chief-whos-going-respond-theres-school-shooting\/#primaryimage\"},\"datePublished\":\"2020-07-01T11:00:54+00:00\",\"dateModified\":\"2020-07-01T23:28:03+00:00\",\"author\":{\"@id\":\"https:\/\/ktfnews.com\/#\/schema\/person\/ba4174513d9169cf8e229b7d8d60410d\"},\"breadcrumb\":{\"@id\":\"https:\/\/ktfnews.com\/de\/tampa-police-chief-whos-going-respond-theres-school-shooting\/#breadcrumb\"},\"inLanguage\":\"es\",\"potentialAction\":[{\"@type\":\"ReadAction\",\"target\":[\"https:\/\/ktfnews.com\/de\/tampa-police-chief-whos-going-respond-theres-school-shooting\/\"]}]},{\"@type\":\"BreadcrumbList\",\"@id\":\"https:\/\/ktfnews.com\/de\/tampa-police-chief-whos-going-respond-theres-school-shooting\/#breadcrumb\",\"itemListElement\":[{\"@type\":\"ListItem\",\"position\":1,\"name\":\"Home\",\"item\":\"https:\/\/ktfnews.com\/\"},{\"@type\":\"ListItem\",\"position\":2,\"name\":\"Briefings\",\"item\":\"https:\/\/ktfnews.com\/category\/briefings\/\"},{\"@type\":\"ListItem\",\"position\":3,\"name\":\"Tampa Police Chief: Who\\u2019s Going to Respond When There\\u2019s a School Shooting?\"}]},{\"@type\":\"Person\",\"@id\":\"https:\/\/ktfnews.com\/#\/schema\/person\/ba4174513d9169cf8e229b7d8d60410d\",\"name\":\"Pastor Hal Mayer\",\"image\":{\"@type\":\"ImageObject\",\"@id\":\"https:\/\/ktfnews.com\/#personlogo\",\"inLanguage\":\"es\",\"url\":\"https:\/\/secure.gravatar.com\/avatar\/051bac95ae650254c5a03467b9456599?s=96&d=mm&r=g\",\"contentUrl\":\"https:\/\/secure.gravatar.com\/avatar\/051bac95ae650254c5a03467b9456599?s=96&d=mm&r=g\",\"caption\":\"Pastor Hal Mayer\"},\"description\":\"Pastor Hal Mayer is speaker and director of Keep the Faith Ministry. For the last 20 years Pastor Mayer\\u2019s monthly prophetic analysis on CD and online has revealed the striking evidence of fulfilling prophecy to many thousands of subscribers all over the world. Pastor Mayer\\u2019s background in history and Bible prophecy give him unique insights and perspectives that have blessed many and helped them make a deeper commitment to the Lord. Keep the Faith Ministry helps those who want to keep abreast of fulfilling prophecy and who want to understand and navigate the unique and difficult circumstances of the end-times. Keep the Faith Ministry helps to prepare you for the second coming of Christ. Pastor Mayer is married to Betsy for more than 40 years. They have no children of their own. \\u201cThe times in which we live are thrilling, because the things prophesied in God\\u2019s word are actually coming to pass in this generation,\\u201d says Pastor Mayer. \\u201cIn a time when the distinctive end-time truths of God\\u2019s word are being censored, and life in this world is becoming more and more chaotic, Keep the Faith is a voice of strength and encouragement.\\u201d\",\"url\":\"https:\/\/ktfnews.com\/es\/author\/hal\/\"}]}<\/script>\n<!-- \/ Yoast SEO plugin. -->","yoast_head_json":{"robots":{"index":"index","follow":"follow","max-snippet":"max-snippet:-1","max-image-preview":"max-image-preview:large","max-video-preview":"max-video-preview:-1"},"canonical":"https:\/\/ktfnews.com\/de\/tampa-police-chief-whos-going-respond-theres-school-shooting\/","og_locale":"es_ES","og_type":"article","og_title":"[:en]Tampa Police Chief: Who\u2019s Going to Respond When There\u2019s a School Shooting?[:es]Jefe de Polic\u00eda de Tampa: \u00bfQui\u00e9n va a Responder Cuando Haya un Tiroteo en una Escuela?[:] - KEEP the FAITH","og_description":"CNSNews.com, por Melanie Arter: El jefe de la polic\u00eda de Tampa, Brian Dugan, dijo a \u00abFox &#038; Friends\u00bb el jueves que las llamadas para desactivar y disolver la polic\u00eda no tienen en cuenta qui\u00e9n responder\u00e1 cuando haya un tiroteo masivo...","og_url":"https:\/\/ktfnews.com\/de\/tampa-police-chief-whos-going-respond-theres-school-shooting\/","og_site_name":"KEEP the FAITH","article_publisher":"https:\/\/www.facebook.com\/ktfministry","article_published_time":"2020-07-01T11:00:54+00:00","article_modified_time":"2020-07-01T23:28:03+00:00","og_image":[{"width":1280,"height":905,"url":"https:\/\/ktfnews.com\/wp-content\/uploads\/2020\/06\/police-850054_1280.jpg","type":"image\/jpeg"}],"twitter_card":"summary_large_image","twitter_creator":"@ktfministry","twitter_site":"@ktfministry","twitter_misc":{"Escrito por":"Pastor Hal Mayer","Tiempo de lectura":"7 minutos"},"schema":{"@context":"https:\/\/schema.org","@graph":[{"@type":"WebSite","@id":"https:\/\/ktfnews.com\/#website","url":"https:\/\/ktfnews.com\/","name":"KEEP the FAITH","description":"Preparing you for the final conflict between good and evil.","potentialAction":[{"@type":"SearchAction","target":{"@type":"EntryPoint","urlTemplate":"https:\/\/ktfnews.com\/?s={search_term_string}"},"query-input":"required name=search_term_string"}],"inLanguage":"es"},{"@type":"ImageObject","@id":"https:\/\/ktfnews.com\/de\/tampa-police-chief-whos-going-respond-theres-school-shooting\/#primaryimage","inLanguage":"es","url":"https:\/\/ktfnews.com\/wp-content\/uploads\/2020\/06\/police-850054_1280.jpg","contentUrl":"https:\/\/ktfnews.com\/wp-content\/uploads\/2020\/06\/police-850054_1280.jpg","width":1280,"height":905},{"@type":"WebPage","@id":"https:\/\/ktfnews.com\/de\/tampa-police-chief-whos-going-respond-theres-school-shooting\/#webpage","url":"https:\/\/ktfnews.com\/de\/tampa-police-chief-whos-going-respond-theres-school-shooting\/","name":"[:en]Tampa Police Chief: Who\u2019s Going to Respond When There\u2019s a School Shooting?[:es]Jefe de Polic\u00eda de Tampa: \u00bfQui\u00e9n va a Responder Cuando Haya un Tiroteo en una Escuela?[:] - KEEP the FAITH","isPartOf":{"@id":"https:\/\/ktfnews.com\/#website"},"primaryImageOfPage":{"@id":"https:\/\/ktfnews.com\/de\/tampa-police-chief-whos-going-respond-theres-school-shooting\/#primaryimage"},"datePublished":"2020-07-01T11:00:54+00:00","dateModified":"2020-07-01T23:28:03+00:00","author":{"@id":"https:\/\/ktfnews.com\/#\/schema\/person\/ba4174513d9169cf8e229b7d8d60410d"},"breadcrumb":{"@id":"https:\/\/ktfnews.com\/de\/tampa-police-chief-whos-going-respond-theres-school-shooting\/#breadcrumb"},"inLanguage":"es","potentialAction":[{"@type":"ReadAction","target":["https:\/\/ktfnews.com\/de\/tampa-police-chief-whos-going-respond-theres-school-shooting\/"]}]},{"@type":"BreadcrumbList","@id":"https:\/\/ktfnews.com\/de\/tampa-police-chief-whos-going-respond-theres-school-shooting\/#breadcrumb","itemListElement":[{"@type":"ListItem","position":1,"name":"Home","item":"https:\/\/ktfnews.com\/"},{"@type":"ListItem","position":2,"name":"Briefings","item":"https:\/\/ktfnews.com\/category\/briefings\/"},{"@type":"ListItem","position":3,"name":"Tampa Police Chief: Who\u2019s Going to Respond When There\u2019s a School Shooting?"}]},{"@type":"Person","@id":"https:\/\/ktfnews.com\/#\/schema\/person\/ba4174513d9169cf8e229b7d8d60410d","name":"Pastor Hal Mayer","image":{"@type":"ImageObject","@id":"https:\/\/ktfnews.com\/#personlogo","inLanguage":"es","url":"https:\/\/secure.gravatar.com\/avatar\/051bac95ae650254c5a03467b9456599?s=96&d=mm&r=g","contentUrl":"https:\/\/secure.gravatar.com\/avatar\/051bac95ae650254c5a03467b9456599?s=96&d=mm&r=g","caption":"Pastor Hal Mayer"},"description":"Pastor Hal Mayer is speaker and director of Keep the Faith Ministry. For the last 20 years Pastor Mayer\u2019s monthly prophetic analysis on CD and online has revealed the striking evidence of fulfilling prophecy to many thousands of subscribers all over the world. Pastor Mayer\u2019s background in history and Bible prophecy give him unique insights and perspectives that have blessed many and helped them make a deeper commitment to the Lord. Keep the Faith Ministry helps those who want to keep abreast of fulfilling prophecy and who want to understand and navigate the unique and difficult circumstances of the end-times. Keep the Faith Ministry helps to prepare you for the second coming of Christ. Pastor Mayer is married to Betsy for more than 40 years. They have no children of their own. \u201cThe times in which we live are thrilling, because the things prophesied in God\u2019s word are actually coming to pass in this generation,\u201d says Pastor Mayer. \u201cIn a time when the distinctive end-time truths of God\u2019s word are being censored, and life in this world is becoming more and more chaotic, Keep the Faith is a voice of strength and encouragement.\u201d","url":"https:\/\/ktfnews.com\/es\/author\/hal\/"}]}},"_links":{"self":[{"href":"https:\/\/ktfnews.com\/es\/wp-json\/wp\/v2\/posts\/19983"}],"collection":[{"href":"https:\/\/ktfnews.com\/es\/wp-json\/wp\/v2\/posts"}],"about":[{"href":"https:\/\/ktfnews.com\/es\/wp-json\/wp\/v2\/types\/post"}],"author":[{"embeddable":true,"href":"https:\/\/ktfnews.com\/es\/wp-json\/wp\/v2\/users\/6"}],"replies":[{"embeddable":true,"href":"https:\/\/ktfnews.com\/es\/wp-json\/wp\/v2\/comments?post=19983"}],"version-history":[{"count":3,"href":"https:\/\/ktfnews.com\/es\/wp-json\/wp\/v2\/posts\/19983\/revisions"}],"predecessor-version":[{"id":20000,"href":"https:\/\/ktfnews.com\/es\/wp-json\/wp\/v2\/posts\/19983\/revisions\/20000"}],"wp:featuredmedia":[{"embeddable":true,"href":"https:\/\/ktfnews.com\/es\/wp-json\/wp\/v2\/media\/19984"}],"wp:attachment":[{"href":"https:\/\/ktfnews.com\/es\/wp-json\/wp\/v2\/media?parent=19983"}],"wp:term":[{"taxonomy":"category","embeddable":true,"href":"https:\/\/ktfnews.com\/es\/wp-json\/wp\/v2\/categories?post=19983"},{"taxonomy":"post_tag","embeddable":true,"href":"https:\/\/ktfnews.com\/es\/wp-json\/wp\/v2\/tags?post=19983"}],"curies":[{"name":"wp","href":"https:\/\/api.w.org\/{rel}","templated":true}]}}