{"id":19962,"date":"2020-06-29T07:00:55","date_gmt":"2020-06-29T11:00:55","guid":{"rendered":"https:\/\/ktfnews.com\/?p=19962"},"modified":"2020-06-30T22:58:34","modified_gmt":"2020-07-01T02:58:34","slug":"one-party-defends-babies-religious-freedom-catholic-clergy-must-speak","status":"publish","type":"post","link":"https:\/\/ktfnews.com\/es\/one-party-defends-babies-religious-freedom-catholic-clergy-must-speak\/","title":{"rendered":"Cuando S\u00f3lo Un Partido Defiende a los Beb\u00e9s y la Libertad Religiosa, el Clero Cat\u00f3lico Debe Hablar"},"content":{"rendered":"<p><i>cnsnews<\/i>, Por el P. Frank Pavone &#8211; El siguiente comentario es un extracto de la carta del jueves del Director Nacional de Sacerdotes por la Vida, el P. Frank Pavone, a la jerarqu\u00eda cat\u00f3lica:<\/p>\n<p>El di\u00e1logo p\u00fablico que les invito urgentemente a entablar en este momento se basa en el hecho de que no estamos tratando con los \u00abdesacuerdos pol\u00edticos\u00bb normales en esta elecci\u00f3n. Si lo que dividi\u00f3 a los partidos pol\u00edticos fueron asuntos meramente de juicio prudencial, o desacuerdos pol\u00edticos que deben ser resueltos mediante un debate abierto, prueba y error, y los procesos correctivos proporcionados por nuestros mecanismos legislativos, ejecutivos y judiciales, entonces la neutralidad oficial de la Iglesia podr\u00eda ser f\u00e1cilmente entendida e implementada.<\/p>\n<p>Pero no es ah\u00ed donde estamos en este momento.<\/p>\n<p>No tenemos una divisi\u00f3n simplemente en la pol\u00edtica, sino en los principios. Nuestra divisi\u00f3n pol\u00edtica no es simplemente sobre juicios prudenciales, sino sobre \u00ablos derechos fundamentales del hombre\u00bb y \u00abla salvaci\u00f3n de las almas\u00bb a los que se refiere el Concilio Vaticano II, el Catecismo y muchas otras fuentes.<\/p>\n<p>Cuando el Partido Republicano defiende firmemente el principio de que el gobierno no puede autorizar el asesinato de beb\u00e9s, y el Partido Dem\u00f3crata rechaza firmemente ese principio abrazando el aborto sin restricciones, \u00bfc\u00f3mo es posible que la Iglesia \u00abproclame su ense\u00f1anza\u00bb sin desacreditar (impl\u00edcita o expl\u00edcitamente) al partido pol\u00edtico que tan obviamente se opone a esa ense\u00f1anza? Como usted bien sabe, San Juan Pablo II llam\u00f3 a los gobiernos que legalizan el aborto \u00abun estado tirano\u00bb (EV, 20). Eso es bastante desacreditador.<\/p>\n<p>Adem\u00e1s, \u00bfc\u00f3mo es posible defender la libertad de religi\u00f3n, en la que una vez m\u00e1s, hay una diferencia fundamental de principios, no s\u00f3lo de pol\u00edtica, que act\u00faa en nuestra divisi\u00f3n pol\u00edtica? Mi ministerio de Sacerdotes por la Vida y yo, junto con Alveda King, que forma parte de nuestro equipo pastoral, nos unimos hombro con hombro a la Arquidi\u00f3cesis de Washington, las di\u00f3cesis de Pittsburgh y Erie, las Hermanitas de los Pobres y otras numerosas instituciones y apostolados cat\u00f3licos y cristianos para luchar hasta la Corte Suprema por nuestra libertad religiosa contra los mandatos impuestos por una Administraci\u00f3n Presidencial Dem\u00f3crata.<\/p>\n<p>Ganamos solamente por la elecci\u00f3n del Presidente Trump.<\/p>\n<p>Se necesita una seria discusi\u00f3n p\u00fablica aqu\u00ed, no sea que mientras la Iglesia nos inste a luchar contra los mandatos del Estado que restringen nuestra libertad, nos sometamos a los mandatos de la Iglesia que restringen esa misma libertad.<\/p>\n<p>Lo que hace esto m\u00e1s ir\u00f3nico es que estamos viviendo ahora en un clima en el que el gobierno federal no s\u00f3lo est\u00e1 defendiendo nuestro derecho a hablar y ense\u00f1ar libremente sobre las dimensiones morales de la pol\u00edtica, \u00a1sino que nos est\u00e1 instando a hacerlo! El 4 de mayo de 2017, el Presidente Trump emiti\u00f3 una Orden Ejecutiva que protege nuestra libertad religiosa. \u00c9l dijo:<\/p>\n<p>\u00abQuiero saber de ustedes, y tambi\u00e9n de mucha otra gente. As\u00ed que ahora est\u00e1n en una posici\u00f3n en la que pueden decir lo que quieren decir. Y s\u00e9 que s\u00f3lo dir\u00e1n lo bueno y dir\u00e1n lo que est\u00e1 en su coraz\u00f3n. Y eso es lo que queremos de ustedes&#8230; Esta orden ejecutiva ordena al IRS no atacar injustamente a las iglesias y organizaciones religiosas por su discurso pol\u00edtico. &#8230; En Estados Unidos no tememos a la gente que habla libremente desde el p\u00falpito. Lo aceptamos&#8230;.Bajo mi administraci\u00f3n, la libertad de expresi\u00f3n no termina en los escalones de una catedral o una sinagoga o cualquier otra casa de culto.\u00bb<\/p>\n<p>Esto tambi\u00e9n se relaciona con los derechos de los cl\u00e9rigos a involucrarse pol\u00edticamente. El Canon 287 \u00a72 afirma leg\u00edtimamente que los cl\u00e9rigos \u00abno deben desempe\u00f1ar un papel activo en los partidos pol\u00edticos o en la direcci\u00f3n de los sindicatos, a menos que, a juicio de la autoridad eclesi\u00e1stica competente, ello sea necesario para la defensa de los derechos de la Iglesia o para promover el bien com\u00fan.\u00bb<\/p>\n<p>Mientras que la primera parte de ese canon se aplica vigorosamente, la segunda parte tambi\u00e9n requiere la debida atenci\u00f3n. Los derechos de la Iglesia y el bien com\u00fan est\u00e1n siendo atacados de manera sin precedentes por el Partido Dem\u00f3crata. Pero de nuevo, despu\u00e9s de que se nos diga que defendamos esos bienes, se nos deja luchar con las dos manos atadas a la espalda y una mordaza con un sello episcopal en la boca.<\/p>\n<p>Al pedir un di\u00e1logo m\u00e1s abierto y respetuoso, hablo en nombre de muchos sacerdotes y fieles laicos con los que he trabajado codo a codo durante d\u00e9cadas en la lucha por la vida y la libertad religiosa, y cuyo compromiso con estas causas ha sido recibido con demasiada frecuencia con cr\u00edticas m\u00e1s que con el aprecio de los pastores de la Iglesia. De hecho, incluso los intentos de abordar el asunto como lo hago en esta carta a menudo se encuentran con medidas disciplinarias injustificadas que parecen estar motivadas no por una preocupaci\u00f3n por el bien de la Iglesia, sino por los mismos tipos de programas pol\u00edticos partidistas que se advierte a los cl\u00e9rigos que no deben seguir.<\/p>\n<p>Hablo tambi\u00e9n en nombre de nuestros hermanos y hermanas de otras denominaciones cristianas que son fuertes aliados en la lucha por la vida, la familia y la libertad. Desafortunadamente, aunque han defendido valientemente la libertad de las iglesias para predicar el Evangelio y \u00abemitir juicios morales incluso en asuntos relacionados con la pol\u00edtica\u00bb, han encontrado descorazonadora gran parte de la respuesta de los l\u00edderes religiosos cat\u00f3licos.<\/p>\n<p>Sus Eminencias y Excelencias, como dije al principio, escribo con profundo respeto. Soy un hijo de la Iglesia y siempre he defendido su leg\u00edtima autoridad y rezado diariamente por sus l\u00edderes. Pero este es un llamado a entablar un di\u00e1logo que las circunstancias del momento exigen con urgencia. Las aproximadamente 100.000 carreras pol\u00edticas que componen \u00ablas elecciones de 2020\u00bb nos llevan a una elecci\u00f3n sin precedentes en Estados Unidos. Nunca la divisi\u00f3n pol\u00edtica ha sido m\u00e1s sustancial o consecuente.<\/p>\n<p>Nunca ha sido m\u00e1s necesaria la voz de la Iglesia; todo lo que defendemos y por lo que hemos luchado est\u00e1 en juego. Tengan la seguridad de que la voz de la Iglesia ser\u00e1 escuchada, porque como saben y ense\u00f1an, la Iglesia es m\u00e1s que la jerarqu\u00eda. Sabemos lo que es correcto, sabemos lo que la Iglesia ense\u00f1a, y sabemos c\u00f3mo ganar elecciones. Preferimos no sentir que estamos luchando sin nuestros l\u00edderes o, peor a\u00fan, que nuestros l\u00edderes luchen contra nosotros.<\/p>\n<p>Esta elecci\u00f3n no es un negocio como de costumbre, por lo que le he escrito p\u00fablicamente. Muchos de los fieles y yo esperamos respetuosamente una respuesta de usted que es tambi\u00e9n m\u00e1s que un negocio como de costumbre.<\/p>\n<p>Nuestro comentario:<br \/>\nLos sacerdotes no pierden la oportunidad de abogar por influencias religiosas para ganar terreno en asuntos de estado. Mientras abogan por lo que no est\u00e1 en conflicto con la ley de Dios, est\u00e1n sentando las bases para ejercer su influencia en los asuntos que s\u00ed lo est\u00e1n.<\/p>\n<p>Conexi\u00f3n Prof\u00e9tica:<br \/>\n\u201cLos dignatarios de la iglesia y del estado se unir\u00e1n para hacer que todos honren el domingo, y para ello apelar\u00e1n al cohecho, a la persuasi\u00f3n o a la fuerza. La falta de autoridad divina se suplir\u00e1 con ordenanzas abrumadoras.\u201d <i>El Conflicto de los Siglos<\/i>, p\u00e1g. 650.<\/p>\n<hr>\n<h3>Source References<\/h3>\n<ul>\n<li>\n<h5><a href=\"https:\/\/www.cnsnews.com\/commentary\/fr-frank-pavone\/when-only-one-party-defends-babies-and-religious-freedom-catholic-clergy\" target=\"_blank\">When Only One Party Defends Babies and Religious Freedom, Catholic Clergy Must Speak Out<\/a><\/h5>\n<\/li>\n<\/ul>\n<p> <\/p>\n<!-- AddThis Advanced Settings generic via filter on the_content -->","protected":false},"excerpt":{"rendered":"<p>cnsnews, Por el P. Frank Pavone &#8211; El siguiente comentario es un extracto de la carta del jueves del Director Nacional de Sacerdotes por la Vida, el P. Frank Pavone, a la jerarqu\u00eda cat\u00f3lica: El di\u00e1logo p\u00fablico que les invito&#8230;<!-- AddThis Advanced Settings generic via filter on wp_trim_excerpt --><\/p>\n","protected":false},"author":6,"featured_media":19964,"comment_status":"open","ping_status":"open","sticky":false,"template":"","format":"standard","meta":{"episode_type":"","audio_file":"","duration":"","filesize":"","date_recorded":"","explicit":"","block":"","filesize_raw":"","_FSMCFIC_featured_image_caption":"Image: StockSnap from Pixabay.com","_FSMCFIC_featured_image_nocaption":null,"_FSMCFIC_featured_image_hide":null,"_links_to":"","_links_to_target":""},"categories":[722,32],"tags":[77,138,2207,920,1172,476],"featured_image_urls":{"thumbnail":"https:\/\/ktfnews.com\/wp-content\/uploads\/2020\/06\/baby-2616673_1280-150x150.jpg","medium":"https:\/\/ktfnews.com\/wp-content\/uploads\/2020\/06\/baby-2616673_1280-300x200.jpg","medium_large":"https:\/\/ktfnews.com\/wp-content\/uploads\/2020\/06\/baby-2616673_1280-768x512.jpg","large":"https:\/\/ktfnews.com\/wp-content\/uploads\/2020\/06\/baby-2616673_1280-1024x682.jpg","team-small":"https:\/\/ktfnews.com\/wp-content\/uploads\/2020\/06\/baby-2616673_1280-138x162.jpg","team-overview":"https:\/\/ktfnews.com\/wp-content\/uploads\/2020\/06\/baby-2616673_1280-200x279.jpg","team-big":"https:\/\/ktfnews.com\/wp-content\/uploads\/2020\/06\/baby-2616673_1280-540x270.jpg","two-columns":"https:\/\/ktfnews.com\/wp-content\/uploads\/2020\/06\/baby-2616673_1280-379x242.jpg","one-column":"https:\/\/ktfnews.com\/wp-content\/uploads\/2020\/06\/baby-2616673_1280-379x242.jpg","mini-square":"https:\/\/ktfnews.com\/wp-content\/uploads\/2020\/06\/baby-2616673_1280-70x70.jpg","portfolio-widget-mainpage":"https:\/\/ktfnews.com\/wp-content\/uploads\/2020\/06\/baby-2616673_1280-335x195.jpg","portfolio-single-ajax":"https:\/\/ktfnews.com\/wp-content\/uploads\/2020\/06\/baby-2616673_1280-670x280.jpg","portfolio-single-big":"https:\/\/ktfnews.com\/wp-content\/uploads\/2020\/06\/baby-2616673_1280-685x480.jpg","portfolio-single-small":"https:\/\/ktfnews.com\/wp-content\/uploads\/2020\/06\/baby-2616673_1280-685x280.jpg","portfolio-single-full-big":"https:\/\/ktfnews.com\/wp-content\/uploads\/2020\/06\/baby-2616673_1280-960x590.jpg","portfolio-single-full-small":"https:\/\/ktfnews.com\/wp-content\/uploads\/2020\/06\/baby-2616673_1280-960x250.jpg","gallery-post":"https:\/\/ktfnews.com\/wp-content\/uploads\/2020\/06\/baby-2616673_1280-182x126.jpg","gallery-post-smaller":"https:\/\/ktfnews.com\/wp-content\/uploads\/2020\/06\/baby-2616673_1280-158x100.jpg","gallery-standard":"https:\/\/ktfnews.com\/wp-content\/uploads\/2020\/06\/baby-2616673_1280-257x169.jpg","tooltip-preview":"https:\/\/ktfnews.com\/wp-content\/uploads\/2020\/06\/baby-2616673_1280-227x133.jpg","widget-content-slider":"https:\/\/ktfnews.com\/wp-content\/uploads\/2020\/06\/baby-2616673_1280-230x137.jpg","post-top-articles":"https:\/\/ktfnews.com\/wp-content\/uploads\/2020\/06\/baby-2616673_1280-130x100.jpg","post-single-wide":"https:\/\/ktfnews.com\/wp-content\/uploads\/2020\/06\/baby-2616673_1280-595x360.jpg","post-single-wide-nocrop":"https:\/\/ktfnews.com\/wp-content\/uploads\/2020\/06\/baby-2616673_1280-595x397.jpg","post-single-wide-mobile":"https:\/\/ktfnews.com\/wp-content\/uploads\/2020\/06\/baby-2616673_1280-320x190.jpg","post-single-wide-small":"https:\/\/ktfnews.com\/wp-content\/uploads\/2020\/06\/baby-2616673_1280-595x190.jpg","post-single-square":"https:\/\/ktfnews.com\/wp-content\/uploads\/2020\/06\/baby-2616673_1280-120x120.jpg","post-single-full-small":"https:\/\/ktfnews.com\/wp-content\/uploads\/2020\/06\/baby-2616673_1280-950x360.jpg","post-single-full-big":"https:\/\/ktfnews.com\/wp-content\/uploads\/2020\/06\/baby-2616673_1280-950x590.jpg","photo-blog":"https:\/\/ktfnews.com\/wp-content\/uploads\/2020\/06\/baby-2616673_1280-768x512.jpg"},"appp_media":null,"yoast_head":"<!-- This site is optimized with the Yoast SEO plugin v17.3 - https:\/\/yoast.com\/wordpress\/plugins\/seo\/ -->\n<meta name=\"robots\" content=\"index, follow, max-snippet:-1, max-image-preview:large, max-video-preview:-1\" \/>\n<link rel=\"canonical\" href=\"https:\/\/ktfnews.com\/one-party-defends-babies-religious-freedom-catholic-clergy-must-speak\/\" \/>\n<meta property=\"og:locale\" content=\"es_ES\" \/>\n<meta property=\"og:type\" content=\"article\" \/>\n<meta property=\"og:title\" content=\"[:en]When Only One Party Defends Babies and Religious Freedom, Catholic Clergy Must Speak Out[:es]Cuando S\u00f3lo Un Partido Defiende a los Beb\u00e9s y la Libertad Religiosa, el Clero Cat\u00f3lico Debe Hablar[:] - KEEP the FAITH\" \/>\n<meta property=\"og:description\" content=\"cnsnews, Por el P. Frank Pavone &#8211; El siguiente comentario es un extracto de la carta del jueves del Director Nacional de Sacerdotes por la Vida, el P. Frank Pavone, a la jerarqu\u00eda cat\u00f3lica: El di\u00e1logo p\u00fablico que les invito...\" \/>\n<meta property=\"og:url\" content=\"https:\/\/ktfnews.com\/one-party-defends-babies-religious-freedom-catholic-clergy-must-speak\/\" \/>\n<meta property=\"og:site_name\" content=\"KEEP the FAITH\" \/>\n<meta property=\"article:publisher\" content=\"https:\/\/www.facebook.com\/ktfministry\" \/>\n<meta property=\"article:published_time\" content=\"2020-06-29T11:00:55+00:00\" \/>\n<meta property=\"article:modified_time\" content=\"2020-07-01T02:58:34+00:00\" \/>\n<meta property=\"og:image\" content=\"https:\/\/ktfnews.com\/wp-content\/uploads\/2020\/06\/baby-2616673_1280.jpg\" \/>\n\t<meta property=\"og:image:width\" content=\"1280\" \/>\n\t<meta property=\"og:image:height\" content=\"853\" \/>\n<meta name=\"twitter:card\" content=\"summary_large_image\" \/>\n<meta name=\"twitter:creator\" content=\"@ktfministry\" \/>\n<meta name=\"twitter:site\" content=\"@ktfministry\" \/>\n<meta name=\"twitter:label1\" content=\"Escrito por\" \/>\n\t<meta name=\"twitter:data1\" content=\"Pastor Hal Mayer\" \/>\n\t<meta name=\"twitter:label2\" content=\"Tiempo de lectura\" \/>\n\t<meta name=\"twitter:data2\" content=\"12 minutos\" \/>\n<script type=\"application\/ld+json\" class=\"yoast-schema-graph\">{\"@context\":\"https:\/\/schema.org\",\"@graph\":[{\"@type\":\"WebSite\",\"@id\":\"https:\/\/ktfnews.com\/#website\",\"url\":\"https:\/\/ktfnews.com\/\",\"name\":\"KEEP the FAITH\",\"description\":\"Preparing you for the final conflict between good and evil.\",\"potentialAction\":[{\"@type\":\"SearchAction\",\"target\":{\"@type\":\"EntryPoint\",\"urlTemplate\":\"https:\/\/ktfnews.com\/?s={search_term_string}\"},\"query-input\":\"required name=search_term_string\"}],\"inLanguage\":\"es\"},{\"@type\":\"ImageObject\",\"@id\":\"https:\/\/ktfnews.com\/one-party-defends-babies-religious-freedom-catholic-clergy-must-speak\/#primaryimage\",\"inLanguage\":\"es\",\"url\":\"https:\/\/ktfnews.com\/wp-content\/uploads\/2020\/06\/baby-2616673_1280.jpg\",\"contentUrl\":\"https:\/\/ktfnews.com\/wp-content\/uploads\/2020\/06\/baby-2616673_1280.jpg\",\"width\":1280,\"height\":853},{\"@type\":\"WebPage\",\"@id\":\"https:\/\/ktfnews.com\/one-party-defends-babies-religious-freedom-catholic-clergy-must-speak\/#webpage\",\"url\":\"https:\/\/ktfnews.com\/one-party-defends-babies-religious-freedom-catholic-clergy-must-speak\/\",\"name\":\"[:en]When Only One Party Defends Babies and Religious Freedom, Catholic Clergy Must Speak Out[:es]Cuando S\\u00f3lo Un Partido Defiende a los Beb\\u00e9s y la Libertad Religiosa, el Clero Cat\\u00f3lico Debe Hablar[:] - KEEP the FAITH\",\"isPartOf\":{\"@id\":\"https:\/\/ktfnews.com\/#website\"},\"primaryImageOfPage\":{\"@id\":\"https:\/\/ktfnews.com\/one-party-defends-babies-religious-freedom-catholic-clergy-must-speak\/#primaryimage\"},\"datePublished\":\"2020-06-29T11:00:55+00:00\",\"dateModified\":\"2020-07-01T02:58:34+00:00\",\"author\":{\"@id\":\"https:\/\/ktfnews.com\/#\/schema\/person\/ba4174513d9169cf8e229b7d8d60410d\"},\"breadcrumb\":{\"@id\":\"https:\/\/ktfnews.com\/one-party-defends-babies-religious-freedom-catholic-clergy-must-speak\/#breadcrumb\"},\"inLanguage\":\"es\",\"potentialAction\":[{\"@type\":\"ReadAction\",\"target\":[\"https:\/\/ktfnews.com\/one-party-defends-babies-religious-freedom-catholic-clergy-must-speak\/\"]}]},{\"@type\":\"BreadcrumbList\",\"@id\":\"https:\/\/ktfnews.com\/one-party-defends-babies-religious-freedom-catholic-clergy-must-speak\/#breadcrumb\",\"itemListElement\":[{\"@type\":\"ListItem\",\"position\":1,\"name\":\"Home\",\"item\":\"https:\/\/ktfnews.com\/\"},{\"@type\":\"ListItem\",\"position\":2,\"name\":\"Briefings\",\"item\":\"https:\/\/ktfnews.com\/category\/briefings\/\"},{\"@type\":\"ListItem\",\"position\":3,\"name\":\"When Only One Party Defends Babies and Religious Freedom, Catholic Clergy Must Speak Out\"}]},{\"@type\":\"Person\",\"@id\":\"https:\/\/ktfnews.com\/#\/schema\/person\/ba4174513d9169cf8e229b7d8d60410d\",\"name\":\"Pastor Hal Mayer\",\"image\":{\"@type\":\"ImageObject\",\"@id\":\"https:\/\/ktfnews.com\/#personlogo\",\"inLanguage\":\"es\",\"url\":\"https:\/\/secure.gravatar.com\/avatar\/051bac95ae650254c5a03467b9456599?s=96&d=mm&r=g\",\"contentUrl\":\"https:\/\/secure.gravatar.com\/avatar\/051bac95ae650254c5a03467b9456599?s=96&d=mm&r=g\",\"caption\":\"Pastor Hal Mayer\"},\"description\":\"Pastor Hal Mayer is speaker and director of Keep the Faith Ministry. For the last 20 years Pastor Mayer\\u2019s monthly prophetic analysis on CD and online has revealed the striking evidence of fulfilling prophecy to many thousands of subscribers all over the world. Pastor Mayer\\u2019s background in history and Bible prophecy give him unique insights and perspectives that have blessed many and helped them make a deeper commitment to the Lord. Keep the Faith Ministry helps those who want to keep abreast of fulfilling prophecy and who want to understand and navigate the unique and difficult circumstances of the end-times. Keep the Faith Ministry helps to prepare you for the second coming of Christ. Pastor Mayer is married to Betsy for more than 40 years. They have no children of their own. \\u201cThe times in which we live are thrilling, because the things prophesied in God\\u2019s word are actually coming to pass in this generation,\\u201d says Pastor Mayer. \\u201cIn a time when the distinctive end-time truths of God\\u2019s word are being censored, and life in this world is becoming more and more chaotic, Keep the Faith is a voice of strength and encouragement.\\u201d\",\"url\":\"https:\/\/ktfnews.com\/es\/author\/hal\/\"}]}<\/script>\n<!-- \/ Yoast SEO plugin. -->","yoast_head_json":{"robots":{"index":"index","follow":"follow","max-snippet":"max-snippet:-1","max-image-preview":"max-image-preview:large","max-video-preview":"max-video-preview:-1"},"canonical":"https:\/\/ktfnews.com\/one-party-defends-babies-religious-freedom-catholic-clergy-must-speak\/","og_locale":"es_ES","og_type":"article","og_title":"[:en]When Only One Party Defends Babies and Religious Freedom, Catholic Clergy Must Speak Out[:es]Cuando S\u00f3lo Un Partido Defiende a los Beb\u00e9s y la Libertad Religiosa, el Clero Cat\u00f3lico Debe Hablar[:] - KEEP the FAITH","og_description":"cnsnews, Por el P. Frank Pavone &#8211; El siguiente comentario es un extracto de la carta del jueves del Director Nacional de Sacerdotes por la Vida, el P. Frank Pavone, a la jerarqu\u00eda cat\u00f3lica: El di\u00e1logo p\u00fablico que les invito...","og_url":"https:\/\/ktfnews.com\/one-party-defends-babies-religious-freedom-catholic-clergy-must-speak\/","og_site_name":"KEEP the FAITH","article_publisher":"https:\/\/www.facebook.com\/ktfministry","article_published_time":"2020-06-29T11:00:55+00:00","article_modified_time":"2020-07-01T02:58:34+00:00","og_image":[{"width":1280,"height":853,"url":"https:\/\/ktfnews.com\/wp-content\/uploads\/2020\/06\/baby-2616673_1280.jpg","type":"image\/jpeg"}],"twitter_card":"summary_large_image","twitter_creator":"@ktfministry","twitter_site":"@ktfministry","twitter_misc":{"Escrito por":"Pastor Hal Mayer","Tiempo de lectura":"12 minutos"},"schema":{"@context":"https:\/\/schema.org","@graph":[{"@type":"WebSite","@id":"https:\/\/ktfnews.com\/#website","url":"https:\/\/ktfnews.com\/","name":"KEEP the FAITH","description":"Preparing you for the final conflict between good and evil.","potentialAction":[{"@type":"SearchAction","target":{"@type":"EntryPoint","urlTemplate":"https:\/\/ktfnews.com\/?s={search_term_string}"},"query-input":"required name=search_term_string"}],"inLanguage":"es"},{"@type":"ImageObject","@id":"https:\/\/ktfnews.com\/one-party-defends-babies-religious-freedom-catholic-clergy-must-speak\/#primaryimage","inLanguage":"es","url":"https:\/\/ktfnews.com\/wp-content\/uploads\/2020\/06\/baby-2616673_1280.jpg","contentUrl":"https:\/\/ktfnews.com\/wp-content\/uploads\/2020\/06\/baby-2616673_1280.jpg","width":1280,"height":853},{"@type":"WebPage","@id":"https:\/\/ktfnews.com\/one-party-defends-babies-religious-freedom-catholic-clergy-must-speak\/#webpage","url":"https:\/\/ktfnews.com\/one-party-defends-babies-religious-freedom-catholic-clergy-must-speak\/","name":"[:en]When Only One Party Defends Babies and Religious Freedom, Catholic Clergy Must Speak Out[:es]Cuando S\u00f3lo Un Partido Defiende a los Beb\u00e9s y la Libertad Religiosa, el Clero Cat\u00f3lico Debe Hablar[:] - KEEP the FAITH","isPartOf":{"@id":"https:\/\/ktfnews.com\/#website"},"primaryImageOfPage":{"@id":"https:\/\/ktfnews.com\/one-party-defends-babies-religious-freedom-catholic-clergy-must-speak\/#primaryimage"},"datePublished":"2020-06-29T11:00:55+00:00","dateModified":"2020-07-01T02:58:34+00:00","author":{"@id":"https:\/\/ktfnews.com\/#\/schema\/person\/ba4174513d9169cf8e229b7d8d60410d"},"breadcrumb":{"@id":"https:\/\/ktfnews.com\/one-party-defends-babies-religious-freedom-catholic-clergy-must-speak\/#breadcrumb"},"inLanguage":"es","potentialAction":[{"@type":"ReadAction","target":["https:\/\/ktfnews.com\/one-party-defends-babies-religious-freedom-catholic-clergy-must-speak\/"]}]},{"@type":"BreadcrumbList","@id":"https:\/\/ktfnews.com\/one-party-defends-babies-religious-freedom-catholic-clergy-must-speak\/#breadcrumb","itemListElement":[{"@type":"ListItem","position":1,"name":"Home","item":"https:\/\/ktfnews.com\/"},{"@type":"ListItem","position":2,"name":"Briefings","item":"https:\/\/ktfnews.com\/category\/briefings\/"},{"@type":"ListItem","position":3,"name":"When Only One Party Defends Babies and Religious Freedom, Catholic Clergy Must Speak Out"}]},{"@type":"Person","@id":"https:\/\/ktfnews.com\/#\/schema\/person\/ba4174513d9169cf8e229b7d8d60410d","name":"Pastor Hal Mayer","image":{"@type":"ImageObject","@id":"https:\/\/ktfnews.com\/#personlogo","inLanguage":"es","url":"https:\/\/secure.gravatar.com\/avatar\/051bac95ae650254c5a03467b9456599?s=96&d=mm&r=g","contentUrl":"https:\/\/secure.gravatar.com\/avatar\/051bac95ae650254c5a03467b9456599?s=96&d=mm&r=g","caption":"Pastor Hal Mayer"},"description":"Pastor Hal Mayer is speaker and director of Keep the Faith Ministry. For the last 20 years Pastor Mayer\u2019s monthly prophetic analysis on CD and online has revealed the striking evidence of fulfilling prophecy to many thousands of subscribers all over the world. Pastor Mayer\u2019s background in history and Bible prophecy give him unique insights and perspectives that have blessed many and helped them make a deeper commitment to the Lord. Keep the Faith Ministry helps those who want to keep abreast of fulfilling prophecy and who want to understand and navigate the unique and difficult circumstances of the end-times. Keep the Faith Ministry helps to prepare you for the second coming of Christ. Pastor Mayer is married to Betsy for more than 40 years. They have no children of their own. \u201cThe times in which we live are thrilling, because the things prophesied in God\u2019s word are actually coming to pass in this generation,\u201d says Pastor Mayer. \u201cIn a time when the distinctive end-time truths of God\u2019s word are being censored, and life in this world is becoming more and more chaotic, Keep the Faith is a voice of strength and encouragement.\u201d","url":"https:\/\/ktfnews.com\/es\/author\/hal\/"}]}},"_links":{"self":[{"href":"https:\/\/ktfnews.com\/es\/wp-json\/wp\/v2\/posts\/19962"}],"collection":[{"href":"https:\/\/ktfnews.com\/es\/wp-json\/wp\/v2\/posts"}],"about":[{"href":"https:\/\/ktfnews.com\/es\/wp-json\/wp\/v2\/types\/post"}],"author":[{"embeddable":true,"href":"https:\/\/ktfnews.com\/es\/wp-json\/wp\/v2\/users\/6"}],"replies":[{"embeddable":true,"href":"https:\/\/ktfnews.com\/es\/wp-json\/wp\/v2\/comments?post=19962"}],"version-history":[{"count":3,"href":"https:\/\/ktfnews.com\/es\/wp-json\/wp\/v2\/posts\/19962\/revisions"}],"predecessor-version":[{"id":19993,"href":"https:\/\/ktfnews.com\/es\/wp-json\/wp\/v2\/posts\/19962\/revisions\/19993"}],"wp:featuredmedia":[{"embeddable":true,"href":"https:\/\/ktfnews.com\/es\/wp-json\/wp\/v2\/media\/19964"}],"wp:attachment":[{"href":"https:\/\/ktfnews.com\/es\/wp-json\/wp\/v2\/media?parent=19962"}],"wp:term":[{"taxonomy":"category","embeddable":true,"href":"https:\/\/ktfnews.com\/es\/wp-json\/wp\/v2\/categories?post=19962"},{"taxonomy":"post_tag","embeddable":true,"href":"https:\/\/ktfnews.com\/es\/wp-json\/wp\/v2\/tags?post=19962"}],"curies":[{"name":"wp","href":"https:\/\/api.w.org\/{rel}","templated":true}]}}