{"id":19598,"date":"2020-05-06T06:00:13","date_gmt":"2020-05-06T10:00:13","guid":{"rendered":"https:\/\/ktfnews.com\/?p=19598"},"modified":"2020-05-07T21:55:41","modified_gmt":"2020-05-08T01:55:41","slug":"focus-covid-19-leads-polio-outbreak-niger","status":"publish","type":"post","link":"https:\/\/ktfnews.com\/es\/focus-covid-19-leads-polio-outbreak-niger\/","title":{"rendered":"El Enfoque en COVID-19 LLeva a un Brote de Poliomielitis en N\u00edger"},"content":{"rendered":"<p><i>News.com.au<\/i>, por the Associated Press: La Organizaci\u00f3n Mundial de la Salud dice que N\u00edger se ha visto afectado por un nuevo brote de poliomielitis, tras la suspensi\u00f3n de las actividades de inmunizaci\u00f3n durante la pandemia de COVID-19.<\/p>\n<p>El organismo de salud de las Naciones Unidas inform\u00f3 que dos ni\u00f1os fueron infectados por la enfermedad altamente infecciosa que se transmite por el agua y que uno qued\u00f3 paralizado.<\/p>\n<p>El brote fue provocado por un virus mutado que se origin\u00f3 en la vacuna y no estaba relacionado con una anterior epidemia de poliomielitis que N\u00edger detuvo el a\u00f1o pasado, dijo la OMS en una declaraci\u00f3n.<\/p>\n<p>\u00abEl virus de la poliomielitis seguir\u00e1 circulando inevitablemente y puede paralizar a m\u00e1s ni\u00f1os, ya que no se pueden realizar campa\u00f1as de inmunizaci\u00f3n de alta calidad de manera oportuna\u00bb, dijo Pascal Mkanda, coordinador de la OMS para la erradicaci\u00f3n de la poliomielitis en \u00c1frica.<\/p>\n<p>En casos raros, el virus vivo de la vacuna antipoliomiel\u00edtica oral puede evolucionar hasta convertirse en una forma capaz de provocar nuevos brotes entre los ni\u00f1os no inmunizados; para detener la epidemia se requiere una vacunaci\u00f3n m\u00e1s selectiva.<\/p>\n<p>A principios de este mes, la OMS y sus asociados anunciaron que se ve\u00edan obligados a detener todas las actividades de vacunaci\u00f3n contra la poliomielitis hasta por lo menos el 1\u00ba de junio, reconociendo que la decisi\u00f3n tendr\u00eda como consecuencia inevitable la par\u00e1lisis de m\u00e1s ni\u00f1os.<\/p>\n<p>Los Centros para el Control y la Prevenci\u00f3n de Enfermedades de \u00c1frica afirman que hasta el martes se han producido 33.500 casos y 1.469 muertes, pero los expertos sospechan que las cifras reales son mucho m\u00e1s elevadas debido a la falta de pruebas y a la escasa vigilancia.<\/p>\n<p>Para erradicar la poliomielitis es necesario inmunizar a m\u00e1s del 90% de los ni\u00f1os, por lo general mediante campa\u00f1as masivas en las que participan millones de trabajadores de la salud que romper\u00edan las directrices de distanciamiento social necesarias para detener la propagaci\u00f3n del nuevo coronavirus.<\/p>\n<p>En toda \u00c1frica, otros 14 pa\u00edses est\u00e1n luchando por contener sus epidemias de poliomielitis, que tambi\u00e9n han sido causadas por una rara mutaci\u00f3n del virus en la vacuna oral. Inicialmente, los funcionarios de salud hab\u00edan intentado eliminar la poliomielitis para el a\u00f1o 2000, pero ese plazo se ha retrasado y se ha incumplido repetidamente.<\/p>\n<p>Nuestro comentario:<br \/>\nAunque muchos creen que los organismos internacionales y mundiales, incluidas las Naciones Unidas, tienen la clave de la cooperaci\u00f3n y la b\u00fasqueda de soluciones comunes, hay nuevas pruebas que sugieren que la \u00absolidaridad\u00bb y \u00abunirse por el bien de la humanidad\u00bb pueden no ser lo que parecen.  <\/p>\n<p>Un ejemplo de ello es esta noticia de \u00faltima hora sobre el resurgimiento de la poliomielitis en N\u00edger. El hecho de que estemos viendo una epidemia dentro de una pandemia en \u00c1frica no recomienda mucho las soluciones globalistas. Aunque el continente siempre ha sido vulnerable debido a la pobreza y a la falta de desarrollo, parece que esto ha ido un paso m\u00e1s all\u00e1 que antes. Por primera vez en la historia de la Organizaci\u00f3n Mundial de la Salud, la propia agencia de la ONU tambi\u00e9n est\u00e1 bajo presi\u00f3n. <\/p>\n<p>As\u00ed como nos ayudan a ver los vers\u00edculos que siguen, cualquier entidad geopol\u00edtica, econ\u00f3mica, fiscal, m\u00e9dica, social o incluso religiosa que no adopte a Jesucristo y su reino celestial como su fuente y foco, y en su lugar sostenga ideales humanistas, claramente no es de Dios. El globalismo no es la respuesta para nuestro mundo.<\/p>\n<p>Conexi\u00f3n Prof\u00e9tica:<br \/>\n\u201cPorque todo lo que hay en el mundo, los deseos de la carne, los deseos de los ojos, y la vanagloria de la vida, no proviene del Padre, sino del mundo.\u201d 1\u00aa Juan 2:16.<br \/>\n\u201cy todo esp\u00edritu que no confiesa que Jesucristo ha venido en carne, no es de Dios; y este es el esp\u00edritu del anticristo, el cual vosotros hab\u00e9is o\u00eddo que viene, y que ahora ya est\u00e1 en el mundo.\u201d 1\u00aa Juan 4:3<\/p>\n<hr>\n<h3>Source References<\/h3>\n<ul>\n<li>\n<h5><a href=\"https:\/\/www.news.com.au\/world\/breaking-news\/covid19-leads-to-polio-outbreak-in-niger\/news-story\/fd10560beb943b2917032bdf325dcbc4\" target=\"_blank\">COVID-19 leads to polio outbreak in Niger<\/a><\/h5>\n<\/li>\n<\/ul>\n<p><\/p>\n<!-- AddThis Advanced Settings generic via filter on the_content -->","protected":false},"excerpt":{"rendered":"<p>News.com.au, por the Associated Press: La Organizaci\u00f3n Mundial de la Salud dice que N\u00edger se ha visto afectado por un nuevo brote de poliomielitis, tras la suspensi\u00f3n de las actividades de inmunizaci\u00f3n durante la pandemia de COVID-19. El organismo de&#8230;<!-- AddThis Advanced Settings generic via filter on wp_trim_excerpt --><\/p>\n","protected":false},"author":6,"featured_media":19601,"comment_status":"open","ping_status":"open","sticky":false,"template":"","format":"standard","meta":{"episode_type":"","audio_file":"","duration":"","filesize":"","date_recorded":"","explicit":"","block":"","filesize_raw":"","_FSMCFIC_featured_image_caption":"Image: David Mark from Pixabay.com","_FSMCFIC_featured_image_nocaption":null,"_FSMCFIC_featured_image_hide":null,"_links_to":"","_links_to_target":""},"categories":[722,32],"tags":[1255,2670,1006,2671,2291,2144],"featured_image_urls":{"thumbnail":"https:\/\/ktfnews.com\/wp-content\/uploads\/2020\/05\/child-89810_1280-150x150.jpg","medium":"https:\/\/ktfnews.com\/wp-content\/uploads\/2020\/05\/child-89810_1280-300x199.jpg","medium_large":"https:\/\/ktfnews.com\/wp-content\/uploads\/2020\/05\/child-89810_1280-768x511.jpg","large":"https:\/\/ktfnews.com\/wp-content\/uploads\/2020\/05\/child-89810_1280-1024x681.jpg","team-small":"https:\/\/ktfnews.com\/wp-content\/uploads\/2020\/05\/child-89810_1280-138x162.jpg","team-overview":"https:\/\/ktfnews.com\/wp-content\/uploads\/2020\/05\/child-89810_1280-200x279.jpg","team-big":"https:\/\/ktfnews.com\/wp-content\/uploads\/2020\/05\/child-89810_1280-540x270.jpg","two-columns":"https:\/\/ktfnews.com\/wp-content\/uploads\/2020\/05\/child-89810_1280-379x242.jpg","one-column":"https:\/\/ktfnews.com\/wp-content\/uploads\/2020\/05\/child-89810_1280-379x242.jpg","mini-square":"https:\/\/ktfnews.com\/wp-content\/uploads\/2020\/05\/child-89810_1280-70x70.jpg","portfolio-widget-mainpage":"https:\/\/ktfnews.com\/wp-content\/uploads\/2020\/05\/child-89810_1280-335x195.jpg","portfolio-single-ajax":"https:\/\/ktfnews.com\/wp-content\/uploads\/2020\/05\/child-89810_1280-670x280.jpg","portfolio-single-big":"https:\/\/ktfnews.com\/wp-content\/uploads\/2020\/05\/child-89810_1280-685x480.jpg","portfolio-single-small":"https:\/\/ktfnews.com\/wp-content\/uploads\/2020\/05\/child-89810_1280-685x280.jpg","portfolio-single-full-big":"https:\/\/ktfnews.com\/wp-content\/uploads\/2020\/05\/child-89810_1280-960x590.jpg","portfolio-single-full-small":"https:\/\/ktfnews.com\/wp-content\/uploads\/2020\/05\/child-89810_1280-960x250.jpg","gallery-post":"https:\/\/ktfnews.com\/wp-content\/uploads\/2020\/05\/child-89810_1280-182x126.jpg","gallery-post-smaller":"https:\/\/ktfnews.com\/wp-content\/uploads\/2020\/05\/child-89810_1280-158x100.jpg","gallery-standard":"https:\/\/ktfnews.com\/wp-content\/uploads\/2020\/05\/child-89810_1280-257x169.jpg","tooltip-preview":"https:\/\/ktfnews.com\/wp-content\/uploads\/2020\/05\/child-89810_1280-227x133.jpg","widget-content-slider":"https:\/\/ktfnews.com\/wp-content\/uploads\/2020\/05\/child-89810_1280-230x137.jpg","post-top-articles":"https:\/\/ktfnews.com\/wp-content\/uploads\/2020\/05\/child-89810_1280-130x100.jpg","post-single-wide":"https:\/\/ktfnews.com\/wp-content\/uploads\/2020\/05\/child-89810_1280-595x360.jpg","post-single-wide-nocrop":"https:\/\/ktfnews.com\/wp-content\/uploads\/2020\/05\/child-89810_1280-595x396.jpg","post-single-wide-mobile":"https:\/\/ktfnews.com\/wp-content\/uploads\/2020\/05\/child-89810_1280-320x190.jpg","post-single-wide-small":"https:\/\/ktfnews.com\/wp-content\/uploads\/2020\/05\/child-89810_1280-595x190.jpg","post-single-square":"https:\/\/ktfnews.com\/wp-content\/uploads\/2020\/05\/child-89810_1280-120x120.jpg","post-single-full-small":"https:\/\/ktfnews.com\/wp-content\/uploads\/2020\/05\/child-89810_1280-950x360.jpg","post-single-full-big":"https:\/\/ktfnews.com\/wp-content\/uploads\/2020\/05\/child-89810_1280-950x590.jpg","photo-blog":"https:\/\/ktfnews.com\/wp-content\/uploads\/2020\/05\/child-89810_1280-768x511.jpg"},"appp_media":null,"yoast_head":"<!-- This site is optimized with the Yoast SEO plugin v17.3 - https:\/\/yoast.com\/wordpress\/plugins\/seo\/ -->\n<meta name=\"robots\" content=\"index, follow, max-snippet:-1, max-image-preview:large, max-video-preview:-1\" \/>\n<link rel=\"canonical\" href=\"https:\/\/ktfnews.com\/focus-covid-19-leads-polio-outbreak-niger\/\" \/>\n<meta property=\"og:locale\" content=\"es_ES\" \/>\n<meta property=\"og:type\" content=\"article\" \/>\n<meta property=\"og:title\" content=\"[:en]Focus on COVID-19 Leads to Polio Outbreak in Niger[:es]El Enfoque en COVID-19 LLeva a un Brote de Poliomielitis en N\u00edger[:] - KEEP the FAITH\" \/>\n<meta property=\"og:description\" content=\"News.com.au, por the Associated Press: La Organizaci\u00f3n Mundial de la Salud dice que N\u00edger se ha visto afectado por un nuevo brote de poliomielitis, tras la suspensi\u00f3n de las actividades de inmunizaci\u00f3n durante la pandemia de COVID-19. El organismo de...\" \/>\n<meta property=\"og:url\" content=\"https:\/\/ktfnews.com\/focus-covid-19-leads-polio-outbreak-niger\/\" \/>\n<meta property=\"og:site_name\" content=\"KEEP the FAITH\" \/>\n<meta property=\"article:publisher\" content=\"https:\/\/www.facebook.com\/ktfministry\" \/>\n<meta property=\"article:published_time\" content=\"2020-05-06T10:00:13+00:00\" \/>\n<meta property=\"article:modified_time\" content=\"2020-05-08T01:55:41+00:00\" \/>\n<meta property=\"og:image\" content=\"https:\/\/ktfnews.com\/wp-content\/uploads\/2020\/05\/child-89810_1280.jpg\" \/>\n\t<meta property=\"og:image:width\" content=\"1280\" \/>\n\t<meta property=\"og:image:height\" content=\"851\" \/>\n<meta name=\"twitter:card\" content=\"summary_large_image\" \/>\n<meta name=\"twitter:creator\" content=\"@ktfministry\" \/>\n<meta name=\"twitter:site\" content=\"@ktfministry\" \/>\n<meta name=\"twitter:label1\" content=\"Escrito por\" \/>\n\t<meta name=\"twitter:data1\" content=\"Pastor Hal Mayer\" \/>\n\t<meta name=\"twitter:label2\" content=\"Tiempo de lectura\" \/>\n\t<meta name=\"twitter:data2\" content=\"6 minutos\" \/>\n<script type=\"application\/ld+json\" class=\"yoast-schema-graph\">{\"@context\":\"https:\/\/schema.org\",\"@graph\":[{\"@type\":\"WebSite\",\"@id\":\"https:\/\/ktfnews.com\/#website\",\"url\":\"https:\/\/ktfnews.com\/\",\"name\":\"KEEP the FAITH\",\"description\":\"Preparing you for the final conflict between good and evil.\",\"potentialAction\":[{\"@type\":\"SearchAction\",\"target\":{\"@type\":\"EntryPoint\",\"urlTemplate\":\"https:\/\/ktfnews.com\/?s={search_term_string}\"},\"query-input\":\"required name=search_term_string\"}],\"inLanguage\":\"es\"},{\"@type\":\"ImageObject\",\"@id\":\"https:\/\/ktfnews.com\/focus-covid-19-leads-polio-outbreak-niger\/#primaryimage\",\"inLanguage\":\"es\",\"url\":\"https:\/\/ktfnews.com\/wp-content\/uploads\/2020\/05\/child-89810_1280.jpg\",\"contentUrl\":\"https:\/\/ktfnews.com\/wp-content\/uploads\/2020\/05\/child-89810_1280.jpg\",\"width\":1280,\"height\":851},{\"@type\":\"WebPage\",\"@id\":\"https:\/\/ktfnews.com\/focus-covid-19-leads-polio-outbreak-niger\/#webpage\",\"url\":\"https:\/\/ktfnews.com\/focus-covid-19-leads-polio-outbreak-niger\/\",\"name\":\"[:en]Focus on COVID-19 Leads to Polio Outbreak in Niger[:es]El Enfoque en COVID-19 LLeva a un Brote de Poliomielitis en N\\u00edger[:] - KEEP the FAITH\",\"isPartOf\":{\"@id\":\"https:\/\/ktfnews.com\/#website\"},\"primaryImageOfPage\":{\"@id\":\"https:\/\/ktfnews.com\/focus-covid-19-leads-polio-outbreak-niger\/#primaryimage\"},\"datePublished\":\"2020-05-06T10:00:13+00:00\",\"dateModified\":\"2020-05-08T01:55:41+00:00\",\"author\":{\"@id\":\"https:\/\/ktfnews.com\/#\/schema\/person\/ba4174513d9169cf8e229b7d8d60410d\"},\"breadcrumb\":{\"@id\":\"https:\/\/ktfnews.com\/focus-covid-19-leads-polio-outbreak-niger\/#breadcrumb\"},\"inLanguage\":\"es\",\"potentialAction\":[{\"@type\":\"ReadAction\",\"target\":[\"https:\/\/ktfnews.com\/focus-covid-19-leads-polio-outbreak-niger\/\"]}]},{\"@type\":\"BreadcrumbList\",\"@id\":\"https:\/\/ktfnews.com\/focus-covid-19-leads-polio-outbreak-niger\/#breadcrumb\",\"itemListElement\":[{\"@type\":\"ListItem\",\"position\":1,\"name\":\"Home\",\"item\":\"https:\/\/ktfnews.com\/\"},{\"@type\":\"ListItem\",\"position\":2,\"name\":\"Briefings\",\"item\":\"https:\/\/ktfnews.com\/category\/briefings\/\"},{\"@type\":\"ListItem\",\"position\":3,\"name\":\"El Enfoque en COVID-19 LLeva a un Brote de Poliomielitis en N\\u00edger\"}]},{\"@type\":\"Person\",\"@id\":\"https:\/\/ktfnews.com\/#\/schema\/person\/ba4174513d9169cf8e229b7d8d60410d\",\"name\":\"Pastor Hal Mayer\",\"image\":{\"@type\":\"ImageObject\",\"@id\":\"https:\/\/ktfnews.com\/#personlogo\",\"inLanguage\":\"es\",\"url\":\"https:\/\/secure.gravatar.com\/avatar\/051bac95ae650254c5a03467b9456599?s=96&d=mm&r=g\",\"contentUrl\":\"https:\/\/secure.gravatar.com\/avatar\/051bac95ae650254c5a03467b9456599?s=96&d=mm&r=g\",\"caption\":\"Pastor Hal Mayer\"},\"description\":\"Pastor Hal Mayer is speaker and director of Keep the Faith Ministry. For the last 20 years Pastor Mayer\\u2019s monthly prophetic analysis on CD and online has revealed the striking evidence of fulfilling prophecy to many thousands of subscribers all over the world. Pastor Mayer\\u2019s background in history and Bible prophecy give him unique insights and perspectives that have blessed many and helped them make a deeper commitment to the Lord. Keep the Faith Ministry helps those who want to keep abreast of fulfilling prophecy and who want to understand and navigate the unique and difficult circumstances of the end-times. Keep the Faith Ministry helps to prepare you for the second coming of Christ. Pastor Mayer is married to Betsy for more than 40 years. They have no children of their own. \\u201cThe times in which we live are thrilling, because the things prophesied in God\\u2019s word are actually coming to pass in this generation,\\u201d says Pastor Mayer. \\u201cIn a time when the distinctive end-time truths of God\\u2019s word are being censored, and life in this world is becoming more and more chaotic, Keep the Faith is a voice of strength and encouragement.\\u201d\",\"url\":\"https:\/\/ktfnews.com\/es\/author\/hal\/\"}]}<\/script>\n<!-- \/ Yoast SEO plugin. -->","yoast_head_json":{"robots":{"index":"index","follow":"follow","max-snippet":"max-snippet:-1","max-image-preview":"max-image-preview:large","max-video-preview":"max-video-preview:-1"},"canonical":"https:\/\/ktfnews.com\/focus-covid-19-leads-polio-outbreak-niger\/","og_locale":"es_ES","og_type":"article","og_title":"[:en]Focus on COVID-19 Leads to Polio Outbreak in Niger[:es]El Enfoque en COVID-19 LLeva a un Brote de Poliomielitis en N\u00edger[:] - KEEP the FAITH","og_description":"News.com.au, por the Associated Press: La Organizaci\u00f3n Mundial de la Salud dice que N\u00edger se ha visto afectado por un nuevo brote de poliomielitis, tras la suspensi\u00f3n de las actividades de inmunizaci\u00f3n durante la pandemia de COVID-19. El organismo de...","og_url":"https:\/\/ktfnews.com\/focus-covid-19-leads-polio-outbreak-niger\/","og_site_name":"KEEP the FAITH","article_publisher":"https:\/\/www.facebook.com\/ktfministry","article_published_time":"2020-05-06T10:00:13+00:00","article_modified_time":"2020-05-08T01:55:41+00:00","og_image":[{"width":1280,"height":851,"url":"https:\/\/ktfnews.com\/wp-content\/uploads\/2020\/05\/child-89810_1280.jpg","type":"image\/jpeg"}],"twitter_card":"summary_large_image","twitter_creator":"@ktfministry","twitter_site":"@ktfministry","twitter_misc":{"Escrito por":"Pastor Hal Mayer","Tiempo de lectura":"6 minutos"},"schema":{"@context":"https:\/\/schema.org","@graph":[{"@type":"WebSite","@id":"https:\/\/ktfnews.com\/#website","url":"https:\/\/ktfnews.com\/","name":"KEEP the FAITH","description":"Preparing you for the final conflict between good and evil.","potentialAction":[{"@type":"SearchAction","target":{"@type":"EntryPoint","urlTemplate":"https:\/\/ktfnews.com\/?s={search_term_string}"},"query-input":"required name=search_term_string"}],"inLanguage":"es"},{"@type":"ImageObject","@id":"https:\/\/ktfnews.com\/focus-covid-19-leads-polio-outbreak-niger\/#primaryimage","inLanguage":"es","url":"https:\/\/ktfnews.com\/wp-content\/uploads\/2020\/05\/child-89810_1280.jpg","contentUrl":"https:\/\/ktfnews.com\/wp-content\/uploads\/2020\/05\/child-89810_1280.jpg","width":1280,"height":851},{"@type":"WebPage","@id":"https:\/\/ktfnews.com\/focus-covid-19-leads-polio-outbreak-niger\/#webpage","url":"https:\/\/ktfnews.com\/focus-covid-19-leads-polio-outbreak-niger\/","name":"[:en]Focus on COVID-19 Leads to Polio Outbreak in Niger[:es]El Enfoque en COVID-19 LLeva a un Brote de Poliomielitis en N\u00edger[:] - KEEP the FAITH","isPartOf":{"@id":"https:\/\/ktfnews.com\/#website"},"primaryImageOfPage":{"@id":"https:\/\/ktfnews.com\/focus-covid-19-leads-polio-outbreak-niger\/#primaryimage"},"datePublished":"2020-05-06T10:00:13+00:00","dateModified":"2020-05-08T01:55:41+00:00","author":{"@id":"https:\/\/ktfnews.com\/#\/schema\/person\/ba4174513d9169cf8e229b7d8d60410d"},"breadcrumb":{"@id":"https:\/\/ktfnews.com\/focus-covid-19-leads-polio-outbreak-niger\/#breadcrumb"},"inLanguage":"es","potentialAction":[{"@type":"ReadAction","target":["https:\/\/ktfnews.com\/focus-covid-19-leads-polio-outbreak-niger\/"]}]},{"@type":"BreadcrumbList","@id":"https:\/\/ktfnews.com\/focus-covid-19-leads-polio-outbreak-niger\/#breadcrumb","itemListElement":[{"@type":"ListItem","position":1,"name":"Home","item":"https:\/\/ktfnews.com\/"},{"@type":"ListItem","position":2,"name":"Briefings","item":"https:\/\/ktfnews.com\/category\/briefings\/"},{"@type":"ListItem","position":3,"name":"El Enfoque en COVID-19 LLeva a un Brote de Poliomielitis en N\u00edger"}]},{"@type":"Person","@id":"https:\/\/ktfnews.com\/#\/schema\/person\/ba4174513d9169cf8e229b7d8d60410d","name":"Pastor Hal Mayer","image":{"@type":"ImageObject","@id":"https:\/\/ktfnews.com\/#personlogo","inLanguage":"es","url":"https:\/\/secure.gravatar.com\/avatar\/051bac95ae650254c5a03467b9456599?s=96&d=mm&r=g","contentUrl":"https:\/\/secure.gravatar.com\/avatar\/051bac95ae650254c5a03467b9456599?s=96&d=mm&r=g","caption":"Pastor Hal Mayer"},"description":"Pastor Hal Mayer is speaker and director of Keep the Faith Ministry. For the last 20 years Pastor Mayer\u2019s monthly prophetic analysis on CD and online has revealed the striking evidence of fulfilling prophecy to many thousands of subscribers all over the world. Pastor Mayer\u2019s background in history and Bible prophecy give him unique insights and perspectives that have blessed many and helped them make a deeper commitment to the Lord. Keep the Faith Ministry helps those who want to keep abreast of fulfilling prophecy and who want to understand and navigate the unique and difficult circumstances of the end-times. Keep the Faith Ministry helps to prepare you for the second coming of Christ. Pastor Mayer is married to Betsy for more than 40 years. They have no children of their own. \u201cThe times in which we live are thrilling, because the things prophesied in God\u2019s word are actually coming to pass in this generation,\u201d says Pastor Mayer. \u201cIn a time when the distinctive end-time truths of God\u2019s word are being censored, and life in this world is becoming more and more chaotic, Keep the Faith is a voice of strength and encouragement.\u201d","url":"https:\/\/ktfnews.com\/es\/author\/hal\/"}]}},"_links":{"self":[{"href":"https:\/\/ktfnews.com\/es\/wp-json\/wp\/v2\/posts\/19598"}],"collection":[{"href":"https:\/\/ktfnews.com\/es\/wp-json\/wp\/v2\/posts"}],"about":[{"href":"https:\/\/ktfnews.com\/es\/wp-json\/wp\/v2\/types\/post"}],"author":[{"embeddable":true,"href":"https:\/\/ktfnews.com\/es\/wp-json\/wp\/v2\/users\/6"}],"replies":[{"embeddable":true,"href":"https:\/\/ktfnews.com\/es\/wp-json\/wp\/v2\/comments?post=19598"}],"version-history":[{"count":3,"href":"https:\/\/ktfnews.com\/es\/wp-json\/wp\/v2\/posts\/19598\/revisions"}],"predecessor-version":[{"id":19635,"href":"https:\/\/ktfnews.com\/es\/wp-json\/wp\/v2\/posts\/19598\/revisions\/19635"}],"wp:featuredmedia":[{"embeddable":true,"href":"https:\/\/ktfnews.com\/es\/wp-json\/wp\/v2\/media\/19601"}],"wp:attachment":[{"href":"https:\/\/ktfnews.com\/es\/wp-json\/wp\/v2\/media?parent=19598"}],"wp:term":[{"taxonomy":"category","embeddable":true,"href":"https:\/\/ktfnews.com\/es\/wp-json\/wp\/v2\/categories?post=19598"},{"taxonomy":"post_tag","embeddable":true,"href":"https:\/\/ktfnews.com\/es\/wp-json\/wp\/v2\/tags?post=19598"}],"curies":[{"name":"wp","href":"https:\/\/api.w.org\/{rel}","templated":true}]}}