{"id":19590,"date":"2020-05-05T06:00:55","date_gmt":"2020-05-05T10:00:55","guid":{"rendered":"https:\/\/ktfnews.com\/?p=19590"},"modified":"2020-05-05T10:49:25","modified_gmt":"2020-05-05T14:49:25","slug":"historic-drought-chile-enters-10th-year","status":"publish","type":"post","link":"https:\/\/ktfnews.com\/es\/historic-drought-chile-enters-10th-year\/","title":{"rendered":"La Hist\u00f3rica Sequ\u00eda en Chile Entra en su D\u00e9cimo A\u00f1o"},"content":{"rendered":"<p><i>The Watchers<\/i>, por Julie Celestial: En los \u00faltimos 10 a\u00f1os, las precipitaciones en la zona central de Chile han estado cada a\u00f1o por debajo de lo normal en un promedio del 20 al 45 por ciento, lo que es extremadamente bajo. En los alrededores de la capital, Santiago (7 millones de habitantes), la falta de lluvia ha sido particularmente grave. Entre 2014 y 2019, s\u00f3lo se ha registrado entre el 10 y el 20 por ciento de las precipitaciones normales.<\/p>\n<p>En 2019, la zona del Gran Santiago en Valpara\u00edso registr\u00f3 precipitaciones de casi un 80 por ciento por debajo de la m\u00ednima registrada anteriormente. En la regi\u00f3n norte\u00f1a de Coquimbo, las precipitaciones disminuyeron en un 90 por ciento.<\/p>\n<p>Seg\u00fan Ren\u00e9 D. Garreaud, cient\u00edfico de la Universidad de Chile, se estima que la \u00faltima \u00abmega-sequ\u00eda\u00bb de esta escala probablemente ocurri\u00f3 en esta regi\u00f3n hace m\u00e1s de 1.000 a\u00f1os.<\/p>\n<p>La ausencia de lluvias significativas ha tenido consecuencias a largo plazo, especialmente para los agricultores. El a\u00f1o pasado, el Ministerio de Agricultura declar\u00f3 emergencias agr\u00edcolas para m\u00e1s de 50 municipios, ya que decenas de miles de animales de granja perecieron y muchos otros est\u00e1n en peligro. Los sistemas de suministro de agua est\u00e1n sometidos a presi\u00f3n y los embalses se est\u00e1n secando.<\/p>\n<p>Las im\u00e1genes satelitales tomadas por el Operational Land Imager (OLI) en Landsat-8 muestran la dr\u00e1stica diferencia de cuatro a\u00f1os de los niveles de agua en El Yeso, uno de los principales embalses de Santiago.<\/p>\n<p>La primera imagen fue tomada en marzo de 2016, cuando el embalse conten\u00eda unos 219 millones de metros c\u00fabicos de agua (7.700 millones de pies c\u00fabicos).<\/p>\n<p>La segunda imagen fue capturada en marzo de 2020, cuando el volumen se desplom\u00f3 a 99 millones de metros c\u00fabicos (3 mil millones de pies c\u00fabicos), cerca del 40 por ciento de la capacidad.<\/p>\n<p>La mayor parte del agua que llega al embalse suele llegar de la nieve en las monta\u00f1as cercanas que se derrite durante la primavera y el verano, restaurando los arroyos que fluyen hacia el embalse. Sin embargo, en los \u00faltimos a\u00f1os ha habido una falta de nieve, lo que significa que algunos picos clave al sur y al este est\u00e1n sin nieve.<\/p>\n<p>Conexi\u00f3n Prof\u00e9tica:<br \/>\n\u201cPorque sabemos que toda la creaci\u00f3n gime a una, y a una est\u00e1 con dolores de parto hasta ahora;\u201d Romanos 8:22.<\/p>\n<hr>\n<h3>Source References<\/h3>\n<ul>\n<li>\n<h5><a href=\"https:\/\/watchers.news\/2020\/04\/22\/historic-drought-in-chile-enters-10th-year-the-country-s-longest-dry-spell-on-record\/\" target=\"_blank\">Historic drought in Chile enters 10th year &#8212; the country&#8217;s longest dry spell on record<\/a><\/h5>\n<\/li>\n<\/ul>\n<p><\/p>\n<!-- AddThis Advanced Settings generic via filter on the_content -->","protected":false},"excerpt":{"rendered":"<p>The Watchers, por Julie Celestial: En los \u00faltimos 10 a\u00f1os, las precipitaciones en la zona central de Chile han estado cada a\u00f1o por debajo de lo normal en un promedio del 20 al 45 por ciento, lo que es extremadamente&#8230;<!-- AddThis Advanced Settings generic via filter on wp_trim_excerpt --><\/p>\n","protected":false},"author":6,"featured_media":19592,"comment_status":"open","ping_status":"open","sticky":false,"template":"","format":"standard","meta":{"episode_type":"","audio_file":"","duration":"","filesize":"","date_recorded":"","explicit":"","block":"","filesize_raw":"","_FSMCFIC_featured_image_caption":"Image: Marion from Pixabay.com","_FSMCFIC_featured_image_nocaption":null,"_FSMCFIC_featured_image_hide":null,"_links_to":"","_links_to_target":""},"categories":[722,32],"tags":[254,862,954,467],"featured_image_urls":{"thumbnail":"https:\/\/ktfnews.com\/wp-content\/uploads\/2020\/05\/desert-279862_1280-150x150.jpg","medium":"https:\/\/ktfnews.com\/wp-content\/uploads\/2020\/05\/desert-279862_1280-300x204.jpg","medium_large":"https:\/\/ktfnews.com\/wp-content\/uploads\/2020\/05\/desert-279862_1280-768x523.jpg","large":"https:\/\/ktfnews.com\/wp-content\/uploads\/2020\/05\/desert-279862_1280-1024x698.jpg","team-small":"https:\/\/ktfnews.com\/wp-content\/uploads\/2020\/05\/desert-279862_1280-138x162.jpg","team-overview":"https:\/\/ktfnews.com\/wp-content\/uploads\/2020\/05\/desert-279862_1280-200x279.jpg","team-big":"https:\/\/ktfnews.com\/wp-content\/uploads\/2020\/05\/desert-279862_1280-540x270.jpg","two-columns":"https:\/\/ktfnews.com\/wp-content\/uploads\/2020\/05\/desert-279862_1280-379x242.jpg","one-column":"https:\/\/ktfnews.com\/wp-content\/uploads\/2020\/05\/desert-279862_1280-379x242.jpg","mini-square":"https:\/\/ktfnews.com\/wp-content\/uploads\/2020\/05\/desert-279862_1280-70x70.jpg","portfolio-widget-mainpage":"https:\/\/ktfnews.com\/wp-content\/uploads\/2020\/05\/desert-279862_1280-335x195.jpg","portfolio-single-ajax":"https:\/\/ktfnews.com\/wp-content\/uploads\/2020\/05\/desert-279862_1280-670x280.jpg","portfolio-single-big":"https:\/\/ktfnews.com\/wp-content\/uploads\/2020\/05\/desert-279862_1280-685x480.jpg","portfolio-single-small":"https:\/\/ktfnews.com\/wp-content\/uploads\/2020\/05\/desert-279862_1280-685x280.jpg","portfolio-single-full-big":"https:\/\/ktfnews.com\/wp-content\/uploads\/2020\/05\/desert-279862_1280-960x590.jpg","portfolio-single-full-small":"https:\/\/ktfnews.com\/wp-content\/uploads\/2020\/05\/desert-279862_1280-960x250.jpg","gallery-post":"https:\/\/ktfnews.com\/wp-content\/uploads\/2020\/05\/desert-279862_1280-182x126.jpg","gallery-post-smaller":"https:\/\/ktfnews.com\/wp-content\/uploads\/2020\/05\/desert-279862_1280-158x100.jpg","gallery-standard":"https:\/\/ktfnews.com\/wp-content\/uploads\/2020\/05\/desert-279862_1280-257x169.jpg","tooltip-preview":"https:\/\/ktfnews.com\/wp-content\/uploads\/2020\/05\/desert-279862_1280-227x133.jpg","widget-content-slider":"https:\/\/ktfnews.com\/wp-content\/uploads\/2020\/05\/desert-279862_1280-230x137.jpg","post-top-articles":"https:\/\/ktfnews.com\/wp-content\/uploads\/2020\/05\/desert-279862_1280-130x100.jpg","post-single-wide":"https:\/\/ktfnews.com\/wp-content\/uploads\/2020\/05\/desert-279862_1280-595x360.jpg","post-single-wide-nocrop":"https:\/\/ktfnews.com\/wp-content\/uploads\/2020\/05\/desert-279862_1280-595x405.jpg","post-single-wide-mobile":"https:\/\/ktfnews.com\/wp-content\/uploads\/2020\/05\/desert-279862_1280-320x190.jpg","post-single-wide-small":"https:\/\/ktfnews.com\/wp-content\/uploads\/2020\/05\/desert-279862_1280-595x190.jpg","post-single-square":"https:\/\/ktfnews.com\/wp-content\/uploads\/2020\/05\/desert-279862_1280-120x120.jpg","post-single-full-small":"https:\/\/ktfnews.com\/wp-content\/uploads\/2020\/05\/desert-279862_1280-950x360.jpg","post-single-full-big":"https:\/\/ktfnews.com\/wp-content\/uploads\/2020\/05\/desert-279862_1280-950x590.jpg","photo-blog":"https:\/\/ktfnews.com\/wp-content\/uploads\/2020\/05\/desert-279862_1280-768x523.jpg"},"appp_media":null,"yoast_head":"<!-- This site is optimized with the Yoast SEO plugin v17.3 - https:\/\/yoast.com\/wordpress\/plugins\/seo\/ -->\n<meta name=\"robots\" content=\"index, follow, max-snippet:-1, max-image-preview:large, max-video-preview:-1\" \/>\n<link rel=\"canonical\" href=\"https:\/\/ktfnews.com\/historic-drought-chile-enters-10th-year\/\" \/>\n<meta property=\"og:locale\" content=\"es_ES\" \/>\n<meta property=\"og:type\" content=\"article\" \/>\n<meta property=\"og:title\" content=\"[:en]Historic Drought in Chile Enters 10th Year [:es]La Hist\u00f3rica Sequ\u00eda en Chile Entra en su D\u00e9cimo A\u00f1o[:] - KEEP the FAITH\" \/>\n<meta property=\"og:description\" content=\"The Watchers, por Julie Celestial: En los \u00faltimos 10 a\u00f1os, las precipitaciones en la zona central de Chile han estado cada a\u00f1o por debajo de lo normal en un promedio del 20 al 45 por ciento, lo que es extremadamente...\" \/>\n<meta property=\"og:url\" content=\"https:\/\/ktfnews.com\/historic-drought-chile-enters-10th-year\/\" \/>\n<meta property=\"og:site_name\" content=\"KEEP the FAITH\" \/>\n<meta property=\"article:publisher\" content=\"https:\/\/www.facebook.com\/ktfministry\" \/>\n<meta property=\"article:published_time\" content=\"2020-05-05T10:00:55+00:00\" \/>\n<meta property=\"article:modified_time\" content=\"2020-05-05T14:49:25+00:00\" \/>\n<meta property=\"og:image\" content=\"https:\/\/ktfnews.com\/wp-content\/uploads\/2020\/05\/desert-279862_1280.jpg\" \/>\n\t<meta property=\"og:image:width\" content=\"1280\" \/>\n\t<meta property=\"og:image:height\" content=\"872\" \/>\n<meta name=\"twitter:card\" content=\"summary_large_image\" \/>\n<meta name=\"twitter:creator\" content=\"@ktfministry\" \/>\n<meta name=\"twitter:site\" content=\"@ktfministry\" \/>\n<meta name=\"twitter:label1\" content=\"Escrito por\" \/>\n\t<meta name=\"twitter:data1\" content=\"Pastor Hal Mayer\" \/>\n\t<meta name=\"twitter:label2\" content=\"Tiempo de lectura\" \/>\n\t<meta name=\"twitter:data2\" content=\"4 minutos\" \/>\n<script type=\"application\/ld+json\" class=\"yoast-schema-graph\">{\"@context\":\"https:\/\/schema.org\",\"@graph\":[{\"@type\":\"WebSite\",\"@id\":\"https:\/\/ktfnews.com\/#website\",\"url\":\"https:\/\/ktfnews.com\/\",\"name\":\"KEEP the FAITH\",\"description\":\"Preparing you for the final conflict between good and evil.\",\"potentialAction\":[{\"@type\":\"SearchAction\",\"target\":{\"@type\":\"EntryPoint\",\"urlTemplate\":\"https:\/\/ktfnews.com\/?s={search_term_string}\"},\"query-input\":\"required name=search_term_string\"}],\"inLanguage\":\"es\"},{\"@type\":\"ImageObject\",\"@id\":\"https:\/\/ktfnews.com\/historic-drought-chile-enters-10th-year\/#primaryimage\",\"inLanguage\":\"es\",\"url\":\"https:\/\/ktfnews.com\/wp-content\/uploads\/2020\/05\/desert-279862_1280.jpg\",\"contentUrl\":\"https:\/\/ktfnews.com\/wp-content\/uploads\/2020\/05\/desert-279862_1280.jpg\",\"width\":1280,\"height\":872},{\"@type\":\"WebPage\",\"@id\":\"https:\/\/ktfnews.com\/historic-drought-chile-enters-10th-year\/#webpage\",\"url\":\"https:\/\/ktfnews.com\/historic-drought-chile-enters-10th-year\/\",\"name\":\"[:en]Historic Drought in Chile Enters 10th Year [:es]La Hist\\u00f3rica Sequ\\u00eda en Chile Entra en su D\\u00e9cimo A\\u00f1o[:] - KEEP the FAITH\",\"isPartOf\":{\"@id\":\"https:\/\/ktfnews.com\/#website\"},\"primaryImageOfPage\":{\"@id\":\"https:\/\/ktfnews.com\/historic-drought-chile-enters-10th-year\/#primaryimage\"},\"datePublished\":\"2020-05-05T10:00:55+00:00\",\"dateModified\":\"2020-05-05T14:49:25+00:00\",\"author\":{\"@id\":\"https:\/\/ktfnews.com\/#\/schema\/person\/ba4174513d9169cf8e229b7d8d60410d\"},\"breadcrumb\":{\"@id\":\"https:\/\/ktfnews.com\/historic-drought-chile-enters-10th-year\/#breadcrumb\"},\"inLanguage\":\"es\",\"potentialAction\":[{\"@type\":\"ReadAction\",\"target\":[\"https:\/\/ktfnews.com\/historic-drought-chile-enters-10th-year\/\"]}]},{\"@type\":\"BreadcrumbList\",\"@id\":\"https:\/\/ktfnews.com\/historic-drought-chile-enters-10th-year\/#breadcrumb\",\"itemListElement\":[{\"@type\":\"ListItem\",\"position\":1,\"name\":\"Home\",\"item\":\"https:\/\/ktfnews.com\/\"},{\"@type\":\"ListItem\",\"position\":2,\"name\":\"Briefings\",\"item\":\"https:\/\/ktfnews.com\/category\/briefings\/\"},{\"@type\":\"ListItem\",\"position\":3,\"name\":\"Historic Drought in Chile Enters 10th Year\"}]},{\"@type\":\"Person\",\"@id\":\"https:\/\/ktfnews.com\/#\/schema\/person\/ba4174513d9169cf8e229b7d8d60410d\",\"name\":\"Pastor Hal Mayer\",\"image\":{\"@type\":\"ImageObject\",\"@id\":\"https:\/\/ktfnews.com\/#personlogo\",\"inLanguage\":\"es\",\"url\":\"https:\/\/secure.gravatar.com\/avatar\/051bac95ae650254c5a03467b9456599?s=96&d=mm&r=g\",\"contentUrl\":\"https:\/\/secure.gravatar.com\/avatar\/051bac95ae650254c5a03467b9456599?s=96&d=mm&r=g\",\"caption\":\"Pastor Hal Mayer\"},\"description\":\"Pastor Hal Mayer is speaker and director of Keep the Faith Ministry. For the last 20 years Pastor Mayer\\u2019s monthly prophetic analysis on CD and online has revealed the striking evidence of fulfilling prophecy to many thousands of subscribers all over the world. Pastor Mayer\\u2019s background in history and Bible prophecy give him unique insights and perspectives that have blessed many and helped them make a deeper commitment to the Lord. Keep the Faith Ministry helps those who want to keep abreast of fulfilling prophecy and who want to understand and navigate the unique and difficult circumstances of the end-times. Keep the Faith Ministry helps to prepare you for the second coming of Christ. Pastor Mayer is married to Betsy for more than 40 years. They have no children of their own. \\u201cThe times in which we live are thrilling, because the things prophesied in God\\u2019s word are actually coming to pass in this generation,\\u201d says Pastor Mayer. \\u201cIn a time when the distinctive end-time truths of God\\u2019s word are being censored, and life in this world is becoming more and more chaotic, Keep the Faith is a voice of strength and encouragement.\\u201d\",\"url\":\"https:\/\/ktfnews.com\/es\/author\/hal\/\"}]}<\/script>\n<!-- \/ Yoast SEO plugin. -->","yoast_head_json":{"robots":{"index":"index","follow":"follow","max-snippet":"max-snippet:-1","max-image-preview":"max-image-preview:large","max-video-preview":"max-video-preview:-1"},"canonical":"https:\/\/ktfnews.com\/historic-drought-chile-enters-10th-year\/","og_locale":"es_ES","og_type":"article","og_title":"[:en]Historic Drought in Chile Enters 10th Year [:es]La Hist\u00f3rica Sequ\u00eda en Chile Entra en su D\u00e9cimo A\u00f1o[:] - KEEP the FAITH","og_description":"The Watchers, por Julie Celestial: En los \u00faltimos 10 a\u00f1os, las precipitaciones en la zona central de Chile han estado cada a\u00f1o por debajo de lo normal en un promedio del 20 al 45 por ciento, lo que es extremadamente...","og_url":"https:\/\/ktfnews.com\/historic-drought-chile-enters-10th-year\/","og_site_name":"KEEP the FAITH","article_publisher":"https:\/\/www.facebook.com\/ktfministry","article_published_time":"2020-05-05T10:00:55+00:00","article_modified_time":"2020-05-05T14:49:25+00:00","og_image":[{"width":1280,"height":872,"url":"https:\/\/ktfnews.com\/wp-content\/uploads\/2020\/05\/desert-279862_1280.jpg","type":"image\/jpeg"}],"twitter_card":"summary_large_image","twitter_creator":"@ktfministry","twitter_site":"@ktfministry","twitter_misc":{"Escrito por":"Pastor Hal Mayer","Tiempo de lectura":"4 minutos"},"schema":{"@context":"https:\/\/schema.org","@graph":[{"@type":"WebSite","@id":"https:\/\/ktfnews.com\/#website","url":"https:\/\/ktfnews.com\/","name":"KEEP the FAITH","description":"Preparing you for the final conflict between good and evil.","potentialAction":[{"@type":"SearchAction","target":{"@type":"EntryPoint","urlTemplate":"https:\/\/ktfnews.com\/?s={search_term_string}"},"query-input":"required name=search_term_string"}],"inLanguage":"es"},{"@type":"ImageObject","@id":"https:\/\/ktfnews.com\/historic-drought-chile-enters-10th-year\/#primaryimage","inLanguage":"es","url":"https:\/\/ktfnews.com\/wp-content\/uploads\/2020\/05\/desert-279862_1280.jpg","contentUrl":"https:\/\/ktfnews.com\/wp-content\/uploads\/2020\/05\/desert-279862_1280.jpg","width":1280,"height":872},{"@type":"WebPage","@id":"https:\/\/ktfnews.com\/historic-drought-chile-enters-10th-year\/#webpage","url":"https:\/\/ktfnews.com\/historic-drought-chile-enters-10th-year\/","name":"[:en]Historic Drought in Chile Enters 10th Year [:es]La Hist\u00f3rica Sequ\u00eda en Chile Entra en su D\u00e9cimo A\u00f1o[:] - KEEP the FAITH","isPartOf":{"@id":"https:\/\/ktfnews.com\/#website"},"primaryImageOfPage":{"@id":"https:\/\/ktfnews.com\/historic-drought-chile-enters-10th-year\/#primaryimage"},"datePublished":"2020-05-05T10:00:55+00:00","dateModified":"2020-05-05T14:49:25+00:00","author":{"@id":"https:\/\/ktfnews.com\/#\/schema\/person\/ba4174513d9169cf8e229b7d8d60410d"},"breadcrumb":{"@id":"https:\/\/ktfnews.com\/historic-drought-chile-enters-10th-year\/#breadcrumb"},"inLanguage":"es","potentialAction":[{"@type":"ReadAction","target":["https:\/\/ktfnews.com\/historic-drought-chile-enters-10th-year\/"]}]},{"@type":"BreadcrumbList","@id":"https:\/\/ktfnews.com\/historic-drought-chile-enters-10th-year\/#breadcrumb","itemListElement":[{"@type":"ListItem","position":1,"name":"Home","item":"https:\/\/ktfnews.com\/"},{"@type":"ListItem","position":2,"name":"Briefings","item":"https:\/\/ktfnews.com\/category\/briefings\/"},{"@type":"ListItem","position":3,"name":"Historic Drought in Chile Enters 10th Year"}]},{"@type":"Person","@id":"https:\/\/ktfnews.com\/#\/schema\/person\/ba4174513d9169cf8e229b7d8d60410d","name":"Pastor Hal Mayer","image":{"@type":"ImageObject","@id":"https:\/\/ktfnews.com\/#personlogo","inLanguage":"es","url":"https:\/\/secure.gravatar.com\/avatar\/051bac95ae650254c5a03467b9456599?s=96&d=mm&r=g","contentUrl":"https:\/\/secure.gravatar.com\/avatar\/051bac95ae650254c5a03467b9456599?s=96&d=mm&r=g","caption":"Pastor Hal Mayer"},"description":"Pastor Hal Mayer is speaker and director of Keep the Faith Ministry. For the last 20 years Pastor Mayer\u2019s monthly prophetic analysis on CD and online has revealed the striking evidence of fulfilling prophecy to many thousands of subscribers all over the world. Pastor Mayer\u2019s background in history and Bible prophecy give him unique insights and perspectives that have blessed many and helped them make a deeper commitment to the Lord. Keep the Faith Ministry helps those who want to keep abreast of fulfilling prophecy and who want to understand and navigate the unique and difficult circumstances of the end-times. Keep the Faith Ministry helps to prepare you for the second coming of Christ. Pastor Mayer is married to Betsy for more than 40 years. They have no children of their own. \u201cThe times in which we live are thrilling, because the things prophesied in God\u2019s word are actually coming to pass in this generation,\u201d says Pastor Mayer. \u201cIn a time when the distinctive end-time truths of God\u2019s word are being censored, and life in this world is becoming more and more chaotic, Keep the Faith is a voice of strength and encouragement.\u201d","url":"https:\/\/ktfnews.com\/es\/author\/hal\/"}]}},"_links":{"self":[{"href":"https:\/\/ktfnews.com\/es\/wp-json\/wp\/v2\/posts\/19590"}],"collection":[{"href":"https:\/\/ktfnews.com\/es\/wp-json\/wp\/v2\/posts"}],"about":[{"href":"https:\/\/ktfnews.com\/es\/wp-json\/wp\/v2\/types\/post"}],"author":[{"embeddable":true,"href":"https:\/\/ktfnews.com\/es\/wp-json\/wp\/v2\/users\/6"}],"replies":[{"embeddable":true,"href":"https:\/\/ktfnews.com\/es\/wp-json\/wp\/v2\/comments?post=19590"}],"version-history":[{"count":2,"href":"https:\/\/ktfnews.com\/es\/wp-json\/wp\/v2\/posts\/19590\/revisions"}],"predecessor-version":[{"id":19597,"href":"https:\/\/ktfnews.com\/es\/wp-json\/wp\/v2\/posts\/19590\/revisions\/19597"}],"wp:featuredmedia":[{"embeddable":true,"href":"https:\/\/ktfnews.com\/es\/wp-json\/wp\/v2\/media\/19592"}],"wp:attachment":[{"href":"https:\/\/ktfnews.com\/es\/wp-json\/wp\/v2\/media?parent=19590"}],"wp:term":[{"taxonomy":"category","embeddable":true,"href":"https:\/\/ktfnews.com\/es\/wp-json\/wp\/v2\/categories?post=19590"},{"taxonomy":"post_tag","embeddable":true,"href":"https:\/\/ktfnews.com\/es\/wp-json\/wp\/v2\/tags?post=19590"}],"curies":[{"name":"wp","href":"https:\/\/api.w.org\/{rel}","templated":true}]}}