{"id":18935,"date":"2020-02-11T06:00:34","date_gmt":"2020-02-11T11:00:34","guid":{"rendered":"https:\/\/ktfnews.com\/?p=18935"},"modified":"2020-02-10T22:34:43","modified_gmt":"2020-02-11T03:34:43","slug":"french-teacher-forced-choose-conscience-job","status":"publish","type":"post","link":"https:\/\/ktfnews.com\/es\/french-teacher-forced-choose-conscience-job\/","title":{"rendered":"Profesor de Franc\u00e9s Obligado a Elegir Entre su Conciencia y el Empleo"},"content":{"rendered":"<p><i>CNSNews.com<\/i>, por Charles Snow: Vengo de una familia de profesores de escuelas p\u00fablicas. Desde temprana edad, vi que los maestros rara vez ense\u00f1aban solamente a los estudiantes, sino que tambi\u00e9n serv\u00edan a la escuela de cualquier otra manera que pod\u00edan, a menudo en formas m\u00e1s all\u00e1 de su grado de pago.<\/p>\n<p>Peter Vlaming no era diferente. Ense\u00f1\u00f3 franc\u00e9s en la escuela secundaria West Point en Virginia durante siete a\u00f1os. Como otros educadores, hizo m\u00e1s que ense\u00f1ar. Entrenaba a deportistas. Patrocinaba clubes. Incluso condujo un autob\u00fas escolar.<\/p>\n<p>A los estudiantes les gustaba Peter. Y s\u00f3lo recib\u00eda comentarios positivos de sus superiores.<\/p>\n<p>A\u00fan as\u00ed, el ejemplar historial de servicio de Peter no fue suficiente para salvarlo cuando se neg\u00f3 a comprometer su conciencia.<\/p>\n<p>Una de las alumnas de Peter decidi\u00f3 empezar a identificarse como un chico y adoptar un nombre masculino.<\/p>\n<p>En la clase de franc\u00e9s de Peter, se permite a los estudiantes elegir un nombre franc\u00e9s. Esta estudiante tambi\u00e9n quer\u00eda adoptar un nombre masculino. Para no discriminar a esta estudiante, Peter dej\u00f3 que toda la clase de franc\u00e9s eligiera un nuevo nombre franc\u00e9s.<\/p>\n<p>La estudiante tambi\u00e9n pidi\u00f3 que se le llamara con pronombres masculinos. Pero Peter no pudo hacerlo con la conciencia tranquila.<\/p>\n<p>\u00abComo profesor de idiomas, creo que los pronombres significan algo. Nacemos hombre o mujer&#8230; Lo que sea que sintamos, independientemente de la fuerza con que lo sintamos, no cambia nuestro g\u00e9nero objetivamente identificable\u00bb, dice Peter. \u00abPretender lo contrario, incluso en algo como los pronombres que usamos, es vivir, o consentir, una mentira. Eso va en contra de mi formaci\u00f3n como profesor y de mis creencias m\u00e1s profundas como cristiano.\u00bb<\/p>\n<p>Peter hizo todo lo que pudo para acomodar al estudiante. Trat\u00f3 de respetar su conciencia no usando pronombres y tambi\u00e9n usaba el nombre preferido del estudiante.<\/p>\n<p>Mientras tanto, Peter notific\u00f3 a la administraci\u00f3n de su escuela sobre la situaci\u00f3n y c\u00f3mo la estaba manejando. Despu\u00e9s de explicar sus creencias religiosas, el subdirector le dijo a Peter que sus \u00abcreencias religiosas personales terminan en la puerta de la escuela.\u00bb<\/p>\n<p>El compromiso funcion\u00f3 hasta una actividad de clase. Llevando un par de gafas de realidad virtual, el estudiante se dirig\u00eda hacia una colisi\u00f3n con la pared. Peter grit\u00f3, \u00ab\u00a1No dejes que se golpee contra la pared!\u00bb<\/p>\n<p>Peter report\u00f3 el incidente a los administradores de su escuela. Al final del d\u00eda, los funcionarios lo pusieron en licencia administrativa.<\/p>\n<p>Finalmente le dieron un ultim\u00e1tum a Peter: o usa los pronombres masculinos para la estudiante femenina o pierdes tu trabajo.<\/p>\n<p>Peter recibi\u00f3 instrucciones del Superintendente del consejo escolar, incluyendo \u00abtratar [a la estudiante] igual que a los otros estudiantes varones, incluyendo el uso de pronombres masculinos&#8230;\u00bb (N\u00f3tese el uso de \u00abotro\u00bb en la directiva del Superintendente: Los funcionarios de la escuela aceptaron como un hecho que la estudiante era un hombre.)<\/p>\n<p>El respetuoso compromiso de Peter ya no era suficiente. Se neg\u00f3 a violar su conciencia. Y le cost\u00f3 su trabajo. M\u00e1s tarde ese mismo a\u00f1o, el consejo escolar vot\u00f3 un\u00e1nimemente para despedir a Peter.<\/p>\n<p>Como subraya la denuncia presentada por la Alianza para la Defensa de la Libertad (ADF) en nombre de Peter, \u00abC\u00f3mo responder a las personas con disforia de g\u00e9nero, o que se identifican como transg\u00e9nero es un asunto de debate y preocupaci\u00f3n p\u00fablica nacional y local&#8230; Obligar al Sr. Vlaming a expresar que una mujer es un hombre mediante el uso de pronombres masculinos le obliga a expresar un mensaje sobre ese asunto de preocupaci\u00f3n y debate p\u00fablico.\u00bb<\/p>\n<p>Peter y su familia han sufrido desde su despido. Ha solicitado trabajo y ha sido rechazado para m\u00faltiples puestos de ense\u00f1anza. Otros distritos escolares incluso le han dicho que no puede ser considerado para el empleo porque fue despedido por el consejo escolar.<\/p>\n<p>Desafortunadamente, Peter no es el \u00fanico profesor que se enfrenta a las consecuencias de la ideolog\u00eda de la identidad de g\u00e9nero en la educaci\u00f3n. ADF representa a un ex profesor de la Universidad de Louisville degradado y luego despedido por expresar sus opiniones sobre el tratamiento de los j\u00f3venes que experimentan disforia de g\u00e9nero durante un panel de discusi\u00f3n de la Fundaci\u00f3n Heritage. ADF tambi\u00e9n representa a un profesor de filosof\u00eda del Estado de Shawnee que ha sido disciplinado por negarse a referirse a un estudiante var\u00f3n como mujer.<\/p>\n<p>Peter, al igual que estos otros profesores, s\u00f3lo piden el derecho a vivir pac\u00edfica y respetuosamente con sus creencias. \u00abS\u00f3lo pido la libertad de honrar mis creencias religiosas personales, y que se me excuse de comunicar un mensaje que no creo\u00bb, dice Peter.<\/p>\n<p>El gobierno no puede obligar a Peter y a otros como \u00e9l a tomar partido en este debate o a decir cosas que no creen. Una sociedad tolerante no tratar\u00eda de forzarlo a hacer eso.<\/p>\n<p>Conexi\u00f3n Prof\u00e9tica:<br \/>\n\u201c\u00a1Ay de los que a lo malo dicen bueno, y a lo bueno malo; que hacen de la luz tinieblas, y de las tinieblas luz; que ponen lo amargo por dulce, y lo dulce por amargo!\u201d Isa\u00edas 5:20.<\/p>\n<hr>\n<h3>Source References<\/h3>\n<ul>\n<li>\n<h5><a href=\"https:\/\/www.cnsnews.com\/commentary\/charles-snow\/why-french-teacher-was-forced-choose-between-his-conscience-and-his-job\" target=\"_blank\">Why This French Teacher Was Forced to Choose Between His Conscience and His Job<\/a><\/h5>\n<\/li>\n<\/ul>\n<p><\/p>\n<!-- AddThis Advanced Settings generic via filter on the_content -->","protected":false},"excerpt":{"rendered":"<p>CNSNews.com, por Charles Snow: Vengo de una familia de profesores de escuelas p\u00fablicas. Desde temprana edad, vi que los maestros rara vez ense\u00f1aban solamente a los estudiantes, sino que tambi\u00e9n serv\u00edan a la escuela de cualquier otra manera que pod\u00edan,&#8230;<!-- AddThis Advanced Settings generic via filter on wp_trim_excerpt --><\/p>\n","protected":false},"author":6,"featured_media":18942,"comment_status":"open","ping_status":"open","sticky":false,"template":"","format":"standard","meta":{"episode_type":"","audio_file":"","duration":"","filesize":"","date_recorded":"","explicit":"","block":"","filesize_raw":"","_FSMCFIC_featured_image_caption":"Image: Bruno \/Germany from Pixabay.com","_FSMCFIC_featured_image_nocaption":null,"_FSMCFIC_featured_image_hide":null,"_links_to":"","_links_to_target":""},"categories":[722,32],"tags":[1342,1541,2569,476,1246],"featured_image_urls":{"thumbnail":"https:\/\/ktfnews.com\/wp-content\/uploads\/2020\/02\/table-2759787_1280-150x150.jpg","medium":"https:\/\/ktfnews.com\/wp-content\/uploads\/2020\/02\/table-2759787_1280-300x200.jpg","medium_large":"https:\/\/ktfnews.com\/wp-content\/uploads\/2020\/02\/table-2759787_1280-768x512.jpg","large":"https:\/\/ktfnews.com\/wp-content\/uploads\/2020\/02\/table-2759787_1280-1024x682.jpg","team-small":"https:\/\/ktfnews.com\/wp-content\/uploads\/2020\/02\/table-2759787_1280-138x162.jpg","team-overview":"https:\/\/ktfnews.com\/wp-content\/uploads\/2020\/02\/table-2759787_1280-200x279.jpg","team-big":"https:\/\/ktfnews.com\/wp-content\/uploads\/2020\/02\/table-2759787_1280-540x270.jpg","two-columns":"https:\/\/ktfnews.com\/wp-content\/uploads\/2020\/02\/table-2759787_1280-379x242.jpg","one-column":"https:\/\/ktfnews.com\/wp-content\/uploads\/2020\/02\/table-2759787_1280-379x242.jpg","mini-square":"https:\/\/ktfnews.com\/wp-content\/uploads\/2020\/02\/table-2759787_1280-70x70.jpg","portfolio-widget-mainpage":"https:\/\/ktfnews.com\/wp-content\/uploads\/2020\/02\/table-2759787_1280-335x195.jpg","portfolio-single-ajax":"https:\/\/ktfnews.com\/wp-content\/uploads\/2020\/02\/table-2759787_1280-670x280.jpg","portfolio-single-big":"https:\/\/ktfnews.com\/wp-content\/uploads\/2020\/02\/table-2759787_1280-685x480.jpg","portfolio-single-small":"https:\/\/ktfnews.com\/wp-content\/uploads\/2020\/02\/table-2759787_1280-685x280.jpg","portfolio-single-full-big":"https:\/\/ktfnews.com\/wp-content\/uploads\/2020\/02\/table-2759787_1280-960x590.jpg","portfolio-single-full-small":"https:\/\/ktfnews.com\/wp-content\/uploads\/2020\/02\/table-2759787_1280-960x250.jpg","gallery-post":"https:\/\/ktfnews.com\/wp-content\/uploads\/2020\/02\/table-2759787_1280-182x126.jpg","gallery-post-smaller":"https:\/\/ktfnews.com\/wp-content\/uploads\/2020\/02\/table-2759787_1280-158x100.jpg","gallery-standard":"https:\/\/ktfnews.com\/wp-content\/uploads\/2020\/02\/table-2759787_1280-257x169.jpg","tooltip-preview":"https:\/\/ktfnews.com\/wp-content\/uploads\/2020\/02\/table-2759787_1280-227x133.jpg","widget-content-slider":"https:\/\/ktfnews.com\/wp-content\/uploads\/2020\/02\/table-2759787_1280-230x137.jpg","post-top-articles":"https:\/\/ktfnews.com\/wp-content\/uploads\/2020\/02\/table-2759787_1280-130x100.jpg","post-single-wide":"https:\/\/ktfnews.com\/wp-content\/uploads\/2020\/02\/table-2759787_1280-595x360.jpg","post-single-wide-nocrop":"https:\/\/ktfnews.com\/wp-content\/uploads\/2020\/02\/table-2759787_1280-595x397.jpg","post-single-wide-mobile":"https:\/\/ktfnews.com\/wp-content\/uploads\/2020\/02\/table-2759787_1280-320x190.jpg","post-single-wide-small":"https:\/\/ktfnews.com\/wp-content\/uploads\/2020\/02\/table-2759787_1280-595x190.jpg","post-single-square":"https:\/\/ktfnews.com\/wp-content\/uploads\/2020\/02\/table-2759787_1280-120x120.jpg","post-single-full-small":"https:\/\/ktfnews.com\/wp-content\/uploads\/2020\/02\/table-2759787_1280-950x360.jpg","post-single-full-big":"https:\/\/ktfnews.com\/wp-content\/uploads\/2020\/02\/table-2759787_1280-950x590.jpg","photo-blog":"https:\/\/ktfnews.com\/wp-content\/uploads\/2020\/02\/table-2759787_1280-768x512.jpg"},"appp_media":null,"yoast_head":"<!-- This site is optimized with the Yoast SEO plugin v17.3 - https:\/\/yoast.com\/wordpress\/plugins\/seo\/ -->\n<meta name=\"robots\" content=\"index, follow, max-snippet:-1, max-image-preview:large, max-video-preview:-1\" \/>\n<link rel=\"canonical\" href=\"https:\/\/ktfnews.com\/french-teacher-forced-choose-conscience-job\/\" \/>\n<meta property=\"og:locale\" content=\"es_ES\" \/>\n<meta property=\"og:type\" content=\"article\" \/>\n<meta property=\"og:title\" content=\"[:en]French Teacher Forced to Choose Between Conscience and Job[:es]Profesor de Franc\u00e9s Obligado a Elegir Entre su Conciencia y el Empleo[:] - KEEP the FAITH\" \/>\n<meta property=\"og:description\" content=\"CNSNews.com, por Charles Snow: Vengo de una familia de profesores de escuelas p\u00fablicas. Desde temprana edad, vi que los maestros rara vez ense\u00f1aban solamente a los estudiantes, sino que tambi\u00e9n serv\u00edan a la escuela de cualquier otra manera que pod\u00edan,...\" \/>\n<meta property=\"og:url\" content=\"https:\/\/ktfnews.com\/french-teacher-forced-choose-conscience-job\/\" \/>\n<meta property=\"og:site_name\" content=\"KEEP the FAITH\" \/>\n<meta property=\"article:publisher\" content=\"https:\/\/www.facebook.com\/ktfministry\" \/>\n<meta property=\"article:published_time\" content=\"2020-02-11T11:00:34+00:00\" \/>\n<meta property=\"article:modified_time\" content=\"2020-02-11T03:34:43+00:00\" \/>\n<meta property=\"og:image\" content=\"https:\/\/ktfnews.com\/wp-content\/uploads\/2020\/02\/table-2759787_1280.jpg\" \/>\n\t<meta property=\"og:image:width\" content=\"1280\" \/>\n\t<meta property=\"og:image:height\" content=\"853\" \/>\n<meta name=\"twitter:card\" content=\"summary_large_image\" \/>\n<meta name=\"twitter:creator\" content=\"@ktfministry\" \/>\n<meta name=\"twitter:site\" content=\"@ktfministry\" \/>\n<meta name=\"twitter:label1\" content=\"Escrito por\" \/>\n\t<meta name=\"twitter:data1\" content=\"Pastor Hal Mayer\" \/>\n\t<meta name=\"twitter:label2\" content=\"Tiempo de lectura\" \/>\n\t<meta name=\"twitter:data2\" content=\"8 minutos\" \/>\n<script type=\"application\/ld+json\" class=\"yoast-schema-graph\">{\"@context\":\"https:\/\/schema.org\",\"@graph\":[{\"@type\":\"WebSite\",\"@id\":\"https:\/\/ktfnews.com\/#website\",\"url\":\"https:\/\/ktfnews.com\/\",\"name\":\"KEEP the FAITH\",\"description\":\"Preparing you for the final conflict between good and evil.\",\"potentialAction\":[{\"@type\":\"SearchAction\",\"target\":{\"@type\":\"EntryPoint\",\"urlTemplate\":\"https:\/\/ktfnews.com\/?s={search_term_string}\"},\"query-input\":\"required name=search_term_string\"}],\"inLanguage\":\"es\"},{\"@type\":\"ImageObject\",\"@id\":\"https:\/\/ktfnews.com\/french-teacher-forced-choose-conscience-job\/#primaryimage\",\"inLanguage\":\"es\",\"url\":\"https:\/\/ktfnews.com\/wp-content\/uploads\/2020\/02\/table-2759787_1280.jpg\",\"contentUrl\":\"https:\/\/ktfnews.com\/wp-content\/uploads\/2020\/02\/table-2759787_1280.jpg\",\"width\":1280,\"height\":853},{\"@type\":\"WebPage\",\"@id\":\"https:\/\/ktfnews.com\/french-teacher-forced-choose-conscience-job\/#webpage\",\"url\":\"https:\/\/ktfnews.com\/french-teacher-forced-choose-conscience-job\/\",\"name\":\"[:en]French Teacher Forced to Choose Between Conscience and Job[:es]Profesor de Franc\\u00e9s Obligado a Elegir Entre su Conciencia y el Empleo[:] - KEEP the FAITH\",\"isPartOf\":{\"@id\":\"https:\/\/ktfnews.com\/#website\"},\"primaryImageOfPage\":{\"@id\":\"https:\/\/ktfnews.com\/french-teacher-forced-choose-conscience-job\/#primaryimage\"},\"datePublished\":\"2020-02-11T11:00:34+00:00\",\"dateModified\":\"2020-02-11T03:34:43+00:00\",\"author\":{\"@id\":\"https:\/\/ktfnews.com\/#\/schema\/person\/ba4174513d9169cf8e229b7d8d60410d\"},\"breadcrumb\":{\"@id\":\"https:\/\/ktfnews.com\/french-teacher-forced-choose-conscience-job\/#breadcrumb\"},\"inLanguage\":\"es\",\"potentialAction\":[{\"@type\":\"ReadAction\",\"target\":[\"https:\/\/ktfnews.com\/french-teacher-forced-choose-conscience-job\/\"]}]},{\"@type\":\"BreadcrumbList\",\"@id\":\"https:\/\/ktfnews.com\/french-teacher-forced-choose-conscience-job\/#breadcrumb\",\"itemListElement\":[{\"@type\":\"ListItem\",\"position\":1,\"name\":\"Home\",\"item\":\"https:\/\/ktfnews.com\/\"},{\"@type\":\"ListItem\",\"position\":2,\"name\":\"Briefings\",\"item\":\"https:\/\/ktfnews.com\/category\/briefings\/\"},{\"@type\":\"ListItem\",\"position\":3,\"name\":\"French Teacher Forced to Choose Between Conscience and Job\"}]},{\"@type\":\"Person\",\"@id\":\"https:\/\/ktfnews.com\/#\/schema\/person\/ba4174513d9169cf8e229b7d8d60410d\",\"name\":\"Pastor Hal Mayer\",\"image\":{\"@type\":\"ImageObject\",\"@id\":\"https:\/\/ktfnews.com\/#personlogo\",\"inLanguage\":\"es\",\"url\":\"https:\/\/secure.gravatar.com\/avatar\/051bac95ae650254c5a03467b9456599?s=96&d=mm&r=g\",\"contentUrl\":\"https:\/\/secure.gravatar.com\/avatar\/051bac95ae650254c5a03467b9456599?s=96&d=mm&r=g\",\"caption\":\"Pastor Hal Mayer\"},\"description\":\"Pastor Hal Mayer is speaker and director of Keep the Faith Ministry. For the last 20 years Pastor Mayer\\u2019s monthly prophetic analysis on CD and online has revealed the striking evidence of fulfilling prophecy to many thousands of subscribers all over the world. Pastor Mayer\\u2019s background in history and Bible prophecy give him unique insights and perspectives that have blessed many and helped them make a deeper commitment to the Lord. Keep the Faith Ministry helps those who want to keep abreast of fulfilling prophecy and who want to understand and navigate the unique and difficult circumstances of the end-times. Keep the Faith Ministry helps to prepare you for the second coming of Christ. Pastor Mayer is married to Betsy for more than 40 years. They have no children of their own. \\u201cThe times in which we live are thrilling, because the things prophesied in God\\u2019s word are actually coming to pass in this generation,\\u201d says Pastor Mayer. \\u201cIn a time when the distinctive end-time truths of God\\u2019s word are being censored, and life in this world is becoming more and more chaotic, Keep the Faith is a voice of strength and encouragement.\\u201d\",\"url\":\"https:\/\/ktfnews.com\/es\/author\/hal\/\"}]}<\/script>\n<!-- \/ Yoast SEO plugin. -->","yoast_head_json":{"robots":{"index":"index","follow":"follow","max-snippet":"max-snippet:-1","max-image-preview":"max-image-preview:large","max-video-preview":"max-video-preview:-1"},"canonical":"https:\/\/ktfnews.com\/french-teacher-forced-choose-conscience-job\/","og_locale":"es_ES","og_type":"article","og_title":"[:en]French Teacher Forced to Choose Between Conscience and Job[:es]Profesor de Franc\u00e9s Obligado a Elegir Entre su Conciencia y el Empleo[:] - KEEP the FAITH","og_description":"CNSNews.com, por Charles Snow: Vengo de una familia de profesores de escuelas p\u00fablicas. Desde temprana edad, vi que los maestros rara vez ense\u00f1aban solamente a los estudiantes, sino que tambi\u00e9n serv\u00edan a la escuela de cualquier otra manera que pod\u00edan,...","og_url":"https:\/\/ktfnews.com\/french-teacher-forced-choose-conscience-job\/","og_site_name":"KEEP the FAITH","article_publisher":"https:\/\/www.facebook.com\/ktfministry","article_published_time":"2020-02-11T11:00:34+00:00","article_modified_time":"2020-02-11T03:34:43+00:00","og_image":[{"width":1280,"height":853,"url":"https:\/\/ktfnews.com\/wp-content\/uploads\/2020\/02\/table-2759787_1280.jpg","type":"image\/jpeg"}],"twitter_card":"summary_large_image","twitter_creator":"@ktfministry","twitter_site":"@ktfministry","twitter_misc":{"Escrito por":"Pastor Hal Mayer","Tiempo de lectura":"8 minutos"},"schema":{"@context":"https:\/\/schema.org","@graph":[{"@type":"WebSite","@id":"https:\/\/ktfnews.com\/#website","url":"https:\/\/ktfnews.com\/","name":"KEEP the FAITH","description":"Preparing you for the final conflict between good and evil.","potentialAction":[{"@type":"SearchAction","target":{"@type":"EntryPoint","urlTemplate":"https:\/\/ktfnews.com\/?s={search_term_string}"},"query-input":"required name=search_term_string"}],"inLanguage":"es"},{"@type":"ImageObject","@id":"https:\/\/ktfnews.com\/french-teacher-forced-choose-conscience-job\/#primaryimage","inLanguage":"es","url":"https:\/\/ktfnews.com\/wp-content\/uploads\/2020\/02\/table-2759787_1280.jpg","contentUrl":"https:\/\/ktfnews.com\/wp-content\/uploads\/2020\/02\/table-2759787_1280.jpg","width":1280,"height":853},{"@type":"WebPage","@id":"https:\/\/ktfnews.com\/french-teacher-forced-choose-conscience-job\/#webpage","url":"https:\/\/ktfnews.com\/french-teacher-forced-choose-conscience-job\/","name":"[:en]French Teacher Forced to Choose Between Conscience and Job[:es]Profesor de Franc\u00e9s Obligado a Elegir Entre su Conciencia y el Empleo[:] - KEEP the FAITH","isPartOf":{"@id":"https:\/\/ktfnews.com\/#website"},"primaryImageOfPage":{"@id":"https:\/\/ktfnews.com\/french-teacher-forced-choose-conscience-job\/#primaryimage"},"datePublished":"2020-02-11T11:00:34+00:00","dateModified":"2020-02-11T03:34:43+00:00","author":{"@id":"https:\/\/ktfnews.com\/#\/schema\/person\/ba4174513d9169cf8e229b7d8d60410d"},"breadcrumb":{"@id":"https:\/\/ktfnews.com\/french-teacher-forced-choose-conscience-job\/#breadcrumb"},"inLanguage":"es","potentialAction":[{"@type":"ReadAction","target":["https:\/\/ktfnews.com\/french-teacher-forced-choose-conscience-job\/"]}]},{"@type":"BreadcrumbList","@id":"https:\/\/ktfnews.com\/french-teacher-forced-choose-conscience-job\/#breadcrumb","itemListElement":[{"@type":"ListItem","position":1,"name":"Home","item":"https:\/\/ktfnews.com\/"},{"@type":"ListItem","position":2,"name":"Briefings","item":"https:\/\/ktfnews.com\/category\/briefings\/"},{"@type":"ListItem","position":3,"name":"French Teacher Forced to Choose Between Conscience and Job"}]},{"@type":"Person","@id":"https:\/\/ktfnews.com\/#\/schema\/person\/ba4174513d9169cf8e229b7d8d60410d","name":"Pastor Hal Mayer","image":{"@type":"ImageObject","@id":"https:\/\/ktfnews.com\/#personlogo","inLanguage":"es","url":"https:\/\/secure.gravatar.com\/avatar\/051bac95ae650254c5a03467b9456599?s=96&d=mm&r=g","contentUrl":"https:\/\/secure.gravatar.com\/avatar\/051bac95ae650254c5a03467b9456599?s=96&d=mm&r=g","caption":"Pastor Hal Mayer"},"description":"Pastor Hal Mayer is speaker and director of Keep the Faith Ministry. For the last 20 years Pastor Mayer\u2019s monthly prophetic analysis on CD and online has revealed the striking evidence of fulfilling prophecy to many thousands of subscribers all over the world. Pastor Mayer\u2019s background in history and Bible prophecy give him unique insights and perspectives that have blessed many and helped them make a deeper commitment to the Lord. Keep the Faith Ministry helps those who want to keep abreast of fulfilling prophecy and who want to understand and navigate the unique and difficult circumstances of the end-times. Keep the Faith Ministry helps to prepare you for the second coming of Christ. Pastor Mayer is married to Betsy for more than 40 years. They have no children of their own. \u201cThe times in which we live are thrilling, because the things prophesied in God\u2019s word are actually coming to pass in this generation,\u201d says Pastor Mayer. \u201cIn a time when the distinctive end-time truths of God\u2019s word are being censored, and life in this world is becoming more and more chaotic, Keep the Faith is a voice of strength and encouragement.\u201d","url":"https:\/\/ktfnews.com\/es\/author\/hal\/"}]}},"_links":{"self":[{"href":"https:\/\/ktfnews.com\/es\/wp-json\/wp\/v2\/posts\/18935"}],"collection":[{"href":"https:\/\/ktfnews.com\/es\/wp-json\/wp\/v2\/posts"}],"about":[{"href":"https:\/\/ktfnews.com\/es\/wp-json\/wp\/v2\/types\/post"}],"author":[{"embeddable":true,"href":"https:\/\/ktfnews.com\/es\/wp-json\/wp\/v2\/users\/6"}],"replies":[{"embeddable":true,"href":"https:\/\/ktfnews.com\/es\/wp-json\/wp\/v2\/comments?post=18935"}],"version-history":[{"count":2,"href":"https:\/\/ktfnews.com\/es\/wp-json\/wp\/v2\/posts\/18935\/revisions"}],"predecessor-version":[{"id":18943,"href":"https:\/\/ktfnews.com\/es\/wp-json\/wp\/v2\/posts\/18935\/revisions\/18943"}],"wp:featuredmedia":[{"embeddable":true,"href":"https:\/\/ktfnews.com\/es\/wp-json\/wp\/v2\/media\/18942"}],"wp:attachment":[{"href":"https:\/\/ktfnews.com\/es\/wp-json\/wp\/v2\/media?parent=18935"}],"wp:term":[{"taxonomy":"category","embeddable":true,"href":"https:\/\/ktfnews.com\/es\/wp-json\/wp\/v2\/categories?post=18935"},{"taxonomy":"post_tag","embeddable":true,"href":"https:\/\/ktfnews.com\/es\/wp-json\/wp\/v2\/tags?post=18935"}],"curies":[{"name":"wp","href":"https:\/\/api.w.org\/{rel}","templated":true}]}}