{"id":18755,"date":"2020-01-15T06:00:09","date_gmt":"2020-01-15T11:00:09","guid":{"rendered":"https:\/\/ktfnews.com\/?p=18755"},"modified":"2020-01-13T21:36:59","modified_gmt":"2020-01-14T02:36:59","slug":"iran-launches-second-attack-us-air-base-iraq","status":"publish","type":"post","link":"https:\/\/ktfnews.com\/es\/iran-launches-second-attack-us-air-base-iraq\/","title":{"rendered":"Ir\u00e1n Lanza Segundo Ataque sobre Base Estadounidense en Irak"},"content":{"rendered":"<p><i>The Mercury News<\/i>, por Nasser Karimi, Amir Vahdat, y Jon Gambrell: Ir\u00e1n contraatac\u00f3 a Estados Unidos en la madrugada del mi\u00e9rcoles por matar a un alto comandante de la Guardia Revolucionaria, disparando una serie de misiles bal\u00edsticos contra dos bases militares en Irak que albergaban tropas estadounidenses en una importante escalada entre los dos antiguos enemigos.<\/p>\n<p>La televisi\u00f3n estatal iran\u00ed dijo que era en venganza por el asesinato del general de la Guardia Revolucionaria Qassem Soleimani, cuya muerte la semana pasada en un ataque de aviones no tripulados estadounidenses cerca de Bagdad provoc\u00f3 furiosas llamadas para vengar su asesinato. Un funcionario estadounidense dijo que no hab\u00eda informes inmediatos de v\u00edctimas estadounidenses, aunque se segu\u00edan registrando los edificios.<\/p>\n<p>El asesinato de Soleimani y los ataques de Ir\u00e1n se produjeron cuando las tensiones han ido aumentando de forma constante en Oriente Medio tras la decisi\u00f3n del presidente Donald Trump de retirar unilateralmente a Estados Unidos del acuerdo nuclear de Teher\u00e1n con las potencias mundiales. Tambi\u00e9n marcaron la primera vez en los \u00faltimos a\u00f1os que Washington y Teher\u00e1n se han atacado mutuamente de forma directa en lugar de hacerlo a trav\u00e9s de apoderados en la regi\u00f3n. Esto aument\u00f3 las posibilidades de que estallara un conflicto abierto entre los dos enemigos, que han estado en desacuerdo desde la Revoluci\u00f3n Isl\u00e1mica de Ir\u00e1n en 1979.<\/p>\n<p>Pero en un tweet poco despu\u00e9s del lanzamiento de los misiles, el ministro de Asuntos Exteriores de Ir\u00e1n calific\u00f3 un ataque con misiles bal\u00edsticos como \u00abmedidas proporcionadas en defensa propia\u00bb y dijo que no buscaba escalar la situaci\u00f3n sino que se defender\u00eda de cualquier agresi\u00f3n.<\/p>\n<p>Inicialmente, Ir\u00e1n anunci\u00f3 un solo ataque, pero las autoridades estadounidenses confirmaron ambos. Funcionarios de defensa de Estados Unidos estaban en la Casa Blanca, probablemente para discutir las opciones con Trump, quien lanz\u00f3 el ataque a Soleimani mientras enfrentaba un pr\u00f3ximo juicio pol\u00edtico en el Senado.<\/p>\n<p>La Guardia Revolucionaria de Ir\u00e1n advirti\u00f3 a Estados Unidos y a sus aliados regionales que no tomaran represalias por el ataque con misiles contra la base a\u00e9rea de Ain al-Asad, en la provincia iraqu\u00ed de Anbar. La Guardia emiti\u00f3 la advertencia por medio de una declaraci\u00f3n de la agencia estatal iran\u00ed de noticias IRNA.<\/p>\n<p>\u00abEstamos advirtiendo a todos los aliados estadounidenses, que dieron sus bases a su ej\u00e9rcito terrorista, que cualquier territorio que sea el punto de partida de los actos agresivos contra Ir\u00e1n ser\u00e1 el objetivo\u00bb, dijo la Guardia. Tambi\u00e9n amenaz\u00f3 a Israel.<\/p>\n<p>Despu\u00e9s de los ataques, un ex negociador nuclear iran\u00ed public\u00f3 una foto de la bandera de la Rep\u00fablica Isl\u00e1mica en Twitter, pareciendo imitar a Trump, quien public\u00f3 una bandera americana despu\u00e9s de la matanza de Soleimani y otros el viernes en un ataque con aviones no tripulados en Bagdad. <\/p>\n<p>La televisi\u00f3n estatal iran\u00ed dijo que la divisi\u00f3n aeroespacial de la Guardia que controla el programa de misiles de Ir\u00e1n lanz\u00f3 el ataque, el cual dijo que era parte de una operaci\u00f3n llamada \u00abM\u00e1rtir Soleimani\u00bb. Ir\u00e1n dijo que publicar\u00eda m\u00e1s informaci\u00f3n m\u00e1s tarde.<\/p>\n<p>Estados Unidos tambi\u00e9n reconoci\u00f3 otro ataque con misiles contra una base en Irbil, en la regi\u00f3n semiaut\u00f3noma kurda de Irak. <\/p>\n<p>El ataque de venganza del mi\u00e9rcoles ocurri\u00f3 a pocas horas de que las multitudes en Ir\u00e1n lloraran a Soleimani en su funeral. Tambi\u00e9n se produjo [a medida que] Estados Unidos sigui\u00f3 reforzando sus propias posiciones en la regi\u00f3n y advirti\u00f3 de una amenaza no especificada a la navegaci\u00f3n desde Ir\u00e1n en las v\u00edas fluviales de la regi\u00f3n, rutas cruciales para el suministro de energ\u00eda mundial. Las embajadas y consulados de Estados Unidos desde Asia hasta \u00c1frica y Europa emitieron alertas de seguridad para los estadounidenses. La FAA tambi\u00e9n advirti\u00f3 de un \u00abpotencial error de c\u00e1lculo o de identificaci\u00f3n\u00bb para las aeronaves civiles en el Golfo P\u00e9rsico en medio de una restricci\u00f3n de vuelo de emergencia.<\/p>\n<p>Conexi\u00f3n Prof\u00e9tica:<br \/>\n\u201cEn las escenas finales de la historia de esta tierra, la guerra prevalecer\u00e1. Habr\u00e1 epidemias, mortandad y hambre. Las aguas del abismo rebasar\u00e1n sus l\u00edmites. Incendios e inundaciones destruir\u00e1n la propiedad y la vida. Debi\u00e9ramos estar alist\u00e1ndonos rara las mansiones que Cristo ha ido a preparar para los que lo aman. <i>Maranatha<\/i>, p\u00e1g. 172.<\/p>\n<hr>\n<h3>Source References<\/h3>\n<ul>\n<li>\n<h5><a href=\"https:\/\/www.mercurynews.com\/2020\/01\/07\/breaking-iran-fires-missiles-at-us-air-base-in-iraq\/\" target=\"_blank\">Iran launches second attack on US air base in Iraq<\/a><\/h5>\n<\/li>\n<\/ul>\n<p><\/p>\n<!-- AddThis Advanced Settings generic via filter on the_content -->","protected":false},"excerpt":{"rendered":"<p>The Mercury News, por Nasser Karimi, Amir Vahdat, y Jon Gambrell: Ir\u00e1n contraatac\u00f3 a Estados Unidos en la madrugada del mi\u00e9rcoles por matar a un alto comandante de la Guardia Revolucionaria, disparando una serie de misiles bal\u00edsticos contra dos bases&#8230;<!-- AddThis Advanced Settings generic via filter on wp_trim_excerpt --><\/p>\n","protected":false},"author":6,"featured_media":18757,"comment_status":"open","ping_status":"open","sticky":false,"template":"","format":"standard","meta":{"episode_type":"","audio_file":"","duration":"","filesize":"","date_recorded":"","explicit":"","block":"","filesize_raw":"","_FSMCFIC_featured_image_caption":"Image: SpaceX-Imagery from Pixabay.com","_FSMCFIC_featured_image_nocaption":null,"_FSMCFIC_featured_image_hide":null,"_links_to":"","_links_to_target":""},"categories":[722,32],"tags":[2315,1725,1909,2493,258,618,2013,420,71],"featured_image_urls":{"thumbnail":"https:\/\/ktfnews.com\/wp-content\/uploads\/2020\/01\/rocket-launch-693270_1280-150x150.jpg","medium":"https:\/\/ktfnews.com\/wp-content\/uploads\/2020\/01\/rocket-launch-693270_1280-300x200.jpg","medium_large":"https:\/\/ktfnews.com\/wp-content\/uploads\/2020\/01\/rocket-launch-693270_1280-768x512.jpg","large":"https:\/\/ktfnews.com\/wp-content\/uploads\/2020\/01\/rocket-launch-693270_1280-1024x683.jpg","team-small":"https:\/\/ktfnews.com\/wp-content\/uploads\/2020\/01\/rocket-launch-693270_1280-138x162.jpg","team-overview":"https:\/\/ktfnews.com\/wp-content\/uploads\/2020\/01\/rocket-launch-693270_1280-200x279.jpg","team-big":"https:\/\/ktfnews.com\/wp-content\/uploads\/2020\/01\/rocket-launch-693270_1280-540x270.jpg","two-columns":"https:\/\/ktfnews.com\/wp-content\/uploads\/2020\/01\/rocket-launch-693270_1280-379x242.jpg","one-column":"https:\/\/ktfnews.com\/wp-content\/uploads\/2020\/01\/rocket-launch-693270_1280-379x242.jpg","mini-square":"https:\/\/ktfnews.com\/wp-content\/uploads\/2020\/01\/rocket-launch-693270_1280-70x70.jpg","portfolio-widget-mainpage":"https:\/\/ktfnews.com\/wp-content\/uploads\/2020\/01\/rocket-launch-693270_1280-335x195.jpg","portfolio-single-ajax":"https:\/\/ktfnews.com\/wp-content\/uploads\/2020\/01\/rocket-launch-693270_1280-670x280.jpg","portfolio-single-big":"https:\/\/ktfnews.com\/wp-content\/uploads\/2020\/01\/rocket-launch-693270_1280-685x480.jpg","portfolio-single-small":"https:\/\/ktfnews.com\/wp-content\/uploads\/2020\/01\/rocket-launch-693270_1280-685x280.jpg","portfolio-single-full-big":"https:\/\/ktfnews.com\/wp-content\/uploads\/2020\/01\/rocket-launch-693270_1280-960x590.jpg","portfolio-single-full-small":"https:\/\/ktfnews.com\/wp-content\/uploads\/2020\/01\/rocket-launch-693270_1280-960x250.jpg","gallery-post":"https:\/\/ktfnews.com\/wp-content\/uploads\/2020\/01\/rocket-launch-693270_1280-182x126.jpg","gallery-post-smaller":"https:\/\/ktfnews.com\/wp-content\/uploads\/2020\/01\/rocket-launch-693270_1280-158x100.jpg","gallery-standard":"https:\/\/ktfnews.com\/wp-content\/uploads\/2020\/01\/rocket-launch-693270_1280-257x169.jpg","tooltip-preview":"https:\/\/ktfnews.com\/wp-content\/uploads\/2020\/01\/rocket-launch-693270_1280-227x133.jpg","widget-content-slider":"https:\/\/ktfnews.com\/wp-content\/uploads\/2020\/01\/rocket-launch-693270_1280-230x137.jpg","post-top-articles":"https:\/\/ktfnews.com\/wp-content\/uploads\/2020\/01\/rocket-launch-693270_1280-130x100.jpg","post-single-wide":"https:\/\/ktfnews.com\/wp-content\/uploads\/2020\/01\/rocket-launch-693270_1280-595x360.jpg","post-single-wide-nocrop":"https:\/\/ktfnews.com\/wp-content\/uploads\/2020\/01\/rocket-launch-693270_1280-595x397.jpg","post-single-wide-mobile":"https:\/\/ktfnews.com\/wp-content\/uploads\/2020\/01\/rocket-launch-693270_1280-320x190.jpg","post-single-wide-small":"https:\/\/ktfnews.com\/wp-content\/uploads\/2020\/01\/rocket-launch-693270_1280-595x190.jpg","post-single-square":"https:\/\/ktfnews.com\/wp-content\/uploads\/2020\/01\/rocket-launch-693270_1280-120x120.jpg","post-single-full-small":"https:\/\/ktfnews.com\/wp-content\/uploads\/2020\/01\/rocket-launch-693270_1280-950x360.jpg","post-single-full-big":"https:\/\/ktfnews.com\/wp-content\/uploads\/2020\/01\/rocket-launch-693270_1280-950x590.jpg","photo-blog":"https:\/\/ktfnews.com\/wp-content\/uploads\/2020\/01\/rocket-launch-693270_1280-768x512.jpg"},"appp_media":null,"yoast_head":"<!-- This site is optimized with the Yoast SEO plugin v17.3 - https:\/\/yoast.com\/wordpress\/plugins\/seo\/ -->\n<meta name=\"robots\" content=\"index, follow, max-snippet:-1, max-image-preview:large, max-video-preview:-1\" \/>\n<link rel=\"canonical\" href=\"https:\/\/ktfnews.com\/iran-launches-second-attack-us-air-base-iraq\/\" \/>\n<meta property=\"og:locale\" content=\"es_ES\" \/>\n<meta property=\"og:type\" content=\"article\" \/>\n<meta property=\"og:title\" content=\"[:en]Iran Launches Second Attack on US Air Base in Iraq[:es]Ir\u00e1n Lanza Segundo Ataque sobre Base Estadounidense en Irak[:] - KEEP the FAITH\" \/>\n<meta property=\"og:description\" content=\"The Mercury News, por Nasser Karimi, Amir Vahdat, y Jon Gambrell: Ir\u00e1n contraatac\u00f3 a Estados Unidos en la madrugada del mi\u00e9rcoles por matar a un alto comandante de la Guardia Revolucionaria, disparando una serie de misiles bal\u00edsticos contra dos bases...\" \/>\n<meta property=\"og:url\" content=\"https:\/\/ktfnews.com\/iran-launches-second-attack-us-air-base-iraq\/\" \/>\n<meta property=\"og:site_name\" content=\"KEEP the FAITH\" \/>\n<meta property=\"article:publisher\" content=\"https:\/\/www.facebook.com\/ktfministry\" \/>\n<meta property=\"article:published_time\" content=\"2020-01-15T11:00:09+00:00\" \/>\n<meta property=\"article:modified_time\" content=\"2020-01-14T02:36:59+00:00\" \/>\n<meta property=\"og:image\" content=\"https:\/\/ktfnews.com\/wp-content\/uploads\/2020\/01\/rocket-launch-693270_1280.jpg\" \/>\n\t<meta property=\"og:image:width\" content=\"1080\" \/>\n\t<meta property=\"og:image:height\" content=\"720\" \/>\n<meta name=\"twitter:card\" content=\"summary_large_image\" \/>\n<meta name=\"twitter:creator\" content=\"@ktfministry\" \/>\n<meta name=\"twitter:site\" content=\"@ktfministry\" \/>\n<meta name=\"twitter:label1\" content=\"Escrito por\" \/>\n\t<meta name=\"twitter:data1\" content=\"Pastor Hal Mayer\" \/>\n\t<meta name=\"twitter:label2\" content=\"Tiempo de lectura\" \/>\n\t<meta name=\"twitter:data2\" content=\"7 minutos\" \/>\n<script type=\"application\/ld+json\" class=\"yoast-schema-graph\">{\"@context\":\"https:\/\/schema.org\",\"@graph\":[{\"@type\":\"WebSite\",\"@id\":\"https:\/\/ktfnews.com\/#website\",\"url\":\"https:\/\/ktfnews.com\/\",\"name\":\"KEEP the FAITH\",\"description\":\"Preparing you for the final conflict between good and evil.\",\"potentialAction\":[{\"@type\":\"SearchAction\",\"target\":{\"@type\":\"EntryPoint\",\"urlTemplate\":\"https:\/\/ktfnews.com\/?s={search_term_string}\"},\"query-input\":\"required name=search_term_string\"}],\"inLanguage\":\"es\"},{\"@type\":\"ImageObject\",\"@id\":\"https:\/\/ktfnews.com\/iran-launches-second-attack-us-air-base-iraq\/#primaryimage\",\"inLanguage\":\"es\",\"url\":\"https:\/\/ktfnews.com\/wp-content\/uploads\/2020\/01\/rocket-launch-693270_1280.jpg\",\"contentUrl\":\"https:\/\/ktfnews.com\/wp-content\/uploads\/2020\/01\/rocket-launch-693270_1280.jpg\",\"width\":1080,\"height\":720},{\"@type\":\"WebPage\",\"@id\":\"https:\/\/ktfnews.com\/iran-launches-second-attack-us-air-base-iraq\/#webpage\",\"url\":\"https:\/\/ktfnews.com\/iran-launches-second-attack-us-air-base-iraq\/\",\"name\":\"[:en]Iran Launches Second Attack on US Air Base in Iraq[:es]Ir\\u00e1n Lanza Segundo Ataque sobre Base Estadounidense en Irak[:] - KEEP the FAITH\",\"isPartOf\":{\"@id\":\"https:\/\/ktfnews.com\/#website\"},\"primaryImageOfPage\":{\"@id\":\"https:\/\/ktfnews.com\/iran-launches-second-attack-us-air-base-iraq\/#primaryimage\"},\"datePublished\":\"2020-01-15T11:00:09+00:00\",\"dateModified\":\"2020-01-14T02:36:59+00:00\",\"author\":{\"@id\":\"https:\/\/ktfnews.com\/#\/schema\/person\/ba4174513d9169cf8e229b7d8d60410d\"},\"breadcrumb\":{\"@id\":\"https:\/\/ktfnews.com\/iran-launches-second-attack-us-air-base-iraq\/#breadcrumb\"},\"inLanguage\":\"es\",\"potentialAction\":[{\"@type\":\"ReadAction\",\"target\":[\"https:\/\/ktfnews.com\/iran-launches-second-attack-us-air-base-iraq\/\"]}]},{\"@type\":\"BreadcrumbList\",\"@id\":\"https:\/\/ktfnews.com\/iran-launches-second-attack-us-air-base-iraq\/#breadcrumb\",\"itemListElement\":[{\"@type\":\"ListItem\",\"position\":1,\"name\":\"Home\",\"item\":\"https:\/\/ktfnews.com\/\"},{\"@type\":\"ListItem\",\"position\":2,\"name\":\"Briefings\",\"item\":\"https:\/\/ktfnews.com\/category\/briefings\/\"},{\"@type\":\"ListItem\",\"position\":3,\"name\":\"Ir\\u00e1n Lanza Segundo Ataque sobre Base Estadounidense en Irak\"}]},{\"@type\":\"Person\",\"@id\":\"https:\/\/ktfnews.com\/#\/schema\/person\/ba4174513d9169cf8e229b7d8d60410d\",\"name\":\"Pastor Hal Mayer\",\"image\":{\"@type\":\"ImageObject\",\"@id\":\"https:\/\/ktfnews.com\/#personlogo\",\"inLanguage\":\"es\",\"url\":\"https:\/\/secure.gravatar.com\/avatar\/051bac95ae650254c5a03467b9456599?s=96&d=mm&r=g\",\"contentUrl\":\"https:\/\/secure.gravatar.com\/avatar\/051bac95ae650254c5a03467b9456599?s=96&d=mm&r=g\",\"caption\":\"Pastor Hal Mayer\"},\"description\":\"Pastor Hal Mayer is speaker and director of Keep the Faith Ministry. For the last 20 years Pastor Mayer\\u2019s monthly prophetic analysis on CD and online has revealed the striking evidence of fulfilling prophecy to many thousands of subscribers all over the world. Pastor Mayer\\u2019s background in history and Bible prophecy give him unique insights and perspectives that have blessed many and helped them make a deeper commitment to the Lord. Keep the Faith Ministry helps those who want to keep abreast of fulfilling prophecy and who want to understand and navigate the unique and difficult circumstances of the end-times. Keep the Faith Ministry helps to prepare you for the second coming of Christ. Pastor Mayer is married to Betsy for more than 40 years. They have no children of their own. \\u201cThe times in which we live are thrilling, because the things prophesied in God\\u2019s word are actually coming to pass in this generation,\\u201d says Pastor Mayer. \\u201cIn a time when the distinctive end-time truths of God\\u2019s word are being censored, and life in this world is becoming more and more chaotic, Keep the Faith is a voice of strength and encouragement.\\u201d\",\"url\":\"https:\/\/ktfnews.com\/es\/author\/hal\/\"}]}<\/script>\n<!-- \/ Yoast SEO plugin. -->","yoast_head_json":{"robots":{"index":"index","follow":"follow","max-snippet":"max-snippet:-1","max-image-preview":"max-image-preview:large","max-video-preview":"max-video-preview:-1"},"canonical":"https:\/\/ktfnews.com\/iran-launches-second-attack-us-air-base-iraq\/","og_locale":"es_ES","og_type":"article","og_title":"[:en]Iran Launches Second Attack on US Air Base in Iraq[:es]Ir\u00e1n Lanza Segundo Ataque sobre Base Estadounidense en Irak[:] - KEEP the FAITH","og_description":"The Mercury News, por Nasser Karimi, Amir Vahdat, y Jon Gambrell: Ir\u00e1n contraatac\u00f3 a Estados Unidos en la madrugada del mi\u00e9rcoles por matar a un alto comandante de la Guardia Revolucionaria, disparando una serie de misiles bal\u00edsticos contra dos bases...","og_url":"https:\/\/ktfnews.com\/iran-launches-second-attack-us-air-base-iraq\/","og_site_name":"KEEP the FAITH","article_publisher":"https:\/\/www.facebook.com\/ktfministry","article_published_time":"2020-01-15T11:00:09+00:00","article_modified_time":"2020-01-14T02:36:59+00:00","og_image":[{"width":1080,"height":720,"url":"https:\/\/ktfnews.com\/wp-content\/uploads\/2020\/01\/rocket-launch-693270_1280.jpg","type":"image\/jpeg"}],"twitter_card":"summary_large_image","twitter_creator":"@ktfministry","twitter_site":"@ktfministry","twitter_misc":{"Escrito por":"Pastor Hal Mayer","Tiempo de lectura":"7 minutos"},"schema":{"@context":"https:\/\/schema.org","@graph":[{"@type":"WebSite","@id":"https:\/\/ktfnews.com\/#website","url":"https:\/\/ktfnews.com\/","name":"KEEP the FAITH","description":"Preparing you for the final conflict between good and evil.","potentialAction":[{"@type":"SearchAction","target":{"@type":"EntryPoint","urlTemplate":"https:\/\/ktfnews.com\/?s={search_term_string}"},"query-input":"required name=search_term_string"}],"inLanguage":"es"},{"@type":"ImageObject","@id":"https:\/\/ktfnews.com\/iran-launches-second-attack-us-air-base-iraq\/#primaryimage","inLanguage":"es","url":"https:\/\/ktfnews.com\/wp-content\/uploads\/2020\/01\/rocket-launch-693270_1280.jpg","contentUrl":"https:\/\/ktfnews.com\/wp-content\/uploads\/2020\/01\/rocket-launch-693270_1280.jpg","width":1080,"height":720},{"@type":"WebPage","@id":"https:\/\/ktfnews.com\/iran-launches-second-attack-us-air-base-iraq\/#webpage","url":"https:\/\/ktfnews.com\/iran-launches-second-attack-us-air-base-iraq\/","name":"[:en]Iran Launches Second Attack on US Air Base in Iraq[:es]Ir\u00e1n Lanza Segundo Ataque sobre Base Estadounidense en Irak[:] - KEEP the FAITH","isPartOf":{"@id":"https:\/\/ktfnews.com\/#website"},"primaryImageOfPage":{"@id":"https:\/\/ktfnews.com\/iran-launches-second-attack-us-air-base-iraq\/#primaryimage"},"datePublished":"2020-01-15T11:00:09+00:00","dateModified":"2020-01-14T02:36:59+00:00","author":{"@id":"https:\/\/ktfnews.com\/#\/schema\/person\/ba4174513d9169cf8e229b7d8d60410d"},"breadcrumb":{"@id":"https:\/\/ktfnews.com\/iran-launches-second-attack-us-air-base-iraq\/#breadcrumb"},"inLanguage":"es","potentialAction":[{"@type":"ReadAction","target":["https:\/\/ktfnews.com\/iran-launches-second-attack-us-air-base-iraq\/"]}]},{"@type":"BreadcrumbList","@id":"https:\/\/ktfnews.com\/iran-launches-second-attack-us-air-base-iraq\/#breadcrumb","itemListElement":[{"@type":"ListItem","position":1,"name":"Home","item":"https:\/\/ktfnews.com\/"},{"@type":"ListItem","position":2,"name":"Briefings","item":"https:\/\/ktfnews.com\/category\/briefings\/"},{"@type":"ListItem","position":3,"name":"Ir\u00e1n Lanza Segundo Ataque sobre Base Estadounidense en Irak"}]},{"@type":"Person","@id":"https:\/\/ktfnews.com\/#\/schema\/person\/ba4174513d9169cf8e229b7d8d60410d","name":"Pastor Hal Mayer","image":{"@type":"ImageObject","@id":"https:\/\/ktfnews.com\/#personlogo","inLanguage":"es","url":"https:\/\/secure.gravatar.com\/avatar\/051bac95ae650254c5a03467b9456599?s=96&d=mm&r=g","contentUrl":"https:\/\/secure.gravatar.com\/avatar\/051bac95ae650254c5a03467b9456599?s=96&d=mm&r=g","caption":"Pastor Hal Mayer"},"description":"Pastor Hal Mayer is speaker and director of Keep the Faith Ministry. For the last 20 years Pastor Mayer\u2019s monthly prophetic analysis on CD and online has revealed the striking evidence of fulfilling prophecy to many thousands of subscribers all over the world. Pastor Mayer\u2019s background in history and Bible prophecy give him unique insights and perspectives that have blessed many and helped them make a deeper commitment to the Lord. Keep the Faith Ministry helps those who want to keep abreast of fulfilling prophecy and who want to understand and navigate the unique and difficult circumstances of the end-times. Keep the Faith Ministry helps to prepare you for the second coming of Christ. Pastor Mayer is married to Betsy for more than 40 years. They have no children of their own. \u201cThe times in which we live are thrilling, because the things prophesied in God\u2019s word are actually coming to pass in this generation,\u201d says Pastor Mayer. \u201cIn a time when the distinctive end-time truths of God\u2019s word are being censored, and life in this world is becoming more and more chaotic, Keep the Faith is a voice of strength and encouragement.\u201d","url":"https:\/\/ktfnews.com\/es\/author\/hal\/"}]}},"_links":{"self":[{"href":"https:\/\/ktfnews.com\/es\/wp-json\/wp\/v2\/posts\/18755"}],"collection":[{"href":"https:\/\/ktfnews.com\/es\/wp-json\/wp\/v2\/posts"}],"about":[{"href":"https:\/\/ktfnews.com\/es\/wp-json\/wp\/v2\/types\/post"}],"author":[{"embeddable":true,"href":"https:\/\/ktfnews.com\/es\/wp-json\/wp\/v2\/users\/6"}],"replies":[{"embeddable":true,"href":"https:\/\/ktfnews.com\/es\/wp-json\/wp\/v2\/comments?post=18755"}],"version-history":[{"count":2,"href":"https:\/\/ktfnews.com\/es\/wp-json\/wp\/v2\/posts\/18755\/revisions"}],"predecessor-version":[{"id":18758,"href":"https:\/\/ktfnews.com\/es\/wp-json\/wp\/v2\/posts\/18755\/revisions\/18758"}],"wp:featuredmedia":[{"embeddable":true,"href":"https:\/\/ktfnews.com\/es\/wp-json\/wp\/v2\/media\/18757"}],"wp:attachment":[{"href":"https:\/\/ktfnews.com\/es\/wp-json\/wp\/v2\/media?parent=18755"}],"wp:term":[{"taxonomy":"category","embeddable":true,"href":"https:\/\/ktfnews.com\/es\/wp-json\/wp\/v2\/categories?post=18755"},{"taxonomy":"post_tag","embeddable":true,"href":"https:\/\/ktfnews.com\/es\/wp-json\/wp\/v2\/tags?post=18755"}],"curies":[{"name":"wp","href":"https:\/\/api.w.org\/{rel}","templated":true}]}}