{"id":18603,"date":"2019-12-30T06:00:48","date_gmt":"2019-12-30T11:00:48","guid":{"rendered":"https:\/\/ktfnews.com\/?p=18603"},"modified":"2019-12-30T01:39:01","modified_gmt":"2019-12-30T06:39:01","slug":"13-year-old-faces-murder-charges","status":"publish","type":"post","link":"https:\/\/ktfnews.com\/es\/13-year-old-faces-murder-charges\/","title":{"rendered":"Joven de 13 A\u00f1os Enfrenta Cargos de Asesinato"},"content":{"rendered":"<p><i>CBS News<\/i>, por Audrey Mcnamara: Un ni\u00f1o de 13 a\u00f1os de edad ser\u00e1 acusado del asesinato de Tessa Majors, una estudiante de primer a\u00f1o de la Universidad Barnard en Manhattan, que muri\u00f3 despu\u00e9s de ser apu\u00f1alada en el Parque Morningside el mi\u00e9rcoles por la noche, seg\u00fan ha sabido CBS News. El ni\u00f1o de 13 a\u00f1os fue sorprendido entrando ilegalmente en un edificio el jueves, usando ropa que coincid\u00eda con la descripci\u00f3n del sospechoso. <\/p>\n<p>Las fuentes dicen que el ni\u00f1o dijo a los investigadores que \u00e9l y dos amigos intentaron robar a Majors y la apu\u00f1alaron. La polic\u00eda est\u00e1 ahora buscando a los otros dos sospechosos.<\/p>\n<p>Majors fue apu\u00f1alada varias veces en el parque Morningside, cerca de la calle West 116, poco antes de las 7 p.m. hora local del mi\u00e9rcoles [11 de diciembre]. Subi\u00f3 tambale\u00e1ndose por una escalera a la calle donde un guardia de seguridad de la escuela la encontr\u00f3 y llam\u00f3 al 911. Cinco personas han reportado haber sido asaltadas en esa misma escalera o cerca de all\u00ed desde junio, informa el New York Times.<\/p>\n<p>En una declaraci\u00f3n del jueves, la Universidad de Columbia dijo, \u00abEl oficial de seguridad p\u00fablica asignado a la calle 116 y Morningside Drive estaba en su puesto anoche cuando la v\u00edctima sali\u00f3 del parque y acudi\u00f3 inmediatamente en su ayuda al reconocer que estaba herida. &#8230; Los oficiales asignados a este lugar no hacen rondas que los hagan abandonar su puesto.\u00bb<\/p>\n<p>La polic\u00eda que lleg\u00f3 al lugar la encontr\u00f3 inconsciente y el servicio de emergencia la transport\u00f3 al hospital Mount Sinai St. Luke&#8217;s, donde fue declarada muerta, seg\u00fan la polic\u00eda de Nueva York.<\/p>\n<p>El parque es una v\u00eda popular para muchos estudiantes universitarios que viven cerca o en los alrededores de la Universidad de Columbia y del Barnard College. De acuerdo con las estad\u00edsticas de la NYPD, el crimen ha aumentado en el parque, y la tasa de asesinatos de la ciudad tambi\u00e9n ha aumentado un 8%. <\/p>\n<p>En abril la polic\u00eda dijo que un grupo de adolescentes de 12 a 15 a\u00f1os de edad atac\u00f3 a tres mujeres en tres ocasiones distintas en el barrio Morningside Heights, cerca del parque, seg\u00fan informa CBS New York.<\/p>\n<p>El crimen en el Parque Morningside fue tan desenfrenado en los a\u00f1os 60 y 70 que el New York Daily News inform\u00f3 que los locales se refer\u00edan a \u00e9l como \u00abParque Muggingside\u00bb. Pero para el a\u00f1o 2001, el New York Times declar\u00f3 que la \u00abpesadilla\u00bb de Morningside hab\u00eda terminado, escribiendo, \u00ablos ni\u00f1os est\u00e1n en los patios de recreo&#8230; y los estudiantes de Columbia rutinariamente se instalan bajo los \u00e1rboles para leer.\u00bb  <\/p>\n<p>Al preguntarle el corresponsal de CBS News, Errol Barnett, por qu\u00e9 la tasa de asesinatos es m\u00e1s alta este a\u00f1o en comparaci\u00f3n con el a\u00f1o pasado, el alcalde de la ciudad de Nueva York, Bill de Blasio, dijo: \u00abMiren, es una pregunta que nos hacemos estrat\u00e9gicamente, no s\u00f3lo eso sino que lo sentimos emocionalmente. Cada uno de nosotros recibe los mismos informes cada ma\u00f1ana y no son s\u00f3lo n\u00fameros para nosotros, son vidas humanas.\u00bb<\/p>\n<p>El alcalde dijo que no puede se\u00f1alar una sola raz\u00f3n para el aumento, pero en general, los delitos graves han disminuido en la ciudad de Nueva York.<\/p>\n<p>\u00abLa idea de que un estudiante de primer a\u00f1o de la universidad en Barnard haya sido asesinado a sangre fr\u00eda no s\u00f3lo es absolutamente doloroso para m\u00ed como padre, sino que es aterrador que eso pueda suceder en cualquier lugar\u00bb, dijo de Blasio.<\/p>\n<p>Conexi\u00f3n Prof\u00e9tica:<br \/>\n\u201cTambi\u00e9n debes saber esto: que en los postreros d\u00edas vendr\u00e1n tiempos peligrosos. Porque habr\u00e1 hombres amadores de s\u00ed mismos, avaros, vanagloriosos, soberbios, blasfemos, desobedientes a los padres, ingratos, imp\u00edos, sin afecto natural, implacables, calumniadores, intemperantes, crueles, aborrecedores de lo bueno,\u201d 2\u00aa Timoteo 3:1-3.<\/p>\n<hr>\n<h3>Source References<\/h3>\n<ul>\n<li>\n<h5><a href=\"https:\/\/www.cbsnews.com\/news\/tessa-majors-murder-thirteen-year-old-charges-stabbing-of-barnard-freshman-today-2019-12-13\/\" target=\"_blank\">13-year-old boy faces murder charges in death of Barnard College student<\/a><\/h5>\n<\/li>\n<\/ul>\n<p><\/p>\n<!-- AddThis Advanced Settings generic via filter on the_content -->","protected":false},"excerpt":{"rendered":"<p>CBS News, por Audrey Mcnamara: Un ni\u00f1o de 13 a\u00f1os de edad ser\u00e1 acusado del asesinato de Tessa Majors, una estudiante de primer a\u00f1o de la Universidad Barnard en Manhattan, que muri\u00f3 despu\u00e9s de ser apu\u00f1alada en el Parque Morningside&#8230;<!-- AddThis Advanced Settings generic via filter on wp_trim_excerpt --><\/p>\n","protected":false},"author":6,"featured_media":18605,"comment_status":"open","ping_status":"open","sticky":false,"template":"","format":"standard","meta":{"episode_type":"","audio_file":"","duration":"","filesize":"","date_recorded":"","explicit":"","block":"","filesize_raw":"","_FSMCFIC_featured_image_caption":"Image: Liset Verhaar on Unsplash.com","_FSMCFIC_featured_image_nocaption":null,"_FSMCFIC_featured_image_hide":null,"_links_to":"","_links_to_target":""},"categories":[722,32],"tags":[1725,62,2460,2338,706],"featured_image_urls":{"thumbnail":"https:\/\/ktfnews.com\/wp-content\/uploads\/2019\/12\/liset-verhaar-s1yrkAQVFFM-unsplash-150x150.jpg","medium":"https:\/\/ktfnews.com\/wp-content\/uploads\/2019\/12\/liset-verhaar-s1yrkAQVFFM-unsplash-300x167.jpg","medium_large":"https:\/\/ktfnews.com\/wp-content\/uploads\/2019\/12\/liset-verhaar-s1yrkAQVFFM-unsplash-768x429.jpg","large":"https:\/\/ktfnews.com\/wp-content\/uploads\/2019\/12\/liset-verhaar-s1yrkAQVFFM-unsplash-1024x572.jpg","team-small":"https:\/\/ktfnews.com\/wp-content\/uploads\/2019\/12\/liset-verhaar-s1yrkAQVFFM-unsplash-138x162.jpg","team-overview":"https:\/\/ktfnews.com\/wp-content\/uploads\/2019\/12\/liset-verhaar-s1yrkAQVFFM-unsplash-200x279.jpg","team-big":"https:\/\/ktfnews.com\/wp-content\/uploads\/2019\/12\/liset-verhaar-s1yrkAQVFFM-unsplash-540x270.jpg","two-columns":"https:\/\/ktfnews.com\/wp-content\/uploads\/2019\/12\/liset-verhaar-s1yrkAQVFFM-unsplash-379x242.jpg","one-column":"https:\/\/ktfnews.com\/wp-content\/uploads\/2019\/12\/liset-verhaar-s1yrkAQVFFM-unsplash-379x242.jpg","mini-square":"https:\/\/ktfnews.com\/wp-content\/uploads\/2019\/12\/liset-verhaar-s1yrkAQVFFM-unsplash-70x70.jpg","portfolio-widget-mainpage":"https:\/\/ktfnews.com\/wp-content\/uploads\/2019\/12\/liset-verhaar-s1yrkAQVFFM-unsplash-335x195.jpg","portfolio-single-ajax":"https:\/\/ktfnews.com\/wp-content\/uploads\/2019\/12\/liset-verhaar-s1yrkAQVFFM-unsplash-670x280.jpg","portfolio-single-big":"https:\/\/ktfnews.com\/wp-content\/uploads\/2019\/12\/liset-verhaar-s1yrkAQVFFM-unsplash-685x480.jpg","portfolio-single-small":"https:\/\/ktfnews.com\/wp-content\/uploads\/2019\/12\/liset-verhaar-s1yrkAQVFFM-unsplash-685x280.jpg","portfolio-single-full-big":"https:\/\/ktfnews.com\/wp-content\/uploads\/2019\/12\/liset-verhaar-s1yrkAQVFFM-unsplash-960x590.jpg","portfolio-single-full-small":"https:\/\/ktfnews.com\/wp-content\/uploads\/2019\/12\/liset-verhaar-s1yrkAQVFFM-unsplash-960x250.jpg","gallery-post":"https:\/\/ktfnews.com\/wp-content\/uploads\/2019\/12\/liset-verhaar-s1yrkAQVFFM-unsplash-182x126.jpg","gallery-post-smaller":"https:\/\/ktfnews.com\/wp-content\/uploads\/2019\/12\/liset-verhaar-s1yrkAQVFFM-unsplash-158x100.jpg","gallery-standard":"https:\/\/ktfnews.com\/wp-content\/uploads\/2019\/12\/liset-verhaar-s1yrkAQVFFM-unsplash-257x169.jpg","tooltip-preview":"https:\/\/ktfnews.com\/wp-content\/uploads\/2019\/12\/liset-verhaar-s1yrkAQVFFM-unsplash-227x133.jpg","widget-content-slider":"https:\/\/ktfnews.com\/wp-content\/uploads\/2019\/12\/liset-verhaar-s1yrkAQVFFM-unsplash-230x137.jpg","post-top-articles":"https:\/\/ktfnews.com\/wp-content\/uploads\/2019\/12\/liset-verhaar-s1yrkAQVFFM-unsplash-130x100.jpg","post-single-wide":"https:\/\/ktfnews.com\/wp-content\/uploads\/2019\/12\/liset-verhaar-s1yrkAQVFFM-unsplash-595x360.jpg","post-single-wide-nocrop":"https:\/\/ktfnews.com\/wp-content\/uploads\/2019\/12\/liset-verhaar-s1yrkAQVFFM-unsplash-595x332.jpg","post-single-wide-mobile":"https:\/\/ktfnews.com\/wp-content\/uploads\/2019\/12\/liset-verhaar-s1yrkAQVFFM-unsplash-320x190.jpg","post-single-wide-small":"https:\/\/ktfnews.com\/wp-content\/uploads\/2019\/12\/liset-verhaar-s1yrkAQVFFM-unsplash-595x190.jpg","post-single-square":"https:\/\/ktfnews.com\/wp-content\/uploads\/2019\/12\/liset-verhaar-s1yrkAQVFFM-unsplash-120x120.jpg","post-single-full-small":"https:\/\/ktfnews.com\/wp-content\/uploads\/2019\/12\/liset-verhaar-s1yrkAQVFFM-unsplash-950x360.jpg","post-single-full-big":"https:\/\/ktfnews.com\/wp-content\/uploads\/2019\/12\/liset-verhaar-s1yrkAQVFFM-unsplash-950x590.jpg","photo-blog":"https:\/\/ktfnews.com\/wp-content\/uploads\/2019\/12\/liset-verhaar-s1yrkAQVFFM-unsplash-768x429.jpg"},"appp_media":null,"yoast_head":"<!-- This site is optimized with the Yoast SEO plugin v17.3 - https:\/\/yoast.com\/wordpress\/plugins\/seo\/ -->\n<meta name=\"robots\" content=\"index, follow, max-snippet:-1, max-image-preview:large, max-video-preview:-1\" \/>\n<link rel=\"canonical\" href=\"https:\/\/ktfnews.com\/13-year-old-faces-murder-charges\/\" \/>\n<meta property=\"og:locale\" content=\"es_ES\" \/>\n<meta property=\"og:type\" content=\"article\" \/>\n<meta property=\"og:title\" content=\"[:en]13-Year-Old Faces Murder Charges[:es]Joven de 13 A\u00f1os Enfrenta Cargos de Asesinato[:] - KEEP the FAITH\" \/>\n<meta property=\"og:description\" content=\"CBS News, por Audrey Mcnamara: Un ni\u00f1o de 13 a\u00f1os de edad ser\u00e1 acusado del asesinato de Tessa Majors, una estudiante de primer a\u00f1o de la Universidad Barnard en Manhattan, que muri\u00f3 despu\u00e9s de ser apu\u00f1alada en el Parque Morningside...\" \/>\n<meta property=\"og:url\" content=\"https:\/\/ktfnews.com\/13-year-old-faces-murder-charges\/\" \/>\n<meta property=\"og:site_name\" content=\"KEEP the FAITH\" \/>\n<meta property=\"article:publisher\" content=\"https:\/\/www.facebook.com\/ktfministry\" \/>\n<meta property=\"article:published_time\" content=\"2019-12-30T11:00:48+00:00\" \/>\n<meta property=\"article:modified_time\" content=\"2019-12-30T06:39:01+00:00\" \/>\n<meta property=\"og:image\" content=\"https:\/\/ktfnews.com\/wp-content\/uploads\/2019\/12\/liset-verhaar-s1yrkAQVFFM-unsplash.jpg\" \/>\n\t<meta property=\"og:image:width\" content=\"1152\" \/>\n\t<meta property=\"og:image:height\" content=\"643\" \/>\n<meta name=\"twitter:card\" content=\"summary_large_image\" \/>\n<meta name=\"twitter:creator\" content=\"@ktfministry\" \/>\n<meta name=\"twitter:site\" content=\"@ktfministry\" \/>\n<meta name=\"twitter:label1\" content=\"Escrito por\" \/>\n\t<meta name=\"twitter:data1\" content=\"Pastor Hal Mayer\" \/>\n\t<meta name=\"twitter:label2\" content=\"Tiempo de lectura\" \/>\n\t<meta name=\"twitter:data2\" content=\"6 minutos\" \/>\n<script type=\"application\/ld+json\" class=\"yoast-schema-graph\">{\"@context\":\"https:\/\/schema.org\",\"@graph\":[{\"@type\":\"WebSite\",\"@id\":\"https:\/\/ktfnews.com\/#website\",\"url\":\"https:\/\/ktfnews.com\/\",\"name\":\"KEEP the FAITH\",\"description\":\"Preparing you for the final conflict between good and evil.\",\"potentialAction\":[{\"@type\":\"SearchAction\",\"target\":{\"@type\":\"EntryPoint\",\"urlTemplate\":\"https:\/\/ktfnews.com\/?s={search_term_string}\"},\"query-input\":\"required name=search_term_string\"}],\"inLanguage\":\"es\"},{\"@type\":\"ImageObject\",\"@id\":\"https:\/\/ktfnews.com\/13-year-old-faces-murder-charges\/#primaryimage\",\"inLanguage\":\"es\",\"url\":\"https:\/\/ktfnews.com\/wp-content\/uploads\/2019\/12\/liset-verhaar-s1yrkAQVFFM-unsplash.jpg\",\"contentUrl\":\"https:\/\/ktfnews.com\/wp-content\/uploads\/2019\/12\/liset-verhaar-s1yrkAQVFFM-unsplash.jpg\",\"width\":1152,\"height\":643},{\"@type\":\"WebPage\",\"@id\":\"https:\/\/ktfnews.com\/13-year-old-faces-murder-charges\/#webpage\",\"url\":\"https:\/\/ktfnews.com\/13-year-old-faces-murder-charges\/\",\"name\":\"[:en]13-Year-Old Faces Murder Charges[:es]Joven de 13 A\\u00f1os Enfrenta Cargos de Asesinato[:] - KEEP the FAITH\",\"isPartOf\":{\"@id\":\"https:\/\/ktfnews.com\/#website\"},\"primaryImageOfPage\":{\"@id\":\"https:\/\/ktfnews.com\/13-year-old-faces-murder-charges\/#primaryimage\"},\"datePublished\":\"2019-12-30T11:00:48+00:00\",\"dateModified\":\"2019-12-30T06:39:01+00:00\",\"author\":{\"@id\":\"https:\/\/ktfnews.com\/#\/schema\/person\/ba4174513d9169cf8e229b7d8d60410d\"},\"breadcrumb\":{\"@id\":\"https:\/\/ktfnews.com\/13-year-old-faces-murder-charges\/#breadcrumb\"},\"inLanguage\":\"es\",\"potentialAction\":[{\"@type\":\"ReadAction\",\"target\":[\"https:\/\/ktfnews.com\/13-year-old-faces-murder-charges\/\"]}]},{\"@type\":\"BreadcrumbList\",\"@id\":\"https:\/\/ktfnews.com\/13-year-old-faces-murder-charges\/#breadcrumb\",\"itemListElement\":[{\"@type\":\"ListItem\",\"position\":1,\"name\":\"Home\",\"item\":\"https:\/\/ktfnews.com\/\"},{\"@type\":\"ListItem\",\"position\":2,\"name\":\"Briefings\",\"item\":\"https:\/\/ktfnews.com\/category\/briefings\/\"},{\"@type\":\"ListItem\",\"position\":3,\"name\":\"13-Year-Old Faces Murder Charges\"}]},{\"@type\":\"Person\",\"@id\":\"https:\/\/ktfnews.com\/#\/schema\/person\/ba4174513d9169cf8e229b7d8d60410d\",\"name\":\"Pastor Hal Mayer\",\"image\":{\"@type\":\"ImageObject\",\"@id\":\"https:\/\/ktfnews.com\/#personlogo\",\"inLanguage\":\"es\",\"url\":\"https:\/\/secure.gravatar.com\/avatar\/051bac95ae650254c5a03467b9456599?s=96&d=mm&r=g\",\"contentUrl\":\"https:\/\/secure.gravatar.com\/avatar\/051bac95ae650254c5a03467b9456599?s=96&d=mm&r=g\",\"caption\":\"Pastor Hal Mayer\"},\"description\":\"Pastor Hal Mayer is speaker and director of Keep the Faith Ministry. For the last 20 years Pastor Mayer\\u2019s monthly prophetic analysis on CD and online has revealed the striking evidence of fulfilling prophecy to many thousands of subscribers all over the world. Pastor Mayer\\u2019s background in history and Bible prophecy give him unique insights and perspectives that have blessed many and helped them make a deeper commitment to the Lord. Keep the Faith Ministry helps those who want to keep abreast of fulfilling prophecy and who want to understand and navigate the unique and difficult circumstances of the end-times. Keep the Faith Ministry helps to prepare you for the second coming of Christ. Pastor Mayer is married to Betsy for more than 40 years. They have no children of their own. \\u201cThe times in which we live are thrilling, because the things prophesied in God\\u2019s word are actually coming to pass in this generation,\\u201d says Pastor Mayer. \\u201cIn a time when the distinctive end-time truths of God\\u2019s word are being censored, and life in this world is becoming more and more chaotic, Keep the Faith is a voice of strength and encouragement.\\u201d\",\"url\":\"https:\/\/ktfnews.com\/es\/author\/hal\/\"}]}<\/script>\n<!-- \/ Yoast SEO plugin. -->","yoast_head_json":{"robots":{"index":"index","follow":"follow","max-snippet":"max-snippet:-1","max-image-preview":"max-image-preview:large","max-video-preview":"max-video-preview:-1"},"canonical":"https:\/\/ktfnews.com\/13-year-old-faces-murder-charges\/","og_locale":"es_ES","og_type":"article","og_title":"[:en]13-Year-Old Faces Murder Charges[:es]Joven de 13 A\u00f1os Enfrenta Cargos de Asesinato[:] - KEEP the FAITH","og_description":"CBS News, por Audrey Mcnamara: Un ni\u00f1o de 13 a\u00f1os de edad ser\u00e1 acusado del asesinato de Tessa Majors, una estudiante de primer a\u00f1o de la Universidad Barnard en Manhattan, que muri\u00f3 despu\u00e9s de ser apu\u00f1alada en el Parque Morningside...","og_url":"https:\/\/ktfnews.com\/13-year-old-faces-murder-charges\/","og_site_name":"KEEP the FAITH","article_publisher":"https:\/\/www.facebook.com\/ktfministry","article_published_time":"2019-12-30T11:00:48+00:00","article_modified_time":"2019-12-30T06:39:01+00:00","og_image":[{"width":1152,"height":643,"url":"https:\/\/ktfnews.com\/wp-content\/uploads\/2019\/12\/liset-verhaar-s1yrkAQVFFM-unsplash.jpg","type":"image\/jpeg"}],"twitter_card":"summary_large_image","twitter_creator":"@ktfministry","twitter_site":"@ktfministry","twitter_misc":{"Escrito por":"Pastor Hal Mayer","Tiempo de lectura":"6 minutos"},"schema":{"@context":"https:\/\/schema.org","@graph":[{"@type":"WebSite","@id":"https:\/\/ktfnews.com\/#website","url":"https:\/\/ktfnews.com\/","name":"KEEP the FAITH","description":"Preparing you for the final conflict between good and evil.","potentialAction":[{"@type":"SearchAction","target":{"@type":"EntryPoint","urlTemplate":"https:\/\/ktfnews.com\/?s={search_term_string}"},"query-input":"required name=search_term_string"}],"inLanguage":"es"},{"@type":"ImageObject","@id":"https:\/\/ktfnews.com\/13-year-old-faces-murder-charges\/#primaryimage","inLanguage":"es","url":"https:\/\/ktfnews.com\/wp-content\/uploads\/2019\/12\/liset-verhaar-s1yrkAQVFFM-unsplash.jpg","contentUrl":"https:\/\/ktfnews.com\/wp-content\/uploads\/2019\/12\/liset-verhaar-s1yrkAQVFFM-unsplash.jpg","width":1152,"height":643},{"@type":"WebPage","@id":"https:\/\/ktfnews.com\/13-year-old-faces-murder-charges\/#webpage","url":"https:\/\/ktfnews.com\/13-year-old-faces-murder-charges\/","name":"[:en]13-Year-Old Faces Murder Charges[:es]Joven de 13 A\u00f1os Enfrenta Cargos de Asesinato[:] - KEEP the FAITH","isPartOf":{"@id":"https:\/\/ktfnews.com\/#website"},"primaryImageOfPage":{"@id":"https:\/\/ktfnews.com\/13-year-old-faces-murder-charges\/#primaryimage"},"datePublished":"2019-12-30T11:00:48+00:00","dateModified":"2019-12-30T06:39:01+00:00","author":{"@id":"https:\/\/ktfnews.com\/#\/schema\/person\/ba4174513d9169cf8e229b7d8d60410d"},"breadcrumb":{"@id":"https:\/\/ktfnews.com\/13-year-old-faces-murder-charges\/#breadcrumb"},"inLanguage":"es","potentialAction":[{"@type":"ReadAction","target":["https:\/\/ktfnews.com\/13-year-old-faces-murder-charges\/"]}]},{"@type":"BreadcrumbList","@id":"https:\/\/ktfnews.com\/13-year-old-faces-murder-charges\/#breadcrumb","itemListElement":[{"@type":"ListItem","position":1,"name":"Home","item":"https:\/\/ktfnews.com\/"},{"@type":"ListItem","position":2,"name":"Briefings","item":"https:\/\/ktfnews.com\/category\/briefings\/"},{"@type":"ListItem","position":3,"name":"13-Year-Old Faces Murder Charges"}]},{"@type":"Person","@id":"https:\/\/ktfnews.com\/#\/schema\/person\/ba4174513d9169cf8e229b7d8d60410d","name":"Pastor Hal Mayer","image":{"@type":"ImageObject","@id":"https:\/\/ktfnews.com\/#personlogo","inLanguage":"es","url":"https:\/\/secure.gravatar.com\/avatar\/051bac95ae650254c5a03467b9456599?s=96&d=mm&r=g","contentUrl":"https:\/\/secure.gravatar.com\/avatar\/051bac95ae650254c5a03467b9456599?s=96&d=mm&r=g","caption":"Pastor Hal Mayer"},"description":"Pastor Hal Mayer is speaker and director of Keep the Faith Ministry. For the last 20 years Pastor Mayer\u2019s monthly prophetic analysis on CD and online has revealed the striking evidence of fulfilling prophecy to many thousands of subscribers all over the world. Pastor Mayer\u2019s background in history and Bible prophecy give him unique insights and perspectives that have blessed many and helped them make a deeper commitment to the Lord. Keep the Faith Ministry helps those who want to keep abreast of fulfilling prophecy and who want to understand and navigate the unique and difficult circumstances of the end-times. Keep the Faith Ministry helps to prepare you for the second coming of Christ. Pastor Mayer is married to Betsy for more than 40 years. They have no children of their own. \u201cThe times in which we live are thrilling, because the things prophesied in God\u2019s word are actually coming to pass in this generation,\u201d says Pastor Mayer. \u201cIn a time when the distinctive end-time truths of God\u2019s word are being censored, and life in this world is becoming more and more chaotic, Keep the Faith is a voice of strength and encouragement.\u201d","url":"https:\/\/ktfnews.com\/es\/author\/hal\/"}]}},"_links":{"self":[{"href":"https:\/\/ktfnews.com\/es\/wp-json\/wp\/v2\/posts\/18603"}],"collection":[{"href":"https:\/\/ktfnews.com\/es\/wp-json\/wp\/v2\/posts"}],"about":[{"href":"https:\/\/ktfnews.com\/es\/wp-json\/wp\/v2\/types\/post"}],"author":[{"embeddable":true,"href":"https:\/\/ktfnews.com\/es\/wp-json\/wp\/v2\/users\/6"}],"replies":[{"embeddable":true,"href":"https:\/\/ktfnews.com\/es\/wp-json\/wp\/v2\/comments?post=18603"}],"version-history":[{"count":2,"href":"https:\/\/ktfnews.com\/es\/wp-json\/wp\/v2\/posts\/18603\/revisions"}],"predecessor-version":[{"id":18616,"href":"https:\/\/ktfnews.com\/es\/wp-json\/wp\/v2\/posts\/18603\/revisions\/18616"}],"wp:featuredmedia":[{"embeddable":true,"href":"https:\/\/ktfnews.com\/es\/wp-json\/wp\/v2\/media\/18605"}],"wp:attachment":[{"href":"https:\/\/ktfnews.com\/es\/wp-json\/wp\/v2\/media?parent=18603"}],"wp:term":[{"taxonomy":"category","embeddable":true,"href":"https:\/\/ktfnews.com\/es\/wp-json\/wp\/v2\/categories?post=18603"},{"taxonomy":"post_tag","embeddable":true,"href":"https:\/\/ktfnews.com\/es\/wp-json\/wp\/v2\/tags?post=18603"}],"curies":[{"name":"wp","href":"https:\/\/api.w.org\/{rel}","templated":true}]}}