{"id":18404,"date":"2019-12-02T06:00:25","date_gmt":"2019-12-02T11:00:25","guid":{"rendered":"https:\/\/ktfnews.com\/?p=18404"},"modified":"2019-12-01T17:09:45","modified_gmt":"2019-12-01T22:09:45","slug":"brink-mass-extinction","status":"publish","type":"post","link":"https:\/\/ktfnews.com\/es\/brink-mass-extinction\/","title":{"rendered":"\u00bfEstamos al Borde de una Extinci\u00f3n Masiva?"},"content":{"rendered":"<p><i>The Age<\/i>, por Liam Mannix: En los \u00faltimos meses se ha hecho una afirmaci\u00f3n alarmante sobre el futuro de nuestra tierra: que en el mejor de los casos, nos enfrentamos al colapso de la civilizaci\u00f3n, o en el peor caso, a una extinci\u00f3n masiva.<\/p>\n<p>Los reclamos han sido destacados por el movimiento de protesta ambiental Extinction Rebellion y por la activista de la crisis clim\u00e1tica Greta Thunberg.<br \/>\nLa Srta. Thunberg ha advertido del \u00abfin de nuestra civilizaci\u00f3n tal como la conocemos\u00bb. Un portavoz de la rebeli\u00f3n dijo al peri\u00f3dico The Age: \u00abEstamos arriesgando el colapso de la civilizaci\u00f3n humana y la muerte de miles de millones de personas.\u00bb<\/p>\n<p>\u00bfQu\u00e9 quieren decir? \u00bfY tienen raz\u00f3n? <\/p>\n<p>\u00bfQu\u00e9 hay detr\u00e1s de la alarma?<\/p>\n<p>Los manifestantes advierten de dos amenazas distintas pero relacionadas: la extinci\u00f3n del Holoceno y el calentamiento global. . . .<\/p>\n<p>La extinci\u00f3n del Holoceno, tambi\u00e9n conocida como la sexta extinci\u00f3n masiva, se refiere a los temores de que la actividad humana est\u00e1 llevando a un gran n\u00famero de plantas y animales al borde de la extinci\u00f3n. . . .<\/p>\n<p>Esta ser\u00eda la primera extinci\u00f3n masiva causada por la actividad humana, como la contaminaci\u00f3n y el desmonte.<\/p>\n<p>La extinci\u00f3n del Holoceno est\u00e1 relacionada con, pero es distinta de, la amenaza que representa el calentamiento global.<\/p>\n<p>Los cient\u00edficos est\u00e1n de acuerdo en que si las emisiones mundiales siguen creciendo a su ritmo actual, estamos en camino de lograr un calentamiento de entre 3 y 5 grados para fines de siglo.<\/p>\n<p>Los gobiernos mundiales se comprometieron a mantener el calentamiento a 2 grados, pero las promesas por s\u00ed solas no han detenido el aumento de las emisiones de gases efecto invernadero a niveles sin precedentes, impulsadas en gran medida por la industrializaci\u00f3n de China y la India.<\/p>\n<p>El calentamiento global tambi\u00e9n tiene sus propios efectos preocupantes.<\/p>\n<p>Entonces, \u00bfse avecina una gran extinci\u00f3n?<\/p>\n<p>Para plantas y animales, s\u00ed.<\/p>\n<p>Alrededor del 25 por ciento de las especies terrestres y el 40 por ciento de los anfibios est\u00e1n ahora amenazados de extinci\u00f3n, seg\u00fan una s\u00edntesis de la ONU de 2019. Algunos cient\u00edficos han estimado que entre 24 y 150 especies se extinguen cada d\u00eda.<\/p>\n<p>Una de cada 10 especies restantes ya est\u00e1 \u00abcomprometida con la extinci\u00f3n\u00bb, lo que significa que si no se toman medidas para restaurar sus h\u00e1bitats, desaparecer\u00e1n muchas de ellas dentro de d\u00e9cadas. La mayor parte del da\u00f1o ha sido causado por el desmonte, la tala, la caza, la pesca y otras actividades humanas. Las acciones humanas han provocado la extinci\u00f3n de al menos 680 especies de vertebrados desde el a\u00f1o 1500.<\/p>\n<p>A diferencia de los humanos, los animales y las plantas no pueden adaptarse a un medio ambiente que cambia r\u00e1pidamente; los cient\u00edficos esperan que el calentamiento global ejerza cada vez m\u00e1s presi\u00f3n sobre las especies amenazadas, sum\u00e1ndose a las presiones existentes de la actividad humana y empuj\u00e1ndolas a\u00fan m\u00e1s hacia la extinci\u00f3n.<\/p>\n<p>\u00bfQu\u00e9 hay de nosotros? \u00bfSe extinguir\u00e1n los humanos?<\/p>\n<p>Cuando la Srta. Thunberg y Extinction Rebellion hablan del colapso de la civilizaci\u00f3n, se refieren a los riesgos que plantea el calentamiento global.<\/p>\n<p>\u00bfSignificar\u00e1 el calentamiento global el fin de la raza humana?<\/p>\n<p>\u00abLa gente encontrar\u00e1 refugio\u00bb, dice el profesor Steven Sherwood, subdirector del Centro de Investigaci\u00f3n sobre el Cambio Clim\u00e1tico de la Universidad de Nueva Gales del Sur.<\/p>\n<p>\u00abPero, \u00bfprovocar\u00e1 la ca\u00edda de la civilizaci\u00f3n? Eso es complicado.\u00bb<\/p>\n<p>Hay buenas pruebas de que el calentamiento global previsto de 3 a 5 grados provocar\u00e1 la muerte de muchos millones de personas que viven en la pobreza.<\/p>\n<p>Se quedar\u00e1n sin agua, se morir\u00e1n de hambre o morir\u00e1n en ciclones, inundaciones, incendios forestales y mareas de tempestad m\u00e1s frecuentes.<\/p>\n<p>Pero los humanos no morir\u00e1n. Con suficiente dinero, somos extremadamente adaptables. Las plantas de aire acondicionado y desalinizaci\u00f3n permitir\u00e1n a los habitantes de las sociedades m\u00e1s ricas vivir en lugares extremadamente calurosos y secos. Los ricos pueden construir diques, mudarse a lugares m\u00e1s fr\u00edos y pagar m\u00e1s por la comida, que se volver\u00e1 mucho m\u00e1s cara.<\/p>\n<p>Pero, incluso para ellos, la vida ser\u00e1 diferente.<\/p>\n<p>\u00abSi uno se da cuenta de que tiene 60 d\u00edas al a\u00f1o en los que est\u00e1 por encima de los 40 grados [cent\u00edgrados], cambiar\u00e1 muchos aspectos de nuestras vidas\u00bb, dice el profesor Brendan Mackey, director del Programa de Respuesta al Cambio Clim\u00e1tico de la Universidad de Griffith.<\/p>\n<p>Los pobres no podr\u00e1n darse el lujo de adaptarse.<\/p>\n<p>Se prev\u00e9 que el rendimiento de los cultivos caiga un 60 por ciento en Oriente Medio y \u00c1frica del Norte, exponiendo a cientos de millones de personas a la inanici\u00f3n, seg\u00fan el Banco Mundial (lo que podr\u00eda contrarrestarse con un aumento de la productividad agr\u00edcola). Los cultivos que crecen se volver\u00edan menos nutritivos. El n\u00famero de peces disponibles en las principales pescader\u00edas podr\u00eda disminuir hasta en un 50 por ciento.<\/p>\n<p>Grandes partes de Bangladesh, donde viven 164 millones de personas, se ver\u00e1n inundadas por el nivel del mar, que aumentar\u00e1 en casi un metro. Es posible, aunque no es seguro, que las capas de hielo de la Ant\u00e1rtida y Groenlandia se derritan (el \u00c1rtico se derretir\u00e1 definitivamente), elevando a\u00fan m\u00e1s el nivel del mar.<\/p>\n<p>El calentamiento global aumentar\u00e1 el n\u00famero de sequ\u00edas que el mundo ver\u00e1 e incluso la posibilidad de que estallen conflictos por los suministros de agua restantes.<\/p>\n<p>El agua potable disponible en el ya reseco norte de \u00c1frica y Oriente Medio podr\u00eda disminuir en m\u00e1s de un 45 por ciento, predice el Banco Mundial.<\/p>\n<p>El calentamiento global ya est\u00e1 causando m\u00e1s olas de calor mortales, d\u00edas y noches m\u00e1s calurosos, m\u00e1s inundaciones, m\u00e1s marejadas de tormenta, m\u00e1s ciclones y m\u00e1s incendios forestales. Tambi\u00e9n habr\u00e1 m\u00e1s pandemias, en la medida en que el calor aumente la propagaci\u00f3n de pulgas, garrapatas y mosquitos, todos ellos portadores de enfermedades.<\/p>\n<p>La frecuencia de estos eventos continuar\u00e1 aumentando a medida que el mundo se calienta\u2026 <\/p>\n<p>Nuestro Comentario:<br \/>\nLos cient\u00edficos y los activistas ambientales est\u00e1n anticipando un aumento en los eventos catastr\u00f3ficos, aunque la causa puede no ser lo que ellos creen que es. La tierra est\u00e1 gimiendo debido a los efectos del pecado y las obras de Satan\u00e1s en estos \u00faltimos d\u00edas. <\/p>\n<p>Conexi\u00f3n Prof\u00e9tica:<br \/>\n\u201cSatan\u00e1s producir\u00e1 enfermedades y desastres al punto que ciudades populosas sean reducidas a ruinas y desolaci\u00f3n. Ahora mismo est\u00e1 obrando. Ejerce su poder en todos los lugares y bajo mil formas: en las desgracias y calamidades de mar y tierra, en las grandes conflagraciones, en los tremendos huracanes y en las terribles tempestades de granizo, en las inundaciones, en los ciclones, en las mareas extraordinarias y en los terremotos. Destruye las mieses casi maduras y a ello siguen la hambruna y la angustia; propaga por el aire emanaciones mef\u00edticas y miles de seres perecen en la pestilencia. Estas plagas ir\u00e1n menudeando m\u00e1s y m\u00e1s y se har\u00e1n m\u00e1s y m\u00e1s desastrosas. La destrucci\u00f3n caer\u00e1 sobre hombres y animales. \u00abLa tierra se pone de luto y se marchita,\u00bb \u00abdesfallece la gente encumbrada de la tierra. La tierra tambi\u00e9n es profanada bajo sus habitantes; porque traspasaron la ley, cambiaron el estatuto, y quebrantaron el pacto eterno.\u00bb (Isa\u00edas 24: 4, 5, V.M.) <i>El Conflicto de los Siglos<\/i>, p\u00e1g. 647.<\/p>\n<hr>\n<h3>Source References<\/h3>\n<ul>\n<li>\n<h5><a href=\"https:\/\/www.theage.com.au\/national\/the-end-of-the-world-as-we-know-it-are-we-on-the-brink-of-a-mass-extinction-20191015-p530vy.html\" target=\"_blank\">The end of the world as we know it: are we on the brink of a mass extinction?<\/a><\/h5>\n<\/li>\n<\/ul>\n<p><\/p>\n<!-- AddThis Advanced Settings generic via filter on the_content -->","protected":false},"excerpt":{"rendered":"<p>The Age, por Liam Mannix: En los \u00faltimos meses se ha hecho una afirmaci\u00f3n alarmante sobre el futuro de nuestra tierra: que en el mejor de los casos, nos enfrentamos al colapso de la civilizaci\u00f3n, o en el peor caso,&#8230;<!-- AddThis Advanced Settings generic via filter on wp_trim_excerpt --><\/p>\n","protected":false},"author":6,"featured_media":18406,"comment_status":"open","ping_status":"open","sticky":false,"template":"","format":"standard","meta":{"episode_type":"","audio_file":"","duration":"","filesize":"","date_recorded":"","explicit":"","block":"","filesize_raw":"","_FSMCFIC_featured_image_caption":"Image: Tony Worrall Photography (https:\/\/creativecommons.org\/licenses\/by-sa\/2.0), flickr.com","_FSMCFIC_featured_image_nocaption":null,"_FSMCFIC_featured_image_hide":null,"_links_to":"","_links_to_target":""},"categories":[722,32],"tags":[2286,954,2648,2211,888,2451],"featured_image_urls":{"thumbnail":"https:\/\/ktfnews.com\/wp-content\/uploads\/2019\/12\/48330874037_c2906cbfb1_k-150x150.jpg","medium":"https:\/\/ktfnews.com\/wp-content\/uploads\/2019\/12\/48330874037_c2906cbfb1_k-300x225.jpg","medium_large":"https:\/\/ktfnews.com\/wp-content\/uploads\/2019\/12\/48330874037_c2906cbfb1_k-768x576.jpg","large":"https:\/\/ktfnews.com\/wp-content\/uploads\/2019\/12\/48330874037_c2906cbfb1_k-1024x768.jpg","team-small":"https:\/\/ktfnews.com\/wp-content\/uploads\/2019\/12\/48330874037_c2906cbfb1_k-138x162.jpg","team-overview":"https:\/\/ktfnews.com\/wp-content\/uploads\/2019\/12\/48330874037_c2906cbfb1_k-200x279.jpg","team-big":"https:\/\/ktfnews.com\/wp-content\/uploads\/2019\/12\/48330874037_c2906cbfb1_k-540x270.jpg","two-columns":"https:\/\/ktfnews.com\/wp-content\/uploads\/2019\/12\/48330874037_c2906cbfb1_k-379x242.jpg","one-column":"https:\/\/ktfnews.com\/wp-content\/uploads\/2019\/12\/48330874037_c2906cbfb1_k-379x242.jpg","mini-square":"https:\/\/ktfnews.com\/wp-content\/uploads\/2019\/12\/48330874037_c2906cbfb1_k-70x70.jpg","portfolio-widget-mainpage":"https:\/\/ktfnews.com\/wp-content\/uploads\/2019\/12\/48330874037_c2906cbfb1_k-335x195.jpg","portfolio-single-ajax":"https:\/\/ktfnews.com\/wp-content\/uploads\/2019\/12\/48330874037_c2906cbfb1_k-670x280.jpg","portfolio-single-big":"https:\/\/ktfnews.com\/wp-content\/uploads\/2019\/12\/48330874037_c2906cbfb1_k-685x480.jpg","portfolio-single-small":"https:\/\/ktfnews.com\/wp-content\/uploads\/2019\/12\/48330874037_c2906cbfb1_k-685x280.jpg","portfolio-single-full-big":"https:\/\/ktfnews.com\/wp-content\/uploads\/2019\/12\/48330874037_c2906cbfb1_k-960x590.jpg","portfolio-single-full-small":"https:\/\/ktfnews.com\/wp-content\/uploads\/2019\/12\/48330874037_c2906cbfb1_k-960x250.jpg","gallery-post":"https:\/\/ktfnews.com\/wp-content\/uploads\/2019\/12\/48330874037_c2906cbfb1_k-182x126.jpg","gallery-post-smaller":"https:\/\/ktfnews.com\/wp-content\/uploads\/2019\/12\/48330874037_c2906cbfb1_k-158x100.jpg","gallery-standard":"https:\/\/ktfnews.com\/wp-content\/uploads\/2019\/12\/48330874037_c2906cbfb1_k-257x169.jpg","tooltip-preview":"https:\/\/ktfnews.com\/wp-content\/uploads\/2019\/12\/48330874037_c2906cbfb1_k-227x133.jpg","widget-content-slider":"https:\/\/ktfnews.com\/wp-content\/uploads\/2019\/12\/48330874037_c2906cbfb1_k-230x137.jpg","post-top-articles":"https:\/\/ktfnews.com\/wp-content\/uploads\/2019\/12\/48330874037_c2906cbfb1_k-130x100.jpg","post-single-wide":"https:\/\/ktfnews.com\/wp-content\/uploads\/2019\/12\/48330874037_c2906cbfb1_k-595x360.jpg","post-single-wide-nocrop":"https:\/\/ktfnews.com\/wp-content\/uploads\/2019\/12\/48330874037_c2906cbfb1_k-595x446.jpg","post-single-wide-mobile":"https:\/\/ktfnews.com\/wp-content\/uploads\/2019\/12\/48330874037_c2906cbfb1_k-320x190.jpg","post-single-wide-small":"https:\/\/ktfnews.com\/wp-content\/uploads\/2019\/12\/48330874037_c2906cbfb1_k-595x190.jpg","post-single-square":"https:\/\/ktfnews.com\/wp-content\/uploads\/2019\/12\/48330874037_c2906cbfb1_k-120x120.jpg","post-single-full-small":"https:\/\/ktfnews.com\/wp-content\/uploads\/2019\/12\/48330874037_c2906cbfb1_k-950x360.jpg","post-single-full-big":"https:\/\/ktfnews.com\/wp-content\/uploads\/2019\/12\/48330874037_c2906cbfb1_k-950x590.jpg","photo-blog":"https:\/\/ktfnews.com\/wp-content\/uploads\/2019\/12\/48330874037_c2906cbfb1_k-768x576.jpg"},"appp_media":null,"yoast_head":"<!-- This site is optimized with the Yoast SEO plugin v17.3 - https:\/\/yoast.com\/wordpress\/plugins\/seo\/ -->\n<meta name=\"robots\" content=\"index, follow, max-snippet:-1, max-image-preview:large, max-video-preview:-1\" \/>\n<link rel=\"canonical\" href=\"https:\/\/ktfnews.com\/es\/brink-mass-extinction\/\" \/>\n<meta property=\"og:locale\" content=\"es_ES\" \/>\n<meta property=\"og:type\" content=\"article\" \/>\n<meta property=\"og:title\" content=\"[:en]Are We on the Brink of a Mass Extinction?[:es]\u00bfEstamos al Borde de una Extinci\u00f3n Masiva?[:] - KEEP the FAITH\" \/>\n<meta property=\"og:description\" content=\"The Age, por Liam Mannix: En los \u00faltimos meses se ha hecho una afirmaci\u00f3n alarmante sobre el futuro de nuestra tierra: que en el mejor de los casos, nos enfrentamos al colapso de la civilizaci\u00f3n, o en el peor caso,...\" \/>\n<meta property=\"og:url\" content=\"https:\/\/ktfnews.com\/es\/brink-mass-extinction\/\" \/>\n<meta property=\"og:site_name\" content=\"KEEP the FAITH\" \/>\n<meta property=\"article:publisher\" content=\"https:\/\/www.facebook.com\/ktfministry\" \/>\n<meta property=\"article:published_time\" content=\"2019-12-02T11:00:25+00:00\" \/>\n<meta property=\"article:modified_time\" content=\"2019-12-01T22:09:45+00:00\" \/>\n<meta property=\"og:image\" content=\"https:\/\/ktfnews.com\/wp-content\/uploads\/2019\/12\/48330874037_c2906cbfb1_k.jpg\" \/>\n\t<meta property=\"og:image:width\" content=\"1152\" \/>\n\t<meta property=\"og:image:height\" content=\"864\" \/>\n<meta name=\"twitter:card\" content=\"summary_large_image\" \/>\n<meta name=\"twitter:creator\" content=\"@ktfministry\" \/>\n<meta name=\"twitter:site\" content=\"@ktfministry\" \/>\n<meta name=\"twitter:label1\" content=\"Escrito por\" \/>\n\t<meta name=\"twitter:data1\" content=\"Pastor Hal Mayer\" \/>\n\t<meta name=\"twitter:label2\" content=\"Tiempo de lectura\" \/>\n\t<meta name=\"twitter:data2\" content=\"11 minutos\" \/>\n<script type=\"application\/ld+json\" class=\"yoast-schema-graph\">{\"@context\":\"https:\/\/schema.org\",\"@graph\":[{\"@type\":\"WebSite\",\"@id\":\"https:\/\/ktfnews.com\/#website\",\"url\":\"https:\/\/ktfnews.com\/\",\"name\":\"KEEP the FAITH\",\"description\":\"Preparing you for the final conflict between good and evil.\",\"potentialAction\":[{\"@type\":\"SearchAction\",\"target\":{\"@type\":\"EntryPoint\",\"urlTemplate\":\"https:\/\/ktfnews.com\/?s={search_term_string}\"},\"query-input\":\"required name=search_term_string\"}],\"inLanguage\":\"es\"},{\"@type\":\"ImageObject\",\"@id\":\"https:\/\/ktfnews.com\/es\/brink-mass-extinction\/#primaryimage\",\"inLanguage\":\"es\",\"url\":\"https:\/\/ktfnews.com\/wp-content\/uploads\/2019\/12\/48330874037_c2906cbfb1_k.jpg\",\"contentUrl\":\"https:\/\/ktfnews.com\/wp-content\/uploads\/2019\/12\/48330874037_c2906cbfb1_k.jpg\",\"width\":1152,\"height\":864},{\"@type\":\"WebPage\",\"@id\":\"https:\/\/ktfnews.com\/es\/brink-mass-extinction\/#webpage\",\"url\":\"https:\/\/ktfnews.com\/es\/brink-mass-extinction\/\",\"name\":\"[:en]Are We on the Brink of a Mass Extinction?[:es]\\u00bfEstamos al Borde de una Extinci\\u00f3n Masiva?[:] - KEEP the FAITH\",\"isPartOf\":{\"@id\":\"https:\/\/ktfnews.com\/#website\"},\"primaryImageOfPage\":{\"@id\":\"https:\/\/ktfnews.com\/es\/brink-mass-extinction\/#primaryimage\"},\"datePublished\":\"2019-12-02T11:00:25+00:00\",\"dateModified\":\"2019-12-01T22:09:45+00:00\",\"author\":{\"@id\":\"https:\/\/ktfnews.com\/#\/schema\/person\/ba4174513d9169cf8e229b7d8d60410d\"},\"breadcrumb\":{\"@id\":\"https:\/\/ktfnews.com\/es\/brink-mass-extinction\/#breadcrumb\"},\"inLanguage\":\"es\",\"potentialAction\":[{\"@type\":\"ReadAction\",\"target\":[\"https:\/\/ktfnews.com\/es\/brink-mass-extinction\/\"]}]},{\"@type\":\"BreadcrumbList\",\"@id\":\"https:\/\/ktfnews.com\/es\/brink-mass-extinction\/#breadcrumb\",\"itemListElement\":[{\"@type\":\"ListItem\",\"position\":1,\"name\":\"Home\",\"item\":\"https:\/\/ktfnews.com\/\"},{\"@type\":\"ListItem\",\"position\":2,\"name\":\"Briefings\",\"item\":\"https:\/\/ktfnews.com\/category\/briefings\/\"},{\"@type\":\"ListItem\",\"position\":3,\"name\":\"\\u00bfEstamos al Borde de una Extinci\\u00f3n Masiva?\"}]},{\"@type\":\"Person\",\"@id\":\"https:\/\/ktfnews.com\/#\/schema\/person\/ba4174513d9169cf8e229b7d8d60410d\",\"name\":\"Pastor Hal Mayer\",\"image\":{\"@type\":\"ImageObject\",\"@id\":\"https:\/\/ktfnews.com\/#personlogo\",\"inLanguage\":\"es\",\"url\":\"https:\/\/secure.gravatar.com\/avatar\/051bac95ae650254c5a03467b9456599?s=96&d=mm&r=g\",\"contentUrl\":\"https:\/\/secure.gravatar.com\/avatar\/051bac95ae650254c5a03467b9456599?s=96&d=mm&r=g\",\"caption\":\"Pastor Hal Mayer\"},\"description\":\"Pastor Hal Mayer is speaker and director of Keep the Faith Ministry. For the last 20 years Pastor Mayer\\u2019s monthly prophetic analysis on CD and online has revealed the striking evidence of fulfilling prophecy to many thousands of subscribers all over the world. Pastor Mayer\\u2019s background in history and Bible prophecy give him unique insights and perspectives that have blessed many and helped them make a deeper commitment to the Lord. Keep the Faith Ministry helps those who want to keep abreast of fulfilling prophecy and who want to understand and navigate the unique and difficult circumstances of the end-times. Keep the Faith Ministry helps to prepare you for the second coming of Christ. Pastor Mayer is married to Betsy for more than 40 years. They have no children of their own. \\u201cThe times in which we live are thrilling, because the things prophesied in God\\u2019s word are actually coming to pass in this generation,\\u201d says Pastor Mayer. \\u201cIn a time when the distinctive end-time truths of God\\u2019s word are being censored, and life in this world is becoming more and more chaotic, Keep the Faith is a voice of strength and encouragement.\\u201d\",\"url\":\"https:\/\/ktfnews.com\/es\/author\/hal\/\"}]}<\/script>\n<!-- \/ Yoast SEO plugin. -->","yoast_head_json":{"robots":{"index":"index","follow":"follow","max-snippet":"max-snippet:-1","max-image-preview":"max-image-preview:large","max-video-preview":"max-video-preview:-1"},"canonical":"https:\/\/ktfnews.com\/es\/brink-mass-extinction\/","og_locale":"es_ES","og_type":"article","og_title":"[:en]Are We on the Brink of a Mass Extinction?[:es]\u00bfEstamos al Borde de una Extinci\u00f3n Masiva?[:] - KEEP the FAITH","og_description":"The Age, por Liam Mannix: En los \u00faltimos meses se ha hecho una afirmaci\u00f3n alarmante sobre el futuro de nuestra tierra: que en el mejor de los casos, nos enfrentamos al colapso de la civilizaci\u00f3n, o en el peor caso,...","og_url":"https:\/\/ktfnews.com\/es\/brink-mass-extinction\/","og_site_name":"KEEP the FAITH","article_publisher":"https:\/\/www.facebook.com\/ktfministry","article_published_time":"2019-12-02T11:00:25+00:00","article_modified_time":"2019-12-01T22:09:45+00:00","og_image":[{"width":1152,"height":864,"url":"https:\/\/ktfnews.com\/wp-content\/uploads\/2019\/12\/48330874037_c2906cbfb1_k.jpg","type":"image\/jpeg"}],"twitter_card":"summary_large_image","twitter_creator":"@ktfministry","twitter_site":"@ktfministry","twitter_misc":{"Escrito por":"Pastor Hal Mayer","Tiempo de lectura":"11 minutos"},"schema":{"@context":"https:\/\/schema.org","@graph":[{"@type":"WebSite","@id":"https:\/\/ktfnews.com\/#website","url":"https:\/\/ktfnews.com\/","name":"KEEP the FAITH","description":"Preparing you for the final conflict between good and evil.","potentialAction":[{"@type":"SearchAction","target":{"@type":"EntryPoint","urlTemplate":"https:\/\/ktfnews.com\/?s={search_term_string}"},"query-input":"required name=search_term_string"}],"inLanguage":"es"},{"@type":"ImageObject","@id":"https:\/\/ktfnews.com\/es\/brink-mass-extinction\/#primaryimage","inLanguage":"es","url":"https:\/\/ktfnews.com\/wp-content\/uploads\/2019\/12\/48330874037_c2906cbfb1_k.jpg","contentUrl":"https:\/\/ktfnews.com\/wp-content\/uploads\/2019\/12\/48330874037_c2906cbfb1_k.jpg","width":1152,"height":864},{"@type":"WebPage","@id":"https:\/\/ktfnews.com\/es\/brink-mass-extinction\/#webpage","url":"https:\/\/ktfnews.com\/es\/brink-mass-extinction\/","name":"[:en]Are We on the Brink of a Mass Extinction?[:es]\u00bfEstamos al Borde de una Extinci\u00f3n Masiva?[:] - KEEP the FAITH","isPartOf":{"@id":"https:\/\/ktfnews.com\/#website"},"primaryImageOfPage":{"@id":"https:\/\/ktfnews.com\/es\/brink-mass-extinction\/#primaryimage"},"datePublished":"2019-12-02T11:00:25+00:00","dateModified":"2019-12-01T22:09:45+00:00","author":{"@id":"https:\/\/ktfnews.com\/#\/schema\/person\/ba4174513d9169cf8e229b7d8d60410d"},"breadcrumb":{"@id":"https:\/\/ktfnews.com\/es\/brink-mass-extinction\/#breadcrumb"},"inLanguage":"es","potentialAction":[{"@type":"ReadAction","target":["https:\/\/ktfnews.com\/es\/brink-mass-extinction\/"]}]},{"@type":"BreadcrumbList","@id":"https:\/\/ktfnews.com\/es\/brink-mass-extinction\/#breadcrumb","itemListElement":[{"@type":"ListItem","position":1,"name":"Home","item":"https:\/\/ktfnews.com\/"},{"@type":"ListItem","position":2,"name":"Briefings","item":"https:\/\/ktfnews.com\/category\/briefings\/"},{"@type":"ListItem","position":3,"name":"\u00bfEstamos al Borde de una Extinci\u00f3n Masiva?"}]},{"@type":"Person","@id":"https:\/\/ktfnews.com\/#\/schema\/person\/ba4174513d9169cf8e229b7d8d60410d","name":"Pastor Hal Mayer","image":{"@type":"ImageObject","@id":"https:\/\/ktfnews.com\/#personlogo","inLanguage":"es","url":"https:\/\/secure.gravatar.com\/avatar\/051bac95ae650254c5a03467b9456599?s=96&d=mm&r=g","contentUrl":"https:\/\/secure.gravatar.com\/avatar\/051bac95ae650254c5a03467b9456599?s=96&d=mm&r=g","caption":"Pastor Hal Mayer"},"description":"Pastor Hal Mayer is speaker and director of Keep the Faith Ministry. For the last 20 years Pastor Mayer\u2019s monthly prophetic analysis on CD and online has revealed the striking evidence of fulfilling prophecy to many thousands of subscribers all over the world. Pastor Mayer\u2019s background in history and Bible prophecy give him unique insights and perspectives that have blessed many and helped them make a deeper commitment to the Lord. Keep the Faith Ministry helps those who want to keep abreast of fulfilling prophecy and who want to understand and navigate the unique and difficult circumstances of the end-times. Keep the Faith Ministry helps to prepare you for the second coming of Christ. Pastor Mayer is married to Betsy for more than 40 years. They have no children of their own. \u201cThe times in which we live are thrilling, because the things prophesied in God\u2019s word are actually coming to pass in this generation,\u201d says Pastor Mayer. \u201cIn a time when the distinctive end-time truths of God\u2019s word are being censored, and life in this world is becoming more and more chaotic, Keep the Faith is a voice of strength and encouragement.\u201d","url":"https:\/\/ktfnews.com\/es\/author\/hal\/"}]}},"_links":{"self":[{"href":"https:\/\/ktfnews.com\/es\/wp-json\/wp\/v2\/posts\/18404"}],"collection":[{"href":"https:\/\/ktfnews.com\/es\/wp-json\/wp\/v2\/posts"}],"about":[{"href":"https:\/\/ktfnews.com\/es\/wp-json\/wp\/v2\/types\/post"}],"author":[{"embeddable":true,"href":"https:\/\/ktfnews.com\/es\/wp-json\/wp\/v2\/users\/6"}],"replies":[{"embeddable":true,"href":"https:\/\/ktfnews.com\/es\/wp-json\/wp\/v2\/comments?post=18404"}],"version-history":[{"count":2,"href":"https:\/\/ktfnews.com\/es\/wp-json\/wp\/v2\/posts\/18404\/revisions"}],"predecessor-version":[{"id":18407,"href":"https:\/\/ktfnews.com\/es\/wp-json\/wp\/v2\/posts\/18404\/revisions\/18407"}],"wp:featuredmedia":[{"embeddable":true,"href":"https:\/\/ktfnews.com\/es\/wp-json\/wp\/v2\/media\/18406"}],"wp:attachment":[{"href":"https:\/\/ktfnews.com\/es\/wp-json\/wp\/v2\/media?parent=18404"}],"wp:term":[{"taxonomy":"category","embeddable":true,"href":"https:\/\/ktfnews.com\/es\/wp-json\/wp\/v2\/categories?post=18404"},{"taxonomy":"post_tag","embeddable":true,"href":"https:\/\/ktfnews.com\/es\/wp-json\/wp\/v2\/tags?post=18404"}],"curies":[{"name":"wp","href":"https:\/\/api.w.org\/{rel}","templated":true}]}}