{"id":18364,"date":"2019-11-26T06:00:10","date_gmt":"2019-11-26T11:00:10","guid":{"rendered":"https:\/\/ktfnews.com\/?p=18364"},"modified":"2019-11-25T19:31:24","modified_gmt":"2019-11-26T00:31:24","slug":"annual-conference-secretaries-christian-world-communions-2019","status":"publish","type":"post","link":"https:\/\/ktfnews.com\/es\/annual-conference-secretaries-christian-world-communions-2019\/","title":{"rendered":"Conferencia Anual de los Secretarios de las Comuniones Cristianas Mundiales 2019"},"content":{"rendered":"<p><i>Pontifical Council for Promoting Christian Unity<\/i>: La Conferencia anual de Secretarios de Comuniones Cristianas Mundiales (CS\/CWC) tuvo lugar del 8 al 10 de octubre de 2019 en Christiansfeld, Dinamarca. La reuni\u00f3n fue organizada por la Junta Mundial de Unidad de la Iglesia Morava, representada por el Reverendo Dr. J\u00f8rgen B\u00f8ytler. La Iglesia Cat\u00f3lica estuvo representada por el Obispo Brian Farrell, Secretario del Pontificio Consejo para la Promoci\u00f3n de la Unidad de los Cristianos.<\/p>\n<p>La CS\/CWC fue establecida en 1957, reuniendo a secretarios generales de diversas comuniones cristianas, as\u00ed como a representantes de algunas organizaciones ecum\u00e9nicas mundiales. La Conferencia es un foro fraterno de l\u00edderes eclesi\u00e1sticos que tiene como objetivo el intercambio de informaci\u00f3n sobre acontecimientos importantes en sus comuniones particulares, as\u00ed como proporcionar informaci\u00f3n actualizada sobre los di\u00e1logos bilaterales y multilaterales en los que participan sus comuniones. La Conferencia no aprueba resoluciones ni emite comunicados oficiales. Reunida sin interrupci\u00f3n durante m\u00e1s de sesenta a\u00f1os, la Conferencia ha contribuido significativamente a fomentar la confianza y la colaboraci\u00f3n entre los l\u00edderes de las iglesias y entre sus respectivas tradiciones y a fomentar la coherencia del movimiento ecum\u00e9nico en todo el mundo. La Conferencia est\u00e1 presidida actualmente por el Reverendo Dr. Martin Junge, Secretario General de la Federaci\u00f3n Luterana Mundial, quien es secundado por el Secretario, Dr. Ganoune Diop, Director de Asuntos P\u00fablicos y Libertad Religiosa de la Iglesia Adventista del S\u00e9ptimo D\u00eda en todo el mundo.<\/p>\n<p>Los informes de las siguientes comuniones fueron recibidos durante la Conferencia de este a\u00f1o: la Iglesia Apost\u00f3lica Armenia (en nombre de las Iglesias Ortodoxas Orientales), la Comuni\u00f3n Anglicana, el Consejo Consultivo Ecum\u00e9nico de los Disc\u00edpulos, el Patriarcado Ecum\u00e9nico (Iglesia Ortodoxa de Constantinopla), el Comit\u00e9 Mundial de Consulta de los Amigos, la Conferencia General de Adventistas del S\u00e9ptimo D\u00eda, el Pentecostalismo Mundial, la Conferencia Episcopal Internacional de los Antiguos Cat\u00f3licos (Uni\u00f3n de Utrecht), la Federaci\u00f3n Luterana Mundial, el Congreso Mundial Menonita, la Junta de Unidad Mundial de la Iglesia Morava, la Organizaci\u00f3n de Iglesias Africanas Instituidas, el Consejo Pontificio para la Promoci\u00f3n de la Unidad de los Cristianos (Iglesia Cat\u00f3lica Romana), el Ej\u00e9rcito de Salvaci\u00f3n, la Convenci\u00f3n Mundial de Iglesias de Cristo, la Comuni\u00f3n Mundial de Iglesias Reformadas, el Consejo Metodista Mundial, la Alianza Evang\u00e9lica Mundial y dos organismos ecum\u00e9nicos: el Consejo Mundial de Iglesias y el Foro Cristiano Mundial.<\/p>\n<p>La participaci\u00f3n en el servicio de oraci\u00f3n de apertura, que se llev\u00f3 a cabo seg\u00fan la tradici\u00f3n morava y en una tradicional Fiesta del Amor de Moravia, as\u00ed como la visita al hist\u00f3rico asentamiento moravo de Christiansfeld (Patrimonio de la Humanidad de la UNESCO), ofrecieron a los participantes la oportunidad de familiarizarse m\u00e1s con esta iglesia.<\/p>\n<p>Nuestro Comentario:<br \/>\nIncluso algunos adventistas del s\u00e9ptimo d\u00eda se han comprometido con este movimiento ecum\u00e9nico del que Roma es patrocinadora. <\/p>\n<p>Conexi\u00f3n Prof\u00e9tica:<br \/>\n\u201cVi una de sus cabezas como herida de muerte, pero su herida mortal fue sanada; y se maravill\u00f3 toda la tierra en pos de la bestia\u201d Apocalipsis 13:3.<\/p>\n<hr>\n<h3>Source References<\/h3>\n<ul>\n<li>\n<h5><a href=\"http:\/\/www.christianunity.va\/content\/unitacristiani\/en\/news\/notizie-2019\/2019-10-11-cs-cwc-denmark.html\" target=\"_blank\">Annual Conference of the Secretaries of the Christian World Communions 2019<\/a><\/h5>\n<\/li>\n<\/ul>\n<p><\/p>\n<!-- AddThis Advanced Settings generic via filter on the_content -->","protected":false},"excerpt":{"rendered":"<p>Pontifical Council for Promoting Christian Unity: La Conferencia anual de Secretarios de Comuniones Cristianas Mundiales (CS\/CWC) tuvo lugar del 8 al 10 de octubre de 2019 en Christiansfeld, Dinamarca. La reuni\u00f3n fue organizada por la Junta Mundial de Unidad de&#8230;<!-- AddThis Advanced Settings generic via filter on wp_trim_excerpt --><\/p>\n","protected":false},"author":6,"featured_media":18366,"comment_status":"open","ping_status":"open","sticky":false,"template":"","format":"standard","meta":{"episode_type":"","audio_file":"","duration":"","filesize":"","date_recorded":"","explicit":"","block":"","filesize_raw":"","_FSMCFIC_featured_image_caption":"Image: Andy Johnson (https:\/\/creativecommons.org\/licenses\/by-sa\/2.0), flickr.com","_FSMCFIC_featured_image_nocaption":null,"_FSMCFIC_featured_image_hide":null,"_links_to":"","_links_to_target":""},"categories":[722,32],"tags":[1342,619,721,962,1769],"featured_image_urls":{"thumbnail":"https:\/\/ktfnews.com\/wp-content\/uploads\/2019\/11\/Cross-150x150.png","medium":"https:\/\/ktfnews.com\/wp-content\/uploads\/2019\/11\/Cross-300x165.png","medium_large":"https:\/\/ktfnews.com\/wp-content\/uploads\/2019\/11\/Cross-768x424.png","large":"https:\/\/ktfnews.com\/wp-content\/uploads\/2019\/11\/Cross-1024x565.png","team-small":"https:\/\/ktfnews.com\/wp-content\/uploads\/2019\/11\/Cross-138x162.png","team-overview":"https:\/\/ktfnews.com\/wp-content\/uploads\/2019\/11\/Cross-200x279.png","team-big":"https:\/\/ktfnews.com\/wp-content\/uploads\/2019\/11\/Cross-540x270.png","two-columns":"https:\/\/ktfnews.com\/wp-content\/uploads\/2019\/11\/Cross-379x242.png","one-column":"https:\/\/ktfnews.com\/wp-content\/uploads\/2019\/11\/Cross-379x242.png","mini-square":"https:\/\/ktfnews.com\/wp-content\/uploads\/2019\/11\/Cross-70x70.png","portfolio-widget-mainpage":"https:\/\/ktfnews.com\/wp-content\/uploads\/2019\/11\/Cross-335x195.png","portfolio-single-ajax":"https:\/\/ktfnews.com\/wp-content\/uploads\/2019\/11\/Cross-670x280.png","portfolio-single-big":"https:\/\/ktfnews.com\/wp-content\/uploads\/2019\/11\/Cross-685x480.png","portfolio-single-small":"https:\/\/ktfnews.com\/wp-content\/uploads\/2019\/11\/Cross-685x280.png","portfolio-single-full-big":"https:\/\/ktfnews.com\/wp-content\/uploads\/2019\/11\/Cross-960x590.png","portfolio-single-full-small":"https:\/\/ktfnews.com\/wp-content\/uploads\/2019\/11\/Cross-960x250.png","gallery-post":"https:\/\/ktfnews.com\/wp-content\/uploads\/2019\/11\/Cross-182x126.png","gallery-post-smaller":"https:\/\/ktfnews.com\/wp-content\/uploads\/2019\/11\/Cross-158x100.png","gallery-standard":"https:\/\/ktfnews.com\/wp-content\/uploads\/2019\/11\/Cross-257x169.png","tooltip-preview":"https:\/\/ktfnews.com\/wp-content\/uploads\/2019\/11\/Cross-227x133.png","widget-content-slider":"https:\/\/ktfnews.com\/wp-content\/uploads\/2019\/11\/Cross-230x137.png","post-top-articles":"https:\/\/ktfnews.com\/wp-content\/uploads\/2019\/11\/Cross-130x100.png","post-single-wide":"https:\/\/ktfnews.com\/wp-content\/uploads\/2019\/11\/Cross-595x360.png","post-single-wide-nocrop":"https:\/\/ktfnews.com\/wp-content\/uploads\/2019\/11\/Cross-595x328.png","post-single-wide-mobile":"https:\/\/ktfnews.com\/wp-content\/uploads\/2019\/11\/Cross-320x190.png","post-single-wide-small":"https:\/\/ktfnews.com\/wp-content\/uploads\/2019\/11\/Cross-595x190.png","post-single-square":"https:\/\/ktfnews.com\/wp-content\/uploads\/2019\/11\/Cross-120x120.png","post-single-full-small":"https:\/\/ktfnews.com\/wp-content\/uploads\/2019\/11\/Cross-950x360.png","post-single-full-big":"https:\/\/ktfnews.com\/wp-content\/uploads\/2019\/11\/Cross-950x590.png","photo-blog":"https:\/\/ktfnews.com\/wp-content\/uploads\/2019\/11\/Cross-768x424.png"},"appp_media":null,"yoast_head":"<!-- This site is optimized with the Yoast SEO plugin v17.3 - https:\/\/yoast.com\/wordpress\/plugins\/seo\/ -->\n<meta name=\"robots\" content=\"index, follow, max-snippet:-1, max-image-preview:large, max-video-preview:-1\" \/>\n<link rel=\"canonical\" href=\"https:\/\/ktfnews.com\/annual-conference-secretaries-christian-world-communions-2019\/\" \/>\n<meta property=\"og:locale\" content=\"es_ES\" \/>\n<meta property=\"og:type\" content=\"article\" \/>\n<meta property=\"og:title\" content=\"[:en]Annual Conference of the Secretaries of the Christian World Communions 2019[:es]Conferencia Anual de los Secretarios de las Comuniones Cristianas Mundiales 2019[:] - KEEP the FAITH\" \/>\n<meta property=\"og:description\" content=\"Pontifical Council for Promoting Christian Unity: La Conferencia anual de Secretarios de Comuniones Cristianas Mundiales (CS\/CWC) tuvo lugar del 8 al 10 de octubre de 2019 en Christiansfeld, Dinamarca. La reuni\u00f3n fue organizada por la Junta Mundial de Unidad de...\" \/>\n<meta property=\"og:url\" content=\"https:\/\/ktfnews.com\/annual-conference-secretaries-christian-world-communions-2019\/\" \/>\n<meta property=\"og:site_name\" content=\"KEEP the FAITH\" \/>\n<meta property=\"article:publisher\" content=\"https:\/\/www.facebook.com\/ktfministry\" \/>\n<meta property=\"article:published_time\" content=\"2019-11-26T11:00:10+00:00\" \/>\n<meta property=\"article:modified_time\" content=\"2019-11-26T00:31:24+00:00\" \/>\n<meta property=\"og:image\" content=\"https:\/\/ktfnews.com\/wp-content\/uploads\/2019\/11\/Cross.png\" \/>\n\t<meta property=\"og:image:width\" content=\"1728\" \/>\n\t<meta property=\"og:image:height\" content=\"953\" \/>\n<meta name=\"twitter:card\" content=\"summary_large_image\" \/>\n<meta name=\"twitter:creator\" content=\"@ktfministry\" \/>\n<meta name=\"twitter:site\" content=\"@ktfministry\" \/>\n<meta name=\"twitter:label1\" content=\"Escrito por\" \/>\n\t<meta name=\"twitter:data1\" content=\"Pastor Hal Mayer\" \/>\n\t<meta name=\"twitter:label2\" content=\"Tiempo de lectura\" \/>\n\t<meta name=\"twitter:data2\" content=\"5 minutos\" \/>\n<script type=\"application\/ld+json\" class=\"yoast-schema-graph\">{\"@context\":\"https:\/\/schema.org\",\"@graph\":[{\"@type\":\"WebSite\",\"@id\":\"https:\/\/ktfnews.com\/#website\",\"url\":\"https:\/\/ktfnews.com\/\",\"name\":\"KEEP the FAITH\",\"description\":\"Preparing you for the final conflict between good and evil.\",\"potentialAction\":[{\"@type\":\"SearchAction\",\"target\":{\"@type\":\"EntryPoint\",\"urlTemplate\":\"https:\/\/ktfnews.com\/?s={search_term_string}\"},\"query-input\":\"required name=search_term_string\"}],\"inLanguage\":\"es\"},{\"@type\":\"ImageObject\",\"@id\":\"https:\/\/ktfnews.com\/annual-conference-secretaries-christian-world-communions-2019\/#primaryimage\",\"inLanguage\":\"es\",\"url\":\"https:\/\/ktfnews.com\/wp-content\/uploads\/2019\/11\/Cross.png\",\"contentUrl\":\"https:\/\/ktfnews.com\/wp-content\/uploads\/2019\/11\/Cross.png\",\"width\":1728,\"height\":953},{\"@type\":\"WebPage\",\"@id\":\"https:\/\/ktfnews.com\/annual-conference-secretaries-christian-world-communions-2019\/#webpage\",\"url\":\"https:\/\/ktfnews.com\/annual-conference-secretaries-christian-world-communions-2019\/\",\"name\":\"[:en]Annual Conference of the Secretaries of the Christian World Communions 2019[:es]Conferencia Anual de los Secretarios de las Comuniones Cristianas Mundiales 2019[:] - KEEP the FAITH\",\"isPartOf\":{\"@id\":\"https:\/\/ktfnews.com\/#website\"},\"primaryImageOfPage\":{\"@id\":\"https:\/\/ktfnews.com\/annual-conference-secretaries-christian-world-communions-2019\/#primaryimage\"},\"datePublished\":\"2019-11-26T11:00:10+00:00\",\"dateModified\":\"2019-11-26T00:31:24+00:00\",\"author\":{\"@id\":\"https:\/\/ktfnews.com\/#\/schema\/person\/ba4174513d9169cf8e229b7d8d60410d\"},\"breadcrumb\":{\"@id\":\"https:\/\/ktfnews.com\/annual-conference-secretaries-christian-world-communions-2019\/#breadcrumb\"},\"inLanguage\":\"es\",\"potentialAction\":[{\"@type\":\"ReadAction\",\"target\":[\"https:\/\/ktfnews.com\/annual-conference-secretaries-christian-world-communions-2019\/\"]}]},{\"@type\":\"BreadcrumbList\",\"@id\":\"https:\/\/ktfnews.com\/annual-conference-secretaries-christian-world-communions-2019\/#breadcrumb\",\"itemListElement\":[{\"@type\":\"ListItem\",\"position\":1,\"name\":\"Home\",\"item\":\"https:\/\/ktfnews.com\/\"},{\"@type\":\"ListItem\",\"position\":2,\"name\":\"Briefings\",\"item\":\"https:\/\/ktfnews.com\/category\/briefings\/\"},{\"@type\":\"ListItem\",\"position\":3,\"name\":\"Annual Conference of the Secretaries of the Christian World Communions 2019\"}]},{\"@type\":\"Person\",\"@id\":\"https:\/\/ktfnews.com\/#\/schema\/person\/ba4174513d9169cf8e229b7d8d60410d\",\"name\":\"Pastor Hal Mayer\",\"image\":{\"@type\":\"ImageObject\",\"@id\":\"https:\/\/ktfnews.com\/#personlogo\",\"inLanguage\":\"es\",\"url\":\"https:\/\/secure.gravatar.com\/avatar\/051bac95ae650254c5a03467b9456599?s=96&d=mm&r=g\",\"contentUrl\":\"https:\/\/secure.gravatar.com\/avatar\/051bac95ae650254c5a03467b9456599?s=96&d=mm&r=g\",\"caption\":\"Pastor Hal Mayer\"},\"description\":\"Pastor Hal Mayer is speaker and director of Keep the Faith Ministry. For the last 20 years Pastor Mayer\\u2019s monthly prophetic analysis on CD and online has revealed the striking evidence of fulfilling prophecy to many thousands of subscribers all over the world. Pastor Mayer\\u2019s background in history and Bible prophecy give him unique insights and perspectives that have blessed many and helped them make a deeper commitment to the Lord. Keep the Faith Ministry helps those who want to keep abreast of fulfilling prophecy and who want to understand and navigate the unique and difficult circumstances of the end-times. Keep the Faith Ministry helps to prepare you for the second coming of Christ. Pastor Mayer is married to Betsy for more than 40 years. They have no children of their own. \\u201cThe times in which we live are thrilling, because the things prophesied in God\\u2019s word are actually coming to pass in this generation,\\u201d says Pastor Mayer. \\u201cIn a time when the distinctive end-time truths of God\\u2019s word are being censored, and life in this world is becoming more and more chaotic, Keep the Faith is a voice of strength and encouragement.\\u201d\",\"url\":\"https:\/\/ktfnews.com\/es\/author\/hal\/\"}]}<\/script>\n<!-- \/ Yoast SEO plugin. -->","yoast_head_json":{"robots":{"index":"index","follow":"follow","max-snippet":"max-snippet:-1","max-image-preview":"max-image-preview:large","max-video-preview":"max-video-preview:-1"},"canonical":"https:\/\/ktfnews.com\/annual-conference-secretaries-christian-world-communions-2019\/","og_locale":"es_ES","og_type":"article","og_title":"[:en]Annual Conference of the Secretaries of the Christian World Communions 2019[:es]Conferencia Anual de los Secretarios de las Comuniones Cristianas Mundiales 2019[:] - KEEP the FAITH","og_description":"Pontifical Council for Promoting Christian Unity: La Conferencia anual de Secretarios de Comuniones Cristianas Mundiales (CS\/CWC) tuvo lugar del 8 al 10 de octubre de 2019 en Christiansfeld, Dinamarca. La reuni\u00f3n fue organizada por la Junta Mundial de Unidad de...","og_url":"https:\/\/ktfnews.com\/annual-conference-secretaries-christian-world-communions-2019\/","og_site_name":"KEEP the FAITH","article_publisher":"https:\/\/www.facebook.com\/ktfministry","article_published_time":"2019-11-26T11:00:10+00:00","article_modified_time":"2019-11-26T00:31:24+00:00","og_image":[{"width":1728,"height":953,"url":"https:\/\/ktfnews.com\/wp-content\/uploads\/2019\/11\/Cross.png","type":"image\/png"}],"twitter_card":"summary_large_image","twitter_creator":"@ktfministry","twitter_site":"@ktfministry","twitter_misc":{"Escrito por":"Pastor Hal Mayer","Tiempo de lectura":"5 minutos"},"schema":{"@context":"https:\/\/schema.org","@graph":[{"@type":"WebSite","@id":"https:\/\/ktfnews.com\/#website","url":"https:\/\/ktfnews.com\/","name":"KEEP the FAITH","description":"Preparing you for the final conflict between good and evil.","potentialAction":[{"@type":"SearchAction","target":{"@type":"EntryPoint","urlTemplate":"https:\/\/ktfnews.com\/?s={search_term_string}"},"query-input":"required name=search_term_string"}],"inLanguage":"es"},{"@type":"ImageObject","@id":"https:\/\/ktfnews.com\/annual-conference-secretaries-christian-world-communions-2019\/#primaryimage","inLanguage":"es","url":"https:\/\/ktfnews.com\/wp-content\/uploads\/2019\/11\/Cross.png","contentUrl":"https:\/\/ktfnews.com\/wp-content\/uploads\/2019\/11\/Cross.png","width":1728,"height":953},{"@type":"WebPage","@id":"https:\/\/ktfnews.com\/annual-conference-secretaries-christian-world-communions-2019\/#webpage","url":"https:\/\/ktfnews.com\/annual-conference-secretaries-christian-world-communions-2019\/","name":"[:en]Annual Conference of the Secretaries of the Christian World Communions 2019[:es]Conferencia Anual de los Secretarios de las Comuniones Cristianas Mundiales 2019[:] - KEEP the FAITH","isPartOf":{"@id":"https:\/\/ktfnews.com\/#website"},"primaryImageOfPage":{"@id":"https:\/\/ktfnews.com\/annual-conference-secretaries-christian-world-communions-2019\/#primaryimage"},"datePublished":"2019-11-26T11:00:10+00:00","dateModified":"2019-11-26T00:31:24+00:00","author":{"@id":"https:\/\/ktfnews.com\/#\/schema\/person\/ba4174513d9169cf8e229b7d8d60410d"},"breadcrumb":{"@id":"https:\/\/ktfnews.com\/annual-conference-secretaries-christian-world-communions-2019\/#breadcrumb"},"inLanguage":"es","potentialAction":[{"@type":"ReadAction","target":["https:\/\/ktfnews.com\/annual-conference-secretaries-christian-world-communions-2019\/"]}]},{"@type":"BreadcrumbList","@id":"https:\/\/ktfnews.com\/annual-conference-secretaries-christian-world-communions-2019\/#breadcrumb","itemListElement":[{"@type":"ListItem","position":1,"name":"Home","item":"https:\/\/ktfnews.com\/"},{"@type":"ListItem","position":2,"name":"Briefings","item":"https:\/\/ktfnews.com\/category\/briefings\/"},{"@type":"ListItem","position":3,"name":"Annual Conference of the Secretaries of the Christian World Communions 2019"}]},{"@type":"Person","@id":"https:\/\/ktfnews.com\/#\/schema\/person\/ba4174513d9169cf8e229b7d8d60410d","name":"Pastor Hal Mayer","image":{"@type":"ImageObject","@id":"https:\/\/ktfnews.com\/#personlogo","inLanguage":"es","url":"https:\/\/secure.gravatar.com\/avatar\/051bac95ae650254c5a03467b9456599?s=96&d=mm&r=g","contentUrl":"https:\/\/secure.gravatar.com\/avatar\/051bac95ae650254c5a03467b9456599?s=96&d=mm&r=g","caption":"Pastor Hal Mayer"},"description":"Pastor Hal Mayer is speaker and director of Keep the Faith Ministry. For the last 20 years Pastor Mayer\u2019s monthly prophetic analysis on CD and online has revealed the striking evidence of fulfilling prophecy to many thousands of subscribers all over the world. Pastor Mayer\u2019s background in history and Bible prophecy give him unique insights and perspectives that have blessed many and helped them make a deeper commitment to the Lord. Keep the Faith Ministry helps those who want to keep abreast of fulfilling prophecy and who want to understand and navigate the unique and difficult circumstances of the end-times. Keep the Faith Ministry helps to prepare you for the second coming of Christ. Pastor Mayer is married to Betsy for more than 40 years. They have no children of their own. \u201cThe times in which we live are thrilling, because the things prophesied in God\u2019s word are actually coming to pass in this generation,\u201d says Pastor Mayer. \u201cIn a time when the distinctive end-time truths of God\u2019s word are being censored, and life in this world is becoming more and more chaotic, Keep the Faith is a voice of strength and encouragement.\u201d","url":"https:\/\/ktfnews.com\/es\/author\/hal\/"}]}},"_links":{"self":[{"href":"https:\/\/ktfnews.com\/es\/wp-json\/wp\/v2\/posts\/18364"}],"collection":[{"href":"https:\/\/ktfnews.com\/es\/wp-json\/wp\/v2\/posts"}],"about":[{"href":"https:\/\/ktfnews.com\/es\/wp-json\/wp\/v2\/types\/post"}],"author":[{"embeddable":true,"href":"https:\/\/ktfnews.com\/es\/wp-json\/wp\/v2\/users\/6"}],"replies":[{"embeddable":true,"href":"https:\/\/ktfnews.com\/es\/wp-json\/wp\/v2\/comments?post=18364"}],"version-history":[{"count":2,"href":"https:\/\/ktfnews.com\/es\/wp-json\/wp\/v2\/posts\/18364\/revisions"}],"predecessor-version":[{"id":18367,"href":"https:\/\/ktfnews.com\/es\/wp-json\/wp\/v2\/posts\/18364\/revisions\/18367"}],"wp:featuredmedia":[{"embeddable":true,"href":"https:\/\/ktfnews.com\/es\/wp-json\/wp\/v2\/media\/18366"}],"wp:attachment":[{"href":"https:\/\/ktfnews.com\/es\/wp-json\/wp\/v2\/media?parent=18364"}],"wp:term":[{"taxonomy":"category","embeddable":true,"href":"https:\/\/ktfnews.com\/es\/wp-json\/wp\/v2\/categories?post=18364"},{"taxonomy":"post_tag","embeddable":true,"href":"https:\/\/ktfnews.com\/es\/wp-json\/wp\/v2\/tags?post=18364"}],"curies":[{"name":"wp","href":"https:\/\/api.w.org\/{rel}","templated":true}]}}