{"id":18325,"date":"2019-11-20T06:00:16","date_gmt":"2019-11-20T11:00:16","guid":{"rendered":"https:\/\/ktfnews.com\/?p=18325"},"modified":"2019-11-19T20:28:18","modified_gmt":"2019-11-20T01:28:18","slug":"medicines-pose-global-environmental-risk","status":"publish","type":"post","link":"https:\/\/ktfnews.com\/es\/medicines-pose-global-environmental-risk\/","title":{"rendered":"Los Medicamentos Representan un Riesgo para el Medio Ambiente Mundial"},"content":{"rendered":"<p><i>PHYS.ORG<\/i>, por Patrick Galey: Los residuos de miles de millones de dosis de antibi\u00f3ticos, analg\u00e9sicos y antidepresivos representan un riesgo significativo para los ecosistemas de agua dulce y la cadena alimentaria mundial, seg\u00fan un nuevo an\u00e1lisis publicado el jueves.<\/p>\n<p>Cada vez se teme m\u00e1s que el uso descontrolado de antibi\u00f3ticos tanto en la medicina como en la agricultura tenga efectos adversos en el medio ambiente y en la salud humana.<\/p>\n<p>Cuando los animales y los seres humanos ingieren medicamentos, hasta el 90 por ciento de los ingredientes activos se excretan de nuevo en el medio ambiente.<\/p>\n<p>Muchos medicamentos son simplemente descartados -s\u00f3lo en los Estados Unidos se estima que un tercio de los cuatro mil millones de medicamentos que se prescriben cada a\u00f1o terminan como desechos.<\/p>\n<p>La Organizaci\u00f3n para la Cooperaci\u00f3n y el Desarrollo Econ\u00f3mico (OCDE) compar\u00f3 datos sobre concentraciones de residuos farmac\u00e9uticos en muestras de agua en todo el mundo, as\u00ed como las tendencias de prescripci\u00f3n y las regulaciones de purificaci\u00f3n del agua en varios pa\u00edses.<\/p>\n<p>Un estudio citado en su informe estima que el 10 por ciento de todos los productos farmac\u00e9uticos son potencialmente da\u00f1inos para el medio ambiente, incluidas las hormonas, los analg\u00e9sicos y los antidepresivos.<\/p>\n<p>La OCDE dijo que se prev\u00e9 que el uso de antibi\u00f3ticos para el ganado aumente en m\u00e1s de dos tercios en la pr\u00f3xima d\u00e9cada, alimentando la preocupaci\u00f3n por la resistencia a los antibi\u00f3ticos.<\/p>\n<p>Seg\u00fan el informe, las prescripciones humanas tambi\u00e9n aumentar\u00e1n dr\u00e1sticamente.<\/p>\n<p>\u00abEstamos viendo la constante ingenier\u00eda de nuevos productos farmac\u00e9uticos y viendo que las pr\u00e1cticas cl\u00ednicas evolucionan para incluir recomendaciones de tratamientos m\u00e1s tempranos y dosis m\u00e1s altas\u00bb, se\u00f1al\u00f3 la autora principal del informe, Hannah Leckie.<\/p>\n<p>Otro estudio citado dijo que ya se hab\u00edan detectado concentraciones \u00abextremadamente altas\u00bb de productos farmac\u00e9uticos en v\u00edas acu\u00e1ticas en China, India, Israel, Corea del Sur y Estados Unidos.<\/p>\n<p>S\u00f3lo en Gran Breta\u00f1a, el etinilestradiol, el diclofenaco, el ibuprofeno, el propranolol y los antibi\u00f3ticos est\u00e1n ahora presentes en los desag\u00fces de 890 plantas de tratamiento de aguas residuales a niveles suficientemente altos como para causar \u00abefectos ambientales adversos\u00bb, seg\u00fan otro estudio.<\/p>\n<p>\u00abLos residuos de productos farmac\u00e9uticos se han detectado en aguas superficiales y subterr\u00e1neas de todo el mundo\u00bb, dijo Leckie.<\/p>\n<p>\u00abSin embargo, todav\u00eda hay mucho que no sabemos sobre su ocurrencia, y menos a\u00fan sobre las concentraciones que encontramos.\u00bb<\/p>\n<p>M\u00e1s de 700.000 personas mueren ya cada a\u00f1o de infecciones resistentes a los medicamentos.<\/p>\n<p>S\u00f3lo en Gran Breta\u00f1a, el etinilestradiol, el diclofenaco, el ibuprofeno, el propranolol y los antibi\u00f3ticos est\u00e1n ahora presentes en la escorrent\u00eda de 890 plantas de tratamiento de aguas residuales a niveles suficientemente altos como para causar \u00abefectos ambientales adversos\u00bb, seg\u00fan otro estudio.<\/p>\n<p>A medida que la poblaci\u00f3n mundial crece y envejece y las tasas de prescripci\u00f3n siguen aumentando, esa cifra alcanzar\u00e1 los 10 millones anuales para el a\u00f1o 2050, m\u00e1s que el n\u00famero de personas que mueren de c\u00e1ncer.<\/p>\n<p>\u00abA menos que se tomen medidas adecuadas para gestionar los riesgos, los residuos farmac\u00e9uticos se liberar\u00e1n cada vez m\u00e1s en el medio ambiente a medida que las poblaciones envejezcan, los avances en la atenci\u00f3n sanitaria y la intensificaci\u00f3n de la producci\u00f3n de carne y pescado estimulen la demanda de productos farmac\u00e9uticos en todo el mundo\u00bb, dice el informe.<\/p>\n<p>Y la situaci\u00f3n se agudizar\u00e1 a\u00fan m\u00e1s a medida que el cambio clim\u00e1tico aumente la propagaci\u00f3n y la frecuencia de enfermedades infecciosas como el paludismo y el dengue.<\/p>\n<p>Leckie dijo que hab\u00eda un c\u00edrculo vicioso cuando se trataba de recetas m\u00e9dicas y enfermedades relacionadas con el clima.<\/p>\n<p>\u00abLa actividad humana, como el aumento de poblaci\u00f3n y el transporte combinados con el cambio clim\u00e1tico, aumenta la resistencia de las bacterias&#8230;. y por lo tanto la necesidad de m\u00e1s productos farmac\u00e9uticos.\u00bb<\/p>\n<p>Nuestro Comentario:<br \/>\n\u00bfPodr\u00eda la prevalencia de la contaminaci\u00f3n debida a los medicamentos contribuir a las infecciones resistentes a los medicamentos que est\u00e1n en aumento? No debemos sorprendernos por el aumento de estas enfermedades, ya que la Biblia nos ha advertido de ellas. <\/p>\n<p>Conexi\u00f3n Prof\u00e9tica:<br \/>\n\u201cy habr\u00e1 pestes,\u2026\u201d Mateo 24:7.<\/p>\n<hr>\n<h3>Source References<\/h3>\n<ul>\n<li>\n<h5><a href=\"https:\/\/phys.org\/news\/2019-11-medicines-pose-global-environmental-experts.html\" target=\"_blank\">Medicines pose global environmental risk, experts warn<\/a><\/h5>\n<\/li>\n<\/ul>\n<p><\/p>\n<!-- AddThis Advanced Settings generic via filter on the_content -->","protected":false},"excerpt":{"rendered":"<p>PHYS.ORG, por Patrick Galey: Los residuos de miles de millones de dosis de antibi\u00f3ticos, analg\u00e9sicos y antidepresivos representan un riesgo significativo para los ecosistemas de agua dulce y la cadena alimentaria mundial, seg\u00fan un nuevo an\u00e1lisis publicado el jueves. Cada&#8230;<!-- AddThis Advanced Settings generic via filter on wp_trim_excerpt --><\/p>\n","protected":false},"author":6,"featured_media":18327,"comment_status":"open","ping_status":"open","sticky":false,"template":"","format":"standard","meta":{"episode_type":"","audio_file":"","duration":"","filesize":"","date_recorded":"","explicit":"","block":"","filesize_raw":"","_FSMCFIC_featured_image_caption":"Image: Steve Buissinne from Pixabay.com","_FSMCFIC_featured_image_nocaption":null,"_FSMCFIC_featured_image_hide":null,"_links_to":"","_links_to_target":""},"categories":[722,32],"tags":[954,330,1979,1773,420],"featured_image_urls":{"thumbnail":"https:\/\/ktfnews.com\/wp-content\/uploads\/2019\/11\/thermometer-833085_1280-150x150.jpg","medium":"https:\/\/ktfnews.com\/wp-content\/uploads\/2019\/11\/thermometer-833085_1280-300x200.jpg","medium_large":"https:\/\/ktfnews.com\/wp-content\/uploads\/2019\/11\/thermometer-833085_1280-768x512.jpg","large":"https:\/\/ktfnews.com\/wp-content\/uploads\/2019\/11\/thermometer-833085_1280-1024x683.jpg","team-small":"https:\/\/ktfnews.com\/wp-content\/uploads\/2019\/11\/thermometer-833085_1280-138x162.jpg","team-overview":"https:\/\/ktfnews.com\/wp-content\/uploads\/2019\/11\/thermometer-833085_1280-200x279.jpg","team-big":"https:\/\/ktfnews.com\/wp-content\/uploads\/2019\/11\/thermometer-833085_1280-540x270.jpg","two-columns":"https:\/\/ktfnews.com\/wp-content\/uploads\/2019\/11\/thermometer-833085_1280-379x242.jpg","one-column":"https:\/\/ktfnews.com\/wp-content\/uploads\/2019\/11\/thermometer-833085_1280-379x242.jpg","mini-square":"https:\/\/ktfnews.com\/wp-content\/uploads\/2019\/11\/thermometer-833085_1280-70x70.jpg","portfolio-widget-mainpage":"https:\/\/ktfnews.com\/wp-content\/uploads\/2019\/11\/thermometer-833085_1280-335x195.jpg","portfolio-single-ajax":"https:\/\/ktfnews.com\/wp-content\/uploads\/2019\/11\/thermometer-833085_1280-670x280.jpg","portfolio-single-big":"https:\/\/ktfnews.com\/wp-content\/uploads\/2019\/11\/thermometer-833085_1280-685x480.jpg","portfolio-single-small":"https:\/\/ktfnews.com\/wp-content\/uploads\/2019\/11\/thermometer-833085_1280-685x280.jpg","portfolio-single-full-big":"https:\/\/ktfnews.com\/wp-content\/uploads\/2019\/11\/thermometer-833085_1280-960x590.jpg","portfolio-single-full-small":"https:\/\/ktfnews.com\/wp-content\/uploads\/2019\/11\/thermometer-833085_1280-960x250.jpg","gallery-post":"https:\/\/ktfnews.com\/wp-content\/uploads\/2019\/11\/thermometer-833085_1280-182x126.jpg","gallery-post-smaller":"https:\/\/ktfnews.com\/wp-content\/uploads\/2019\/11\/thermometer-833085_1280-158x100.jpg","gallery-standard":"https:\/\/ktfnews.com\/wp-content\/uploads\/2019\/11\/thermometer-833085_1280-257x169.jpg","tooltip-preview":"https:\/\/ktfnews.com\/wp-content\/uploads\/2019\/11\/thermometer-833085_1280-227x133.jpg","widget-content-slider":"https:\/\/ktfnews.com\/wp-content\/uploads\/2019\/11\/thermometer-833085_1280-230x137.jpg","post-top-articles":"https:\/\/ktfnews.com\/wp-content\/uploads\/2019\/11\/thermometer-833085_1280-130x100.jpg","post-single-wide":"https:\/\/ktfnews.com\/wp-content\/uploads\/2019\/11\/thermometer-833085_1280-595x360.jpg","post-single-wide-nocrop":"https:\/\/ktfnews.com\/wp-content\/uploads\/2019\/11\/thermometer-833085_1280-595x397.jpg","post-single-wide-mobile":"https:\/\/ktfnews.com\/wp-content\/uploads\/2019\/11\/thermometer-833085_1280-320x190.jpg","post-single-wide-small":"https:\/\/ktfnews.com\/wp-content\/uploads\/2019\/11\/thermometer-833085_1280-595x190.jpg","post-single-square":"https:\/\/ktfnews.com\/wp-content\/uploads\/2019\/11\/thermometer-833085_1280-120x120.jpg","post-single-full-small":"https:\/\/ktfnews.com\/wp-content\/uploads\/2019\/11\/thermometer-833085_1280-950x360.jpg","post-single-full-big":"https:\/\/ktfnews.com\/wp-content\/uploads\/2019\/11\/thermometer-833085_1280-950x590.jpg","photo-blog":"https:\/\/ktfnews.com\/wp-content\/uploads\/2019\/11\/thermometer-833085_1280-768x512.jpg"},"appp_media":null,"yoast_head":"<!-- This site is optimized with the Yoast SEO plugin v17.3 - https:\/\/yoast.com\/wordpress\/plugins\/seo\/ -->\n<meta name=\"robots\" content=\"index, follow, max-snippet:-1, max-image-preview:large, max-video-preview:-1\" \/>\n<link rel=\"canonical\" href=\"https:\/\/ktfnews.com\/pt\/medicines-pose-global-environmental-risk\/\" \/>\n<meta property=\"og:locale\" content=\"es_ES\" \/>\n<meta property=\"og:type\" content=\"article\" \/>\n<meta property=\"og:title\" content=\"[:en]Medicines Pose Global Environmental Risk[:es]Los Medicamentos Representan un Riesgo para el Medio Ambiente Mundial[:] - KEEP the FAITH\" \/>\n<meta property=\"og:description\" content=\"PHYS.ORG, por Patrick Galey: Los residuos de miles de millones de dosis de antibi\u00f3ticos, analg\u00e9sicos y antidepresivos representan un riesgo significativo para los ecosistemas de agua dulce y la cadena alimentaria mundial, seg\u00fan un nuevo an\u00e1lisis publicado el jueves. Cada...\" \/>\n<meta property=\"og:url\" content=\"https:\/\/ktfnews.com\/pt\/medicines-pose-global-environmental-risk\/\" \/>\n<meta property=\"og:site_name\" content=\"KEEP the FAITH\" \/>\n<meta property=\"article:publisher\" content=\"https:\/\/www.facebook.com\/ktfministry\" \/>\n<meta property=\"article:published_time\" content=\"2019-11-20T11:00:16+00:00\" \/>\n<meta property=\"article:modified_time\" content=\"2019-11-20T01:28:18+00:00\" \/>\n<meta property=\"og:image\" content=\"https:\/\/ktfnews.com\/wp-content\/uploads\/2019\/11\/thermometer-833085_1280.jpg\" \/>\n\t<meta property=\"og:image:width\" content=\"1152\" \/>\n\t<meta property=\"og:image:height\" content=\"768\" \/>\n<meta name=\"twitter:card\" content=\"summary_large_image\" \/>\n<meta name=\"twitter:creator\" content=\"@ktfministry\" \/>\n<meta name=\"twitter:site\" content=\"@ktfministry\" \/>\n<meta name=\"twitter:label1\" content=\"Escrito por\" \/>\n\t<meta name=\"twitter:data1\" content=\"Pastor Hal Mayer\" \/>\n\t<meta name=\"twitter:label2\" content=\"Tiempo de lectura\" \/>\n\t<meta name=\"twitter:data2\" content=\"6 minutos\" \/>\n<script type=\"application\/ld+json\" class=\"yoast-schema-graph\">{\"@context\":\"https:\/\/schema.org\",\"@graph\":[{\"@type\":\"WebSite\",\"@id\":\"https:\/\/ktfnews.com\/#website\",\"url\":\"https:\/\/ktfnews.com\/\",\"name\":\"KEEP the FAITH\",\"description\":\"Preparing you for the final conflict between good and evil.\",\"potentialAction\":[{\"@type\":\"SearchAction\",\"target\":{\"@type\":\"EntryPoint\",\"urlTemplate\":\"https:\/\/ktfnews.com\/?s={search_term_string}\"},\"query-input\":\"required name=search_term_string\"}],\"inLanguage\":\"es\"},{\"@type\":\"ImageObject\",\"@id\":\"https:\/\/ktfnews.com\/pt\/medicines-pose-global-environmental-risk\/#primaryimage\",\"inLanguage\":\"es\",\"url\":\"https:\/\/ktfnews.com\/wp-content\/uploads\/2019\/11\/thermometer-833085_1280.jpg\",\"contentUrl\":\"https:\/\/ktfnews.com\/wp-content\/uploads\/2019\/11\/thermometer-833085_1280.jpg\",\"width\":1152,\"height\":768},{\"@type\":\"WebPage\",\"@id\":\"https:\/\/ktfnews.com\/pt\/medicines-pose-global-environmental-risk\/#webpage\",\"url\":\"https:\/\/ktfnews.com\/pt\/medicines-pose-global-environmental-risk\/\",\"name\":\"[:en]Medicines Pose Global Environmental Risk[:es]Los Medicamentos Representan un Riesgo para el Medio Ambiente Mundial[:] - KEEP the FAITH\",\"isPartOf\":{\"@id\":\"https:\/\/ktfnews.com\/#website\"},\"primaryImageOfPage\":{\"@id\":\"https:\/\/ktfnews.com\/pt\/medicines-pose-global-environmental-risk\/#primaryimage\"},\"datePublished\":\"2019-11-20T11:00:16+00:00\",\"dateModified\":\"2019-11-20T01:28:18+00:00\",\"author\":{\"@id\":\"https:\/\/ktfnews.com\/#\/schema\/person\/ba4174513d9169cf8e229b7d8d60410d\"},\"breadcrumb\":{\"@id\":\"https:\/\/ktfnews.com\/pt\/medicines-pose-global-environmental-risk\/#breadcrumb\"},\"inLanguage\":\"es\",\"potentialAction\":[{\"@type\":\"ReadAction\",\"target\":[\"https:\/\/ktfnews.com\/pt\/medicines-pose-global-environmental-risk\/\"]}]},{\"@type\":\"BreadcrumbList\",\"@id\":\"https:\/\/ktfnews.com\/pt\/medicines-pose-global-environmental-risk\/#breadcrumb\",\"itemListElement\":[{\"@type\":\"ListItem\",\"position\":1,\"name\":\"Home\",\"item\":\"https:\/\/ktfnews.com\/\"},{\"@type\":\"ListItem\",\"position\":2,\"name\":\"Briefings\",\"item\":\"https:\/\/ktfnews.com\/category\/briefings\/\"},{\"@type\":\"ListItem\",\"position\":3,\"name\":\"Medicines Pose Global Environmental Risk\"}]},{\"@type\":\"Person\",\"@id\":\"https:\/\/ktfnews.com\/#\/schema\/person\/ba4174513d9169cf8e229b7d8d60410d\",\"name\":\"Pastor Hal Mayer\",\"image\":{\"@type\":\"ImageObject\",\"@id\":\"https:\/\/ktfnews.com\/#personlogo\",\"inLanguage\":\"es\",\"url\":\"https:\/\/secure.gravatar.com\/avatar\/051bac95ae650254c5a03467b9456599?s=96&d=mm&r=g\",\"contentUrl\":\"https:\/\/secure.gravatar.com\/avatar\/051bac95ae650254c5a03467b9456599?s=96&d=mm&r=g\",\"caption\":\"Pastor Hal Mayer\"},\"description\":\"Pastor Hal Mayer is speaker and director of Keep the Faith Ministry. For the last 20 years Pastor Mayer\\u2019s monthly prophetic analysis on CD and online has revealed the striking evidence of fulfilling prophecy to many thousands of subscribers all over the world. Pastor Mayer\\u2019s background in history and Bible prophecy give him unique insights and perspectives that have blessed many and helped them make a deeper commitment to the Lord. Keep the Faith Ministry helps those who want to keep abreast of fulfilling prophecy and who want to understand and navigate the unique and difficult circumstances of the end-times. Keep the Faith Ministry helps to prepare you for the second coming of Christ. Pastor Mayer is married to Betsy for more than 40 years. They have no children of their own. \\u201cThe times in which we live are thrilling, because the things prophesied in God\\u2019s word are actually coming to pass in this generation,\\u201d says Pastor Mayer. \\u201cIn a time when the distinctive end-time truths of God\\u2019s word are being censored, and life in this world is becoming more and more chaotic, Keep the Faith is a voice of strength and encouragement.\\u201d\",\"url\":\"https:\/\/ktfnews.com\/es\/author\/hal\/\"}]}<\/script>\n<!-- \/ Yoast SEO plugin. -->","yoast_head_json":{"robots":{"index":"index","follow":"follow","max-snippet":"max-snippet:-1","max-image-preview":"max-image-preview:large","max-video-preview":"max-video-preview:-1"},"canonical":"https:\/\/ktfnews.com\/pt\/medicines-pose-global-environmental-risk\/","og_locale":"es_ES","og_type":"article","og_title":"[:en]Medicines Pose Global Environmental Risk[:es]Los Medicamentos Representan un Riesgo para el Medio Ambiente Mundial[:] - KEEP the FAITH","og_description":"PHYS.ORG, por Patrick Galey: Los residuos de miles de millones de dosis de antibi\u00f3ticos, analg\u00e9sicos y antidepresivos representan un riesgo significativo para los ecosistemas de agua dulce y la cadena alimentaria mundial, seg\u00fan un nuevo an\u00e1lisis publicado el jueves. Cada...","og_url":"https:\/\/ktfnews.com\/pt\/medicines-pose-global-environmental-risk\/","og_site_name":"KEEP the FAITH","article_publisher":"https:\/\/www.facebook.com\/ktfministry","article_published_time":"2019-11-20T11:00:16+00:00","article_modified_time":"2019-11-20T01:28:18+00:00","og_image":[{"width":1152,"height":768,"url":"https:\/\/ktfnews.com\/wp-content\/uploads\/2019\/11\/thermometer-833085_1280.jpg","type":"image\/jpeg"}],"twitter_card":"summary_large_image","twitter_creator":"@ktfministry","twitter_site":"@ktfministry","twitter_misc":{"Escrito por":"Pastor Hal Mayer","Tiempo de lectura":"6 minutos"},"schema":{"@context":"https:\/\/schema.org","@graph":[{"@type":"WebSite","@id":"https:\/\/ktfnews.com\/#website","url":"https:\/\/ktfnews.com\/","name":"KEEP the FAITH","description":"Preparing you for the final conflict between good and evil.","potentialAction":[{"@type":"SearchAction","target":{"@type":"EntryPoint","urlTemplate":"https:\/\/ktfnews.com\/?s={search_term_string}"},"query-input":"required name=search_term_string"}],"inLanguage":"es"},{"@type":"ImageObject","@id":"https:\/\/ktfnews.com\/pt\/medicines-pose-global-environmental-risk\/#primaryimage","inLanguage":"es","url":"https:\/\/ktfnews.com\/wp-content\/uploads\/2019\/11\/thermometer-833085_1280.jpg","contentUrl":"https:\/\/ktfnews.com\/wp-content\/uploads\/2019\/11\/thermometer-833085_1280.jpg","width":1152,"height":768},{"@type":"WebPage","@id":"https:\/\/ktfnews.com\/pt\/medicines-pose-global-environmental-risk\/#webpage","url":"https:\/\/ktfnews.com\/pt\/medicines-pose-global-environmental-risk\/","name":"[:en]Medicines Pose Global Environmental Risk[:es]Los Medicamentos Representan un Riesgo para el Medio Ambiente Mundial[:] - KEEP the FAITH","isPartOf":{"@id":"https:\/\/ktfnews.com\/#website"},"primaryImageOfPage":{"@id":"https:\/\/ktfnews.com\/pt\/medicines-pose-global-environmental-risk\/#primaryimage"},"datePublished":"2019-11-20T11:00:16+00:00","dateModified":"2019-11-20T01:28:18+00:00","author":{"@id":"https:\/\/ktfnews.com\/#\/schema\/person\/ba4174513d9169cf8e229b7d8d60410d"},"breadcrumb":{"@id":"https:\/\/ktfnews.com\/pt\/medicines-pose-global-environmental-risk\/#breadcrumb"},"inLanguage":"es","potentialAction":[{"@type":"ReadAction","target":["https:\/\/ktfnews.com\/pt\/medicines-pose-global-environmental-risk\/"]}]},{"@type":"BreadcrumbList","@id":"https:\/\/ktfnews.com\/pt\/medicines-pose-global-environmental-risk\/#breadcrumb","itemListElement":[{"@type":"ListItem","position":1,"name":"Home","item":"https:\/\/ktfnews.com\/"},{"@type":"ListItem","position":2,"name":"Briefings","item":"https:\/\/ktfnews.com\/category\/briefings\/"},{"@type":"ListItem","position":3,"name":"Medicines Pose Global Environmental Risk"}]},{"@type":"Person","@id":"https:\/\/ktfnews.com\/#\/schema\/person\/ba4174513d9169cf8e229b7d8d60410d","name":"Pastor Hal Mayer","image":{"@type":"ImageObject","@id":"https:\/\/ktfnews.com\/#personlogo","inLanguage":"es","url":"https:\/\/secure.gravatar.com\/avatar\/051bac95ae650254c5a03467b9456599?s=96&d=mm&r=g","contentUrl":"https:\/\/secure.gravatar.com\/avatar\/051bac95ae650254c5a03467b9456599?s=96&d=mm&r=g","caption":"Pastor Hal Mayer"},"description":"Pastor Hal Mayer is speaker and director of Keep the Faith Ministry. For the last 20 years Pastor Mayer\u2019s monthly prophetic analysis on CD and online has revealed the striking evidence of fulfilling prophecy to many thousands of subscribers all over the world. Pastor Mayer\u2019s background in history and Bible prophecy give him unique insights and perspectives that have blessed many and helped them make a deeper commitment to the Lord. Keep the Faith Ministry helps those who want to keep abreast of fulfilling prophecy and who want to understand and navigate the unique and difficult circumstances of the end-times. Keep the Faith Ministry helps to prepare you for the second coming of Christ. Pastor Mayer is married to Betsy for more than 40 years. They have no children of their own. \u201cThe times in which we live are thrilling, because the things prophesied in God\u2019s word are actually coming to pass in this generation,\u201d says Pastor Mayer. \u201cIn a time when the distinctive end-time truths of God\u2019s word are being censored, and life in this world is becoming more and more chaotic, Keep the Faith is a voice of strength and encouragement.\u201d","url":"https:\/\/ktfnews.com\/es\/author\/hal\/"}]}},"_links":{"self":[{"href":"https:\/\/ktfnews.com\/es\/wp-json\/wp\/v2\/posts\/18325"}],"collection":[{"href":"https:\/\/ktfnews.com\/es\/wp-json\/wp\/v2\/posts"}],"about":[{"href":"https:\/\/ktfnews.com\/es\/wp-json\/wp\/v2\/types\/post"}],"author":[{"embeddable":true,"href":"https:\/\/ktfnews.com\/es\/wp-json\/wp\/v2\/users\/6"}],"replies":[{"embeddable":true,"href":"https:\/\/ktfnews.com\/es\/wp-json\/wp\/v2\/comments?post=18325"}],"version-history":[{"count":2,"href":"https:\/\/ktfnews.com\/es\/wp-json\/wp\/v2\/posts\/18325\/revisions"}],"predecessor-version":[{"id":18328,"href":"https:\/\/ktfnews.com\/es\/wp-json\/wp\/v2\/posts\/18325\/revisions\/18328"}],"wp:featuredmedia":[{"embeddable":true,"href":"https:\/\/ktfnews.com\/es\/wp-json\/wp\/v2\/media\/18327"}],"wp:attachment":[{"href":"https:\/\/ktfnews.com\/es\/wp-json\/wp\/v2\/media?parent=18325"}],"wp:term":[{"taxonomy":"category","embeddable":true,"href":"https:\/\/ktfnews.com\/es\/wp-json\/wp\/v2\/categories?post=18325"},{"taxonomy":"post_tag","embeddable":true,"href":"https:\/\/ktfnews.com\/es\/wp-json\/wp\/v2\/tags?post=18325"}],"curies":[{"name":"wp","href":"https:\/\/api.w.org\/{rel}","templated":true}]}}