{"id":17948,"date":"2019-10-03T06:00:28","date_gmt":"2019-10-03T10:00:28","guid":{"rendered":"https:\/\/ktfnews.com\/?p=17948"},"modified":"2019-10-02T21:22:53","modified_gmt":"2019-10-03T01:22:53","slug":"pro-life-march-northern-ireland-shocking-abortion-law-decision","status":"publish","type":"post","link":"https:\/\/ktfnews.com\/es\/pro-life-march-northern-ireland-shocking-abortion-law-decision\/","title":{"rendered":"Marcha a Favor de la Vida en Irlanda del Norte Luego de la Sorprendente Decisi\u00f3n de la Ley de Aborto"},"content":{"rendered":"<p><i>Faithwire<\/i>, por Will Maule: Miles de personas han marchado hasta la puerta de los edificios del gobierno de Irlanda del Norte en protesta contra un cambio recientemente propuesto en las leyes de aborto de la naci\u00f3n. La \u00abprotesta silenciosa\u00bb del viernes fue en respuesta a la legislaci\u00f3n del parlamento brit\u00e1nico aprobada en julio que ordena a Irlanda del Norte que se ajuste a las leyes liberales de aborto del Reino Unido.<\/p>\n<p>Actualmente, en virtud de la Ley de Justicia Penal de 1945 (Irlanda del Norte), el aborto es casi completamente ilegal en Irlanda de Norte. Se pueden hacer excepciones si el aborto es necesario para salvar la vida de la madre, o si la continuaci\u00f3n del embarazo la pone en riesgo inminente de da\u00f1o.<\/p>\n<p>En 2016-2017, s\u00f3lo se realizaron 13 abortos en toda Irlanda del Norte. En comparaci\u00f3n, tanto en Inglaterra como en Gales, hab\u00eda aproximadamente 200.000. La Ley de Aborto de 1967 legaliz\u00f3 ampliamente el aborto en toda Gran Breta\u00f1a y establece disposiciones para la interrupci\u00f3n del embarazo de los beb\u00e9s no nacidos hasta las 28 semanas de gestaci\u00f3n.<\/p>\n<p>Sin embargo, el sentimiento en Irlanda del Norte es muy diferente. Una naci\u00f3n arraigada en la tradici\u00f3n cristiana, las im\u00e1genes de la marcha \u00abNI Voiceless\u00bb ilustran el hecho de que vastos sectores de la sociedad norirlandesa -hombres y mujeres, j\u00f3venes y ancianos- contin\u00faan preocup\u00e1ndose profundamente por la protecci\u00f3n de los beb\u00e9s no nacidos. Se estima que 20.000 personas se presentaron a la marcha, lo que equivale a un 10% de toda la capital de Belfast.<\/p>\n<p>\u00abFue tremendo ver a tantos unirse para enviar un mensaje claro y poderoso a nuestros pol\u00edticos de que es hora de dejar las diferencias a un lado y volver a poner en marcha la Asamblea\u00bb, dijo a Faithwire Mark Baillie, Oficial de Pol\u00edticas de CARE NI, despu\u00e9s de asistir al evento.<br \/>\n\u00abLa decisi\u00f3n de Westminster de imponernos uno de los reg\u00edmenes de aborto m\u00e1s liberales del mundo sin siquiera consultar a la gente de Irlanda del Norte es inaceptable. No se nos pregunt\u00f3, y no pueden presumir de hablar por nosotros.\u00bb<\/p>\n<p>Baille agreg\u00f3 que \u00abla noche del viernes demostr\u00f3 que muchas personas en Irlanda del Norte creen que nuestras leyes sobre el aborto deben afirmar la vida.\u00bb<\/p>\n<p>\u00abEsperamos y oramos para que nuestros pol\u00edticos escuchen el mensaje de la gente de Irlanda del Norte de que necesitamos que nuestra Asamblea regrese para el 21 de octubre para que podamos evitar que las leyes radicales de aborto se conviertan en realidad.\u00bb<\/p>\n<p>\u00bfPor qu\u00e9 la ley de aborto de Irlanda del Norte es diferente al resto del Reino Unido?<\/p>\n<p>Aunque Irlanda del Norte forma parte oficialmente del Reino Unido, tiene una asamblea de gobierno descentralizada que legisla sobre importantes asuntos internos. Como tal, el pa\u00eds no est\u00e1 bajo la jurisdicci\u00f3n de la Ley de Aborto de 1967 del Reino Unido y ha decidido mantener la pr\u00e1ctica como ilegal.<\/p>\n<p>Sin embargo, desde 2017, la Asamblea de Irlanda del Norte (Stormont) no ha estado funcionando: se derrumb\u00f3 tras la dimisi\u00f3n del ex primer ministro Martin Mcguiness en medio de acusaciones de esc\u00e1ndalo y corrupci\u00f3n entre los dos partidos, los Unionistas Democr\u00e1ticos y el Sinn Fein.<\/p>\n<p>Sin un acuerdo bipartidista y con varias organizaciones pro-aborto que presionan implacablemente al gobierno brit\u00e1nico, los parlamentarios de Westminster decidieron que era hora de actuar. Por lo tanto, aprobaron un proyecto de ley que liberalizar\u00e1 las leyes de aborto en Irlanda del Norte si Stormont no reinicia y legisla sobre el tema antes del 21 de octubre.<\/p>\n<p>Esto ha enfurecido a los activistas pro-vida en Irlanda del Norte, que sienten que han sido fuertemente armados en el cambio legislativo. De hecho, muchos de los asistentes a la marcha llevaban pancartas que dec\u00edan: \u00abNo se nos consult\u00f3\u00bb.<\/p>\n<p>\u00abAlgunos de nosotros, como gente com\u00fan y corriente, no pod\u00edamos quedarnos sentados sin hacer nada y aceptar\u00bb, dijo el organizador del evento, Paul Coulter, a la BBC.<\/p>\n<p>\u00abNo nos preguntaron sobre esto, nuestros representantes electos no lo apoyan y la opini\u00f3n p\u00fablica aqu\u00ed no lo apoya.\u00bb<\/p>\n<p>En los \u00faltimos a\u00f1os, las tensiones entre los dos partidos gobernantes han sido muy fuertes: el DUP, hist\u00f3ricamente protestante\/sindicalista, ha favorecido la continuidad de la uni\u00f3n con el Reino Unido, y el Sinn Fein, hist\u00f3ricamente cat\u00f3lico\/republicano irland\u00e9s, ha hecho campa\u00f1a a favor de la ruptura con el Gobierno brit\u00e1nico y de la unificaci\u00f3n de Irlanda. De hecho, el Sinn Fein sigue practicando el abstencionismo: sus funcionarios electos se niegan a sentarse en el parlamento de Westminster para protestar contra el dominio brit\u00e1nico.<\/p>\n<p>Fue la culminaci\u00f3n de estas tensiones religiosas y \u00e9tnicas, junto con un desacuerdo geogr\u00e1fico fundamental que contribuy\u00f3 al brutal conflicto civil que asol\u00f3 a Irlanda del Norte en los a\u00f1os setenta, ochenta y noventa. Este per\u00edodo de guerra fue conocido como \u00abLos Problemas\u00bb y se cobr\u00f3 miles de vidas.<\/p>\n<p>En 1998, el Primer Ministro brit\u00e1nico Tony Blair negoci\u00f3 un acuerdo de paz, el \u00abAcuerdo del Viernes Santo\u00bb, que condujo a la creaci\u00f3n de la Asamblea de Irlanda del Norte y a un acuerdo provisional de reparto del poder entre las dos partes principales. Las dos figuras principales involucradas en el proceso fueron el predicador y l\u00edder sindicalista, Rev. Ian Paisley, y el ex l\u00edder paramilitar del Ej\u00e9rcito Republicano Irland\u00e9s (IRA), Martin McGuiness.<\/p>\n<p>McGuiness acept\u00f3 asumir el cargo de Viceprimer Ministro, mientras que Paisley asumi\u00f3 el cargo de Primer Ministro. Anteriormente, ambos eran archienemigos juramentados, pero con el tiempo se convirtieron en colegas joviales &#8211; se los conoce como \u00ablos hermanos de la risa\u00bb.<\/p>\n<p>Al firmar el Acuerdo del Viernes Santo, parec\u00eda que se hab\u00eda encontrado un compromiso relativo y se hab\u00eda logrado una paz hist\u00f3rica: los grupos paramilitares depusieron las armas y los bombardeos se fueron reduciendo. Sin embargo, en los dos decenios transcurridos desde entonces, el gobierno interpartidista entre las dos partes ha estado cargado de retrasos y frustraciones.<\/p>\n<p>Junto con la liberalizaci\u00f3n de las leyes de aborto, Westminster tambi\u00e9n ha tomado como objetivo el matrimonio entre personas del mismo sexo, que actualmente est\u00e1 prohibido en Irlanda del Norte. En una votaci\u00f3n de dos temas en el parlamento, los diputados decidieron que esto tambi\u00e9n deber\u00eda ser legalizado si Stormont no puede volver a funcionar.<\/p>\n<p>Conexi\u00f3n Prof\u00e9tica:<br \/>\n\u201cPocos saben hasta qu\u00e9 punto se lleva a cabo en todas las clases de la sociedad este nefasto negocio, esta pr\u00e1ctica peor que diab\u00f3lica! Muchas mujeres determinan que no se convertir\u00e1n en madres, y se someten al m\u00e1s vil tratamiento, cometiendo el m\u00e1s bajo crimen para llevar a cabo su prop\u00f3sito\u00bb. White, James, <i>A Solemn Appeal<\/i>, p\u00e1gina 100.<\/p>\n<hr>\n<h3>Source References<\/h3>\n<ul>\n<li>\n<h5><a href=\"https:\/\/www.faithwire.com\/2019\/09\/09\/massive-pro-life-march-erupts-in-northern-ireland-after-shocking-abortion-law-decision\/\" target=\"_blank\">Massive Pro-Life March Erupts in Northern Ireland After Shocking Abortion Law Decision<\/a><\/h5>\n<\/li>\n<\/ul>\n<p><\/p>\n<!-- AddThis Advanced Settings generic via filter on the_content -->","protected":false},"excerpt":{"rendered":"<p>Faithwire, por Will Maule: Miles de personas han marchado hasta la puerta de los edificios del gobierno de Irlanda del Norte en protesta contra un cambio recientemente propuesto en las leyes de aborto de la naci\u00f3n. La \u00abprotesta silenciosa\u00bb del&#8230;<!-- AddThis Advanced Settings generic via filter on wp_trim_excerpt --><\/p>\n","protected":false},"author":6,"featured_media":17949,"comment_status":"open","ping_status":"open","sticky":false,"template":"","format":"standard","meta":{"episode_type":"","audio_file":"","duration":"","filesize":"","date_recorded":"","explicit":"","block":"","filesize_raw":"","_FSMCFIC_featured_image_caption":"Image: Alaina Ward (https:\/\/creativecommons.org\/licenses\/by-sa\/2.0), flickr.com","_FSMCFIC_featured_image_nocaption":null,"_FSMCFIC_featured_image_hide":null,"_links_to":"","_links_to_target":""},"categories":[722,32],"tags":[2464,888,1501,2226],"featured_image_urls":{"thumbnail":"https:\/\/ktfnews.com\/wp-content\/uploads\/2019\/10\/5097671955_5d44c012d8_k-150x150.jpg","medium":"https:\/\/ktfnews.com\/wp-content\/uploads\/2019\/10\/5097671955_5d44c012d8_k-300x194.jpg","medium_large":"https:\/\/ktfnews.com\/wp-content\/uploads\/2019\/10\/5097671955_5d44c012d8_k-768x498.jpg","large":"https:\/\/ktfnews.com\/wp-content\/uploads\/2019\/10\/5097671955_5d44c012d8_k-1024x664.jpg","team-small":"https:\/\/ktfnews.com\/wp-content\/uploads\/2019\/10\/5097671955_5d44c012d8_k-138x162.jpg","team-overview":"https:\/\/ktfnews.com\/wp-content\/uploads\/2019\/10\/5097671955_5d44c012d8_k-200x279.jpg","team-big":"https:\/\/ktfnews.com\/wp-content\/uploads\/2019\/10\/5097671955_5d44c012d8_k-540x270.jpg","two-columns":"https:\/\/ktfnews.com\/wp-content\/uploads\/2019\/10\/5097671955_5d44c012d8_k-379x242.jpg","one-column":"https:\/\/ktfnews.com\/wp-content\/uploads\/2019\/10\/5097671955_5d44c012d8_k-379x242.jpg","mini-square":"https:\/\/ktfnews.com\/wp-content\/uploads\/2019\/10\/5097671955_5d44c012d8_k-70x70.jpg","portfolio-widget-mainpage":"https:\/\/ktfnews.com\/wp-content\/uploads\/2019\/10\/5097671955_5d44c012d8_k-335x195.jpg","portfolio-single-ajax":"https:\/\/ktfnews.com\/wp-content\/uploads\/2019\/10\/5097671955_5d44c012d8_k-670x280.jpg","portfolio-single-big":"https:\/\/ktfnews.com\/wp-content\/uploads\/2019\/10\/5097671955_5d44c012d8_k-685x480.jpg","portfolio-single-small":"https:\/\/ktfnews.com\/wp-content\/uploads\/2019\/10\/5097671955_5d44c012d8_k-685x280.jpg","portfolio-single-full-big":"https:\/\/ktfnews.com\/wp-content\/uploads\/2019\/10\/5097671955_5d44c012d8_k-960x590.jpg","portfolio-single-full-small":"https:\/\/ktfnews.com\/wp-content\/uploads\/2019\/10\/5097671955_5d44c012d8_k-960x250.jpg","gallery-post":"https:\/\/ktfnews.com\/wp-content\/uploads\/2019\/10\/5097671955_5d44c012d8_k-182x126.jpg","gallery-post-smaller":"https:\/\/ktfnews.com\/wp-content\/uploads\/2019\/10\/5097671955_5d44c012d8_k-158x100.jpg","gallery-standard":"https:\/\/ktfnews.com\/wp-content\/uploads\/2019\/10\/5097671955_5d44c012d8_k-257x169.jpg","tooltip-preview":"https:\/\/ktfnews.com\/wp-content\/uploads\/2019\/10\/5097671955_5d44c012d8_k-227x133.jpg","widget-content-slider":"https:\/\/ktfnews.com\/wp-content\/uploads\/2019\/10\/5097671955_5d44c012d8_k-230x137.jpg","post-top-articles":"https:\/\/ktfnews.com\/wp-content\/uploads\/2019\/10\/5097671955_5d44c012d8_k-130x100.jpg","post-single-wide":"https:\/\/ktfnews.com\/wp-content\/uploads\/2019\/10\/5097671955_5d44c012d8_k-595x360.jpg","post-single-wide-nocrop":"https:\/\/ktfnews.com\/wp-content\/uploads\/2019\/10\/5097671955_5d44c012d8_k-595x386.jpg","post-single-wide-mobile":"https:\/\/ktfnews.com\/wp-content\/uploads\/2019\/10\/5097671955_5d44c012d8_k-320x190.jpg","post-single-wide-small":"https:\/\/ktfnews.com\/wp-content\/uploads\/2019\/10\/5097671955_5d44c012d8_k-595x190.jpg","post-single-square":"https:\/\/ktfnews.com\/wp-content\/uploads\/2019\/10\/5097671955_5d44c012d8_k-120x120.jpg","post-single-full-small":"https:\/\/ktfnews.com\/wp-content\/uploads\/2019\/10\/5097671955_5d44c012d8_k-950x360.jpg","post-single-full-big":"https:\/\/ktfnews.com\/wp-content\/uploads\/2019\/10\/5097671955_5d44c012d8_k-950x590.jpg","photo-blog":"https:\/\/ktfnews.com\/wp-content\/uploads\/2019\/10\/5097671955_5d44c012d8_k-768x498.jpg"},"appp_media":null,"yoast_head":"<!-- This site is optimized with the Yoast SEO plugin v17.3 - https:\/\/yoast.com\/wordpress\/plugins\/seo\/ -->\n<meta name=\"robots\" content=\"index, follow, max-snippet:-1, max-image-preview:large, max-video-preview:-1\" \/>\n<link rel=\"canonical\" href=\"https:\/\/ktfnews.com\/es\/pro-life-march-northern-ireland-shocking-abortion-law-decision\/\" \/>\n<meta property=\"og:locale\" content=\"es_ES\" \/>\n<meta property=\"og:type\" content=\"article\" \/>\n<meta property=\"og:title\" content=\"[:en]Pro-Life March in Northern Ireland after Shocking Abortion Law Decision [:es]Marcha a Favor de la Vida en Irlanda del Norte Luego de la Sorprendente Decisi\u00f3n de la Ley de Aborto[:] - KEEP the FAITH\" \/>\n<meta property=\"og:description\" content=\"Faithwire, por Will Maule: Miles de personas han marchado hasta la puerta de los edificios del gobierno de Irlanda del Norte en protesta contra un cambio recientemente propuesto en las leyes de aborto de la naci\u00f3n. La \u00abprotesta silenciosa\u00bb del...\" \/>\n<meta property=\"og:url\" content=\"https:\/\/ktfnews.com\/es\/pro-life-march-northern-ireland-shocking-abortion-law-decision\/\" \/>\n<meta property=\"og:site_name\" content=\"KEEP the FAITH\" \/>\n<meta property=\"article:publisher\" content=\"https:\/\/www.facebook.com\/ktfministry\" \/>\n<meta property=\"article:published_time\" content=\"2019-10-03T10:00:28+00:00\" \/>\n<meta property=\"article:modified_time\" content=\"2019-10-03T01:22:53+00:00\" \/>\n<meta property=\"og:image\" content=\"https:\/\/ktfnews.com\/wp-content\/uploads\/2019\/10\/5097671955_5d44c012d8_k.jpg\" \/>\n\t<meta property=\"og:image:width\" content=\"1080\" \/>\n\t<meta property=\"og:image:height\" content=\"700\" \/>\n<meta name=\"twitter:card\" content=\"summary_large_image\" \/>\n<meta name=\"twitter:creator\" content=\"@ktfministry\" \/>\n<meta name=\"twitter:site\" content=\"@ktfministry\" \/>\n<meta name=\"twitter:label1\" content=\"Escrito por\" \/>\n\t<meta name=\"twitter:data1\" content=\"Pastor Hal Mayer\" \/>\n\t<meta name=\"twitter:label2\" content=\"Tiempo de lectura\" \/>\n\t<meta name=\"twitter:data2\" content=\"11 minutos\" \/>\n<script type=\"application\/ld+json\" class=\"yoast-schema-graph\">{\"@context\":\"https:\/\/schema.org\",\"@graph\":[{\"@type\":\"WebSite\",\"@id\":\"https:\/\/ktfnews.com\/#website\",\"url\":\"https:\/\/ktfnews.com\/\",\"name\":\"KEEP the FAITH\",\"description\":\"Preparing you for the final conflict between good and evil.\",\"potentialAction\":[{\"@type\":\"SearchAction\",\"target\":{\"@type\":\"EntryPoint\",\"urlTemplate\":\"https:\/\/ktfnews.com\/?s={search_term_string}\"},\"query-input\":\"required name=search_term_string\"}],\"inLanguage\":\"es\"},{\"@type\":\"ImageObject\",\"@id\":\"https:\/\/ktfnews.com\/es\/pro-life-march-northern-ireland-shocking-abortion-law-decision\/#primaryimage\",\"inLanguage\":\"es\",\"url\":\"https:\/\/ktfnews.com\/wp-content\/uploads\/2019\/10\/5097671955_5d44c012d8_k.jpg\",\"contentUrl\":\"https:\/\/ktfnews.com\/wp-content\/uploads\/2019\/10\/5097671955_5d44c012d8_k.jpg\",\"width\":1080,\"height\":700},{\"@type\":\"WebPage\",\"@id\":\"https:\/\/ktfnews.com\/es\/pro-life-march-northern-ireland-shocking-abortion-law-decision\/#webpage\",\"url\":\"https:\/\/ktfnews.com\/es\/pro-life-march-northern-ireland-shocking-abortion-law-decision\/\",\"name\":\"[:en]Pro-Life March in Northern Ireland after Shocking Abortion Law Decision [:es]Marcha a Favor de la Vida en Irlanda del Norte Luego de la Sorprendente Decisi\\u00f3n de la Ley de Aborto[:] - KEEP the FAITH\",\"isPartOf\":{\"@id\":\"https:\/\/ktfnews.com\/#website\"},\"primaryImageOfPage\":{\"@id\":\"https:\/\/ktfnews.com\/es\/pro-life-march-northern-ireland-shocking-abortion-law-decision\/#primaryimage\"},\"datePublished\":\"2019-10-03T10:00:28+00:00\",\"dateModified\":\"2019-10-03T01:22:53+00:00\",\"author\":{\"@id\":\"https:\/\/ktfnews.com\/#\/schema\/person\/ba4174513d9169cf8e229b7d8d60410d\"},\"breadcrumb\":{\"@id\":\"https:\/\/ktfnews.com\/es\/pro-life-march-northern-ireland-shocking-abortion-law-decision\/#breadcrumb\"},\"inLanguage\":\"es\",\"potentialAction\":[{\"@type\":\"ReadAction\",\"target\":[\"https:\/\/ktfnews.com\/es\/pro-life-march-northern-ireland-shocking-abortion-law-decision\/\"]}]},{\"@type\":\"BreadcrumbList\",\"@id\":\"https:\/\/ktfnews.com\/es\/pro-life-march-northern-ireland-shocking-abortion-law-decision\/#breadcrumb\",\"itemListElement\":[{\"@type\":\"ListItem\",\"position\":1,\"name\":\"Home\",\"item\":\"https:\/\/ktfnews.com\/\"},{\"@type\":\"ListItem\",\"position\":2,\"name\":\"Briefings\",\"item\":\"https:\/\/ktfnews.com\/category\/briefings\/\"},{\"@type\":\"ListItem\",\"position\":3,\"name\":\"Pro-Life March in Northern Ireland after Shocking Abortion Law Decision\"}]},{\"@type\":\"Person\",\"@id\":\"https:\/\/ktfnews.com\/#\/schema\/person\/ba4174513d9169cf8e229b7d8d60410d\",\"name\":\"Pastor Hal Mayer\",\"image\":{\"@type\":\"ImageObject\",\"@id\":\"https:\/\/ktfnews.com\/#personlogo\",\"inLanguage\":\"es\",\"url\":\"https:\/\/secure.gravatar.com\/avatar\/051bac95ae650254c5a03467b9456599?s=96&d=mm&r=g\",\"contentUrl\":\"https:\/\/secure.gravatar.com\/avatar\/051bac95ae650254c5a03467b9456599?s=96&d=mm&r=g\",\"caption\":\"Pastor Hal Mayer\"},\"description\":\"Pastor Hal Mayer is speaker and director of Keep the Faith Ministry. For the last 20 years Pastor Mayer\\u2019s monthly prophetic analysis on CD and online has revealed the striking evidence of fulfilling prophecy to many thousands of subscribers all over the world. Pastor Mayer\\u2019s background in history and Bible prophecy give him unique insights and perspectives that have blessed many and helped them make a deeper commitment to the Lord. Keep the Faith Ministry helps those who want to keep abreast of fulfilling prophecy and who want to understand and navigate the unique and difficult circumstances of the end-times. Keep the Faith Ministry helps to prepare you for the second coming of Christ. Pastor Mayer is married to Betsy for more than 40 years. They have no children of their own. \\u201cThe times in which we live are thrilling, because the things prophesied in God\\u2019s word are actually coming to pass in this generation,\\u201d says Pastor Mayer. \\u201cIn a time when the distinctive end-time truths of God\\u2019s word are being censored, and life in this world is becoming more and more chaotic, Keep the Faith is a voice of strength and encouragement.\\u201d\",\"url\":\"https:\/\/ktfnews.com\/es\/author\/hal\/\"}]}<\/script>\n<!-- \/ Yoast SEO plugin. -->","yoast_head_json":{"robots":{"index":"index","follow":"follow","max-snippet":"max-snippet:-1","max-image-preview":"max-image-preview:large","max-video-preview":"max-video-preview:-1"},"canonical":"https:\/\/ktfnews.com\/es\/pro-life-march-northern-ireland-shocking-abortion-law-decision\/","og_locale":"es_ES","og_type":"article","og_title":"[:en]Pro-Life March in Northern Ireland after Shocking Abortion Law Decision [:es]Marcha a Favor de la Vida en Irlanda del Norte Luego de la Sorprendente Decisi\u00f3n de la Ley de Aborto[:] - KEEP the FAITH","og_description":"Faithwire, por Will Maule: Miles de personas han marchado hasta la puerta de los edificios del gobierno de Irlanda del Norte en protesta contra un cambio recientemente propuesto en las leyes de aborto de la naci\u00f3n. La \u00abprotesta silenciosa\u00bb del...","og_url":"https:\/\/ktfnews.com\/es\/pro-life-march-northern-ireland-shocking-abortion-law-decision\/","og_site_name":"KEEP the FAITH","article_publisher":"https:\/\/www.facebook.com\/ktfministry","article_published_time":"2019-10-03T10:00:28+00:00","article_modified_time":"2019-10-03T01:22:53+00:00","og_image":[{"width":1080,"height":700,"url":"https:\/\/ktfnews.com\/wp-content\/uploads\/2019\/10\/5097671955_5d44c012d8_k.jpg","type":"image\/jpeg"}],"twitter_card":"summary_large_image","twitter_creator":"@ktfministry","twitter_site":"@ktfministry","twitter_misc":{"Escrito por":"Pastor Hal Mayer","Tiempo de lectura":"11 minutos"},"schema":{"@context":"https:\/\/schema.org","@graph":[{"@type":"WebSite","@id":"https:\/\/ktfnews.com\/#website","url":"https:\/\/ktfnews.com\/","name":"KEEP the FAITH","description":"Preparing you for the final conflict between good and evil.","potentialAction":[{"@type":"SearchAction","target":{"@type":"EntryPoint","urlTemplate":"https:\/\/ktfnews.com\/?s={search_term_string}"},"query-input":"required name=search_term_string"}],"inLanguage":"es"},{"@type":"ImageObject","@id":"https:\/\/ktfnews.com\/es\/pro-life-march-northern-ireland-shocking-abortion-law-decision\/#primaryimage","inLanguage":"es","url":"https:\/\/ktfnews.com\/wp-content\/uploads\/2019\/10\/5097671955_5d44c012d8_k.jpg","contentUrl":"https:\/\/ktfnews.com\/wp-content\/uploads\/2019\/10\/5097671955_5d44c012d8_k.jpg","width":1080,"height":700},{"@type":"WebPage","@id":"https:\/\/ktfnews.com\/es\/pro-life-march-northern-ireland-shocking-abortion-law-decision\/#webpage","url":"https:\/\/ktfnews.com\/es\/pro-life-march-northern-ireland-shocking-abortion-law-decision\/","name":"[:en]Pro-Life March in Northern Ireland after Shocking Abortion Law Decision [:es]Marcha a Favor de la Vida en Irlanda del Norte Luego de la Sorprendente Decisi\u00f3n de la Ley de Aborto[:] - KEEP the FAITH","isPartOf":{"@id":"https:\/\/ktfnews.com\/#website"},"primaryImageOfPage":{"@id":"https:\/\/ktfnews.com\/es\/pro-life-march-northern-ireland-shocking-abortion-law-decision\/#primaryimage"},"datePublished":"2019-10-03T10:00:28+00:00","dateModified":"2019-10-03T01:22:53+00:00","author":{"@id":"https:\/\/ktfnews.com\/#\/schema\/person\/ba4174513d9169cf8e229b7d8d60410d"},"breadcrumb":{"@id":"https:\/\/ktfnews.com\/es\/pro-life-march-northern-ireland-shocking-abortion-law-decision\/#breadcrumb"},"inLanguage":"es","potentialAction":[{"@type":"ReadAction","target":["https:\/\/ktfnews.com\/es\/pro-life-march-northern-ireland-shocking-abortion-law-decision\/"]}]},{"@type":"BreadcrumbList","@id":"https:\/\/ktfnews.com\/es\/pro-life-march-northern-ireland-shocking-abortion-law-decision\/#breadcrumb","itemListElement":[{"@type":"ListItem","position":1,"name":"Home","item":"https:\/\/ktfnews.com\/"},{"@type":"ListItem","position":2,"name":"Briefings","item":"https:\/\/ktfnews.com\/category\/briefings\/"},{"@type":"ListItem","position":3,"name":"Pro-Life March in Northern Ireland after Shocking Abortion Law Decision"}]},{"@type":"Person","@id":"https:\/\/ktfnews.com\/#\/schema\/person\/ba4174513d9169cf8e229b7d8d60410d","name":"Pastor Hal Mayer","image":{"@type":"ImageObject","@id":"https:\/\/ktfnews.com\/#personlogo","inLanguage":"es","url":"https:\/\/secure.gravatar.com\/avatar\/051bac95ae650254c5a03467b9456599?s=96&d=mm&r=g","contentUrl":"https:\/\/secure.gravatar.com\/avatar\/051bac95ae650254c5a03467b9456599?s=96&d=mm&r=g","caption":"Pastor Hal Mayer"},"description":"Pastor Hal Mayer is speaker and director of Keep the Faith Ministry. For the last 20 years Pastor Mayer\u2019s monthly prophetic analysis on CD and online has revealed the striking evidence of fulfilling prophecy to many thousands of subscribers all over the world. Pastor Mayer\u2019s background in history and Bible prophecy give him unique insights and perspectives that have blessed many and helped them make a deeper commitment to the Lord. Keep the Faith Ministry helps those who want to keep abreast of fulfilling prophecy and who want to understand and navigate the unique and difficult circumstances of the end-times. Keep the Faith Ministry helps to prepare you for the second coming of Christ. Pastor Mayer is married to Betsy for more than 40 years. They have no children of their own. \u201cThe times in which we live are thrilling, because the things prophesied in God\u2019s word are actually coming to pass in this generation,\u201d says Pastor Mayer. \u201cIn a time when the distinctive end-time truths of God\u2019s word are being censored, and life in this world is becoming more and more chaotic, Keep the Faith is a voice of strength and encouragement.\u201d","url":"https:\/\/ktfnews.com\/es\/author\/hal\/"}]}},"_links":{"self":[{"href":"https:\/\/ktfnews.com\/es\/wp-json\/wp\/v2\/posts\/17948"}],"collection":[{"href":"https:\/\/ktfnews.com\/es\/wp-json\/wp\/v2\/posts"}],"about":[{"href":"https:\/\/ktfnews.com\/es\/wp-json\/wp\/v2\/types\/post"}],"author":[{"embeddable":true,"href":"https:\/\/ktfnews.com\/es\/wp-json\/wp\/v2\/users\/6"}],"replies":[{"embeddable":true,"href":"https:\/\/ktfnews.com\/es\/wp-json\/wp\/v2\/comments?post=17948"}],"version-history":[{"count":2,"href":"https:\/\/ktfnews.com\/es\/wp-json\/wp\/v2\/posts\/17948\/revisions"}],"predecessor-version":[{"id":17956,"href":"https:\/\/ktfnews.com\/es\/wp-json\/wp\/v2\/posts\/17948\/revisions\/17956"}],"wp:featuredmedia":[{"embeddable":true,"href":"https:\/\/ktfnews.com\/es\/wp-json\/wp\/v2\/media\/17949"}],"wp:attachment":[{"href":"https:\/\/ktfnews.com\/es\/wp-json\/wp\/v2\/media?parent=17948"}],"wp:term":[{"taxonomy":"category","embeddable":true,"href":"https:\/\/ktfnews.com\/es\/wp-json\/wp\/v2\/categories?post=17948"},{"taxonomy":"post_tag","embeddable":true,"href":"https:\/\/ktfnews.com\/es\/wp-json\/wp\/v2\/tags?post=17948"}],"curies":[{"name":"wp","href":"https:\/\/api.w.org\/{rel}","templated":true}]}}