{"id":12982,"date":"2017-12-06T00:30:07","date_gmt":"2017-12-06T05:30:07","guid":{"rendered":"https:\/\/ktfnews.com\/?p=12982"},"modified":"2017-12-24T19:27:23","modified_gmt":"2017-12-25T00:27:23","slug":"pope-francis-visits-bangladesh","status":"publish","type":"post","link":"https:\/\/ktfnews.com\/es\/pope-francis-visits-bangladesh\/","title":{"rendered":"El Papa Francisco Visita Banglad\u00e9s"},"content":{"rendered":"<p>El Papa Francisco visit\u00f3 Myanmar y Banglad\u00e9s del 27 de noviembre al 2 de diciembre. Ambos pa\u00edses tienen una poblaci\u00f3n cat\u00f3lica de aproximadamente el 1%. En Myanmar, el 90% del total de la poblaci\u00f3n es budista y en Banglad\u00e9s el 90% es musulm\u00e1n. Tras una despedida oficial, el Papa vol\u00f3 a Roma desde Dhaka el s\u00e1bado por la tarde.<\/p>\n<p>Una de las intenciones del Papa fue confirmar la fe de las comunidades cat\u00f3licas en estos dos pa\u00edses pero tambi\u00e9n quiso fortalecer la influencia pol\u00edtica y los contactos dentro de estas dos naciones no cat\u00f3licas. Como de costumbre, el Papa Francisco hizo hincapi\u00e9 en \u00abla armon\u00eda y la paz\u00bb y alent\u00f3 la cooperaci\u00f3n ecum\u00e9nica e interreligiosa. Como de costumbre, el Papa dirigi\u00f3 varias misas. Tambi\u00e9n dirigi\u00f3 una ordenaci\u00f3n de 17 sacerdotes en Banglad\u00e9s.<\/p>\n<p>Mientras estuvo en Myanmar, el Papa se reuni\u00f3 con el l\u00edder popular Aung San Suu Kyi, as\u00ed como con el presidente y el general militar de mayor rango. Al reunirse con las autoridades estatales de Myanmar, l\u00edderes de la sociedad civil y el cuerpo diplom\u00e1tico en Nay Pyi Taw, alent\u00f3 a la naci\u00f3n sobre el \u201carduo proceso de construcci\u00f3n de la paz y reconciliaci\u00f3n nacional\u00bb diciendo que solo se puede lograr mediante un \u00abcompromiso con la justicia y el respeto por derechos humanos\u201d, un proceso en el que los l\u00edderes religiosos tienen un papel crucial que desempe\u00f1ar.<\/p>\n<p>En Yangon, el Papa se reuni\u00f3 con l\u00edderes budistas y obispos locales, as\u00ed como con cat\u00f3licos comunes. En un encuentro no programado con los l\u00edderes de las diversas comunidades religiosas de Myanmar, el Papa Francisco los inst\u00f3 a trabajar juntos para reconstruir el pa\u00eds a trav\u00e9s de la unidad en medio de la diversidad de la naci\u00f3n y no a trav\u00e9s de la uniformidad. Al reunirse con el poderoso Consejo Supremo de monjes budistas, el Papa Francisco les inst\u00f3 a seguir el camino de la compasi\u00f3n y el amor hacia todos para sanar las heridas causadas por los conflictos, la pobreza y la opresi\u00f3n.<\/p>\n<p>El 30 de noviembre, el Papa Francisco fue a Banglad\u00e9s y se reuni\u00f3 con las autoridades de la naci\u00f3n, el cuerpo diplom\u00e1tico y la sociedad civil. All\u00ed expres\u00f3 su agradecimiento por la generosidad y la solidaridad de Banglad\u00e9s con los musulmanes Rohingya que hu\u00edan de Myanmar. Hizo un llamado a la comunidad internacional para encontrar una soluci\u00f3n a la crisis Rohingya y ayudar a Banglad\u00e9s a enfrentar la emergencia. Tambi\u00e9n hizo hincapi\u00e9 en que nunca se debe invocar el nombre de Dios para justificar el odio y la violencia en otros.<\/p>\n<p>La noche del viernes 1 de diciembre, el Papa Francisco se encontr\u00f3 con 16 refugiados Rohingya (musulmanes) de Myanmar que huyeron a Banglad\u00e9s y escuch\u00f3 sus historias de persecuci\u00f3n. \u00abLa presencia de Dios hoy tambi\u00e9n se llama &#8216;Rohingya'\u00bb, dijo el Papa, pidi\u00e9ndoles perd\u00f3n por todo el dolor y la indiferencia que han soportado y exigi\u00f3 que se reconocieran sus derechos. Tambi\u00e9n visit\u00f3 un hogar para hu\u00e9rfanos, madres solteras y ancianos indigentes. Y por \u00faltimo, dirigi\u00f3 una misa para j\u00f3venes antes de regresar a Roma.<\/p>\n<p>Las visitas papales siempre incluyen la mezcla de iglesia y estado. Bajo la cubierta de prop\u00f3sitos religiosos, el Papa Francisco contin\u00faa promoviendo la participaci\u00f3n papal en la pol\u00edtica estatal descrita por el ap\u00f3stol Juan en Apocalipsis 17 como la mujer (iglesia) cabalgando sobre una bestia (estado). \u00abY vi a una mujer sentada sobre una bestia de color escarlata, llena de nombres de blasfemia, que ten\u00eda siete cabezas y diez cuernos\u00bb.<\/p>\n<hr>\n<h3>Source References<\/h3>\n<ul>\n<li>\n<h5><a href=\"http:\/\/en.radiovaticana.va\/news\/2017\/12\/02\/myanmar_bangladesh_journey_roundup\/1352600\" target=\"_blank\">Pope concludes apostolic visit to Myanmar, Bangladesh<\/a><\/h5>\n<\/li>\n<\/ul>\n<p><\/p>\n<!-- AddThis Advanced Settings generic via filter on the_content -->","protected":false},"excerpt":{"rendered":"<p>El Papa Francisco visit\u00f3 Myanmar y Banglad\u00e9s del 27 de noviembre al 2 de diciembre. Ambos pa\u00edses tienen una poblaci\u00f3n cat\u00f3lica de aproximadamente el 1%. En Myanmar, el 90% del total de la poblaci\u00f3n es budista y en Banglad\u00e9s el&#8230;<!-- AddThis Advanced Settings generic via filter on wp_trim_excerpt --><\/p>\n","protected":false},"author":6,"featured_media":0,"comment_status":"open","ping_status":"open","sticky":false,"template":"","format":"standard","meta":{"episode_type":"","audio_file":"","duration":"","filesize":"","date_recorded":"","explicit":"","block":"","filesize_raw":"","_FSMCFIC_featured_image_caption":"","_FSMCFIC_featured_image_nocaption":"","_FSMCFIC_featured_image_hide":"","_links_to":"","_links_to_target":""},"categories":[722,32],"tags":[406,377,1953,111,1954],"featured_image_urls":{},"appp_media":null,"yoast_head":"<!-- This site is optimized with the Yoast SEO plugin v17.3 - https:\/\/yoast.com\/wordpress\/plugins\/seo\/ -->\n<meta name=\"robots\" content=\"index, follow, max-snippet:-1, max-image-preview:large, max-video-preview:-1\" \/>\n<link rel=\"canonical\" href=\"https:\/\/ktfnews.com\/de\/pope-francis-visits-bangladesh\/\" \/>\n<meta property=\"og:locale\" content=\"es_ES\" \/>\n<meta property=\"og:type\" content=\"article\" \/>\n<meta property=\"og:title\" content=\"[:en]Pope Francis Visits Bangladesh [:es]El Papa Francisco Visita Banglad\u00e9s[:] - KEEP the FAITH\" \/>\n<meta property=\"og:description\" content=\"El Papa Francisco visit\u00f3 Myanmar y Banglad\u00e9s del 27 de noviembre al 2 de diciembre. Ambos pa\u00edses tienen una poblaci\u00f3n cat\u00f3lica de aproximadamente el 1%. En Myanmar, el 90% del total de la poblaci\u00f3n es budista y en Banglad\u00e9s el...\" \/>\n<meta property=\"og:url\" content=\"https:\/\/ktfnews.com\/de\/pope-francis-visits-bangladesh\/\" \/>\n<meta property=\"og:site_name\" content=\"KEEP the FAITH\" \/>\n<meta property=\"article:publisher\" content=\"https:\/\/www.facebook.com\/ktfministry\" \/>\n<meta property=\"article:published_time\" content=\"2017-12-06T05:30:07+00:00\" \/>\n<meta property=\"article:modified_time\" content=\"2017-12-25T00:27:23+00:00\" \/>\n<meta property=\"og:image\" content=\"https:\/\/ktfnews.com\/wp-content\/uploads\/2017\/12\/350441-490xNone.jpg\" \/>\n\t<meta property=\"og:image:width\" content=\"792\" \/>\n\t<meta property=\"og:image:height\" content=\"446\" \/>\n<meta name=\"twitter:card\" content=\"summary_large_image\" \/>\n<meta name=\"twitter:creator\" content=\"@ktfministry\" \/>\n<meta name=\"twitter:site\" content=\"@ktfministry\" \/>\n<meta name=\"twitter:label1\" content=\"Escrito por\" \/>\n\t<meta name=\"twitter:data1\" content=\"Pastor Hal Mayer\" \/>\n\t<meta name=\"twitter:label2\" content=\"Tiempo de lectura\" \/>\n\t<meta name=\"twitter:data2\" content=\"6 minutos\" \/>\n<script type=\"application\/ld+json\" class=\"yoast-schema-graph\">{\"@context\":\"https:\/\/schema.org\",\"@graph\":[{\"@type\":\"WebSite\",\"@id\":\"https:\/\/ktfnews.com\/#website\",\"url\":\"https:\/\/ktfnews.com\/\",\"name\":\"KEEP the FAITH\",\"description\":\"Preparing you for the final conflict between good and evil.\",\"potentialAction\":[{\"@type\":\"SearchAction\",\"target\":{\"@type\":\"EntryPoint\",\"urlTemplate\":\"https:\/\/ktfnews.com\/?s={search_term_string}\"},\"query-input\":\"required name=search_term_string\"}],\"inLanguage\":\"es\"},{\"@type\":\"WebPage\",\"@id\":\"https:\/\/ktfnews.com\/de\/pope-francis-visits-bangladesh\/#webpage\",\"url\":\"https:\/\/ktfnews.com\/de\/pope-francis-visits-bangladesh\/\",\"name\":\"[:en]Pope Francis Visits Bangladesh [:es]El Papa Francisco Visita Banglad\\u00e9s[:] - KEEP the FAITH\",\"isPartOf\":{\"@id\":\"https:\/\/ktfnews.com\/#website\"},\"datePublished\":\"2017-12-06T05:30:07+00:00\",\"dateModified\":\"2017-12-25T00:27:23+00:00\",\"author\":{\"@id\":\"https:\/\/ktfnews.com\/#\/schema\/person\/ba4174513d9169cf8e229b7d8d60410d\"},\"breadcrumb\":{\"@id\":\"https:\/\/ktfnews.com\/de\/pope-francis-visits-bangladesh\/#breadcrumb\"},\"inLanguage\":\"es\",\"potentialAction\":[{\"@type\":\"ReadAction\",\"target\":[\"https:\/\/ktfnews.com\/de\/pope-francis-visits-bangladesh\/\"]}]},{\"@type\":\"BreadcrumbList\",\"@id\":\"https:\/\/ktfnews.com\/de\/pope-francis-visits-bangladesh\/#breadcrumb\",\"itemListElement\":[{\"@type\":\"ListItem\",\"position\":1,\"name\":\"Home\",\"item\":\"https:\/\/ktfnews.com\/\"},{\"@type\":\"ListItem\",\"position\":2,\"name\":\"Briefings\",\"item\":\"https:\/\/ktfnews.com\/category\/briefings\/\"},{\"@type\":\"ListItem\",\"position\":3,\"name\":\"Pope Francis Visits Bangladesh\"}]},{\"@type\":\"Person\",\"@id\":\"https:\/\/ktfnews.com\/#\/schema\/person\/ba4174513d9169cf8e229b7d8d60410d\",\"name\":\"Pastor Hal Mayer\",\"image\":{\"@type\":\"ImageObject\",\"@id\":\"https:\/\/ktfnews.com\/#personlogo\",\"inLanguage\":\"es\",\"url\":\"https:\/\/secure.gravatar.com\/avatar\/051bac95ae650254c5a03467b9456599?s=96&d=mm&r=g\",\"contentUrl\":\"https:\/\/secure.gravatar.com\/avatar\/051bac95ae650254c5a03467b9456599?s=96&d=mm&r=g\",\"caption\":\"Pastor Hal Mayer\"},\"description\":\"Pastor Hal Mayer is speaker and director of Keep the Faith Ministry. For the last 20 years Pastor Mayer\\u2019s monthly prophetic analysis on CD and online has revealed the striking evidence of fulfilling prophecy to many thousands of subscribers all over the world. Pastor Mayer\\u2019s background in history and Bible prophecy give him unique insights and perspectives that have blessed many and helped them make a deeper commitment to the Lord. Keep the Faith Ministry helps those who want to keep abreast of fulfilling prophecy and who want to understand and navigate the unique and difficult circumstances of the end-times. Keep the Faith Ministry helps to prepare you for the second coming of Christ. Pastor Mayer is married to Betsy for more than 40 years. They have no children of their own. \\u201cThe times in which we live are thrilling, because the things prophesied in God\\u2019s word are actually coming to pass in this generation,\\u201d says Pastor Mayer. \\u201cIn a time when the distinctive end-time truths of God\\u2019s word are being censored, and life in this world is becoming more and more chaotic, Keep the Faith is a voice of strength and encouragement.\\u201d\",\"url\":\"https:\/\/ktfnews.com\/es\/author\/hal\/\"}]}<\/script>\n<!-- \/ Yoast SEO plugin. -->","yoast_head_json":{"robots":{"index":"index","follow":"follow","max-snippet":"max-snippet:-1","max-image-preview":"max-image-preview:large","max-video-preview":"max-video-preview:-1"},"canonical":"https:\/\/ktfnews.com\/de\/pope-francis-visits-bangladesh\/","og_locale":"es_ES","og_type":"article","og_title":"[:en]Pope Francis Visits Bangladesh [:es]El Papa Francisco Visita Banglad\u00e9s[:] - KEEP the FAITH","og_description":"El Papa Francisco visit\u00f3 Myanmar y Banglad\u00e9s del 27 de noviembre al 2 de diciembre. Ambos pa\u00edses tienen una poblaci\u00f3n cat\u00f3lica de aproximadamente el 1%. En Myanmar, el 90% del total de la poblaci\u00f3n es budista y en Banglad\u00e9s el...","og_url":"https:\/\/ktfnews.com\/de\/pope-francis-visits-bangladesh\/","og_site_name":"KEEP the FAITH","article_publisher":"https:\/\/www.facebook.com\/ktfministry","article_published_time":"2017-12-06T05:30:07+00:00","article_modified_time":"2017-12-25T00:27:23+00:00","og_image":[{"width":792,"height":446,"url":"https:\/\/ktfnews.com\/wp-content\/uploads\/2017\/12\/350441-490xNone.jpg","type":"image\/jpeg"}],"twitter_card":"summary_large_image","twitter_creator":"@ktfministry","twitter_site":"@ktfministry","twitter_misc":{"Escrito por":"Pastor Hal Mayer","Tiempo de lectura":"6 minutos"},"schema":{"@context":"https:\/\/schema.org","@graph":[{"@type":"WebSite","@id":"https:\/\/ktfnews.com\/#website","url":"https:\/\/ktfnews.com\/","name":"KEEP the FAITH","description":"Preparing you for the final conflict between good and evil.","potentialAction":[{"@type":"SearchAction","target":{"@type":"EntryPoint","urlTemplate":"https:\/\/ktfnews.com\/?s={search_term_string}"},"query-input":"required name=search_term_string"}],"inLanguage":"es"},{"@type":"WebPage","@id":"https:\/\/ktfnews.com\/de\/pope-francis-visits-bangladesh\/#webpage","url":"https:\/\/ktfnews.com\/de\/pope-francis-visits-bangladesh\/","name":"[:en]Pope Francis Visits Bangladesh [:es]El Papa Francisco Visita Banglad\u00e9s[:] - KEEP the FAITH","isPartOf":{"@id":"https:\/\/ktfnews.com\/#website"},"datePublished":"2017-12-06T05:30:07+00:00","dateModified":"2017-12-25T00:27:23+00:00","author":{"@id":"https:\/\/ktfnews.com\/#\/schema\/person\/ba4174513d9169cf8e229b7d8d60410d"},"breadcrumb":{"@id":"https:\/\/ktfnews.com\/de\/pope-francis-visits-bangladesh\/#breadcrumb"},"inLanguage":"es","potentialAction":[{"@type":"ReadAction","target":["https:\/\/ktfnews.com\/de\/pope-francis-visits-bangladesh\/"]}]},{"@type":"BreadcrumbList","@id":"https:\/\/ktfnews.com\/de\/pope-francis-visits-bangladesh\/#breadcrumb","itemListElement":[{"@type":"ListItem","position":1,"name":"Home","item":"https:\/\/ktfnews.com\/"},{"@type":"ListItem","position":2,"name":"Briefings","item":"https:\/\/ktfnews.com\/category\/briefings\/"},{"@type":"ListItem","position":3,"name":"Pope Francis Visits Bangladesh"}]},{"@type":"Person","@id":"https:\/\/ktfnews.com\/#\/schema\/person\/ba4174513d9169cf8e229b7d8d60410d","name":"Pastor Hal Mayer","image":{"@type":"ImageObject","@id":"https:\/\/ktfnews.com\/#personlogo","inLanguage":"es","url":"https:\/\/secure.gravatar.com\/avatar\/051bac95ae650254c5a03467b9456599?s=96&d=mm&r=g","contentUrl":"https:\/\/secure.gravatar.com\/avatar\/051bac95ae650254c5a03467b9456599?s=96&d=mm&r=g","caption":"Pastor Hal Mayer"},"description":"Pastor Hal Mayer is speaker and director of Keep the Faith Ministry. For the last 20 years Pastor Mayer\u2019s monthly prophetic analysis on CD and online has revealed the striking evidence of fulfilling prophecy to many thousands of subscribers all over the world. Pastor Mayer\u2019s background in history and Bible prophecy give him unique insights and perspectives that have blessed many and helped them make a deeper commitment to the Lord. Keep the Faith Ministry helps those who want to keep abreast of fulfilling prophecy and who want to understand and navigate the unique and difficult circumstances of the end-times. Keep the Faith Ministry helps to prepare you for the second coming of Christ. Pastor Mayer is married to Betsy for more than 40 years. They have no children of their own. \u201cThe times in which we live are thrilling, because the things prophesied in God\u2019s word are actually coming to pass in this generation,\u201d says Pastor Mayer. \u201cIn a time when the distinctive end-time truths of God\u2019s word are being censored, and life in this world is becoming more and more chaotic, Keep the Faith is a voice of strength and encouragement.\u201d","url":"https:\/\/ktfnews.com\/es\/author\/hal\/"}]}},"_links":{"self":[{"href":"https:\/\/ktfnews.com\/es\/wp-json\/wp\/v2\/posts\/12982"}],"collection":[{"href":"https:\/\/ktfnews.com\/es\/wp-json\/wp\/v2\/posts"}],"about":[{"href":"https:\/\/ktfnews.com\/es\/wp-json\/wp\/v2\/types\/post"}],"author":[{"embeddable":true,"href":"https:\/\/ktfnews.com\/es\/wp-json\/wp\/v2\/users\/6"}],"replies":[{"embeddable":true,"href":"https:\/\/ktfnews.com\/es\/wp-json\/wp\/v2\/comments?post=12982"}],"version-history":[{"count":2,"href":"https:\/\/ktfnews.com\/es\/wp-json\/wp\/v2\/posts\/12982\/revisions"}],"predecessor-version":[{"id":13109,"href":"https:\/\/ktfnews.com\/es\/wp-json\/wp\/v2\/posts\/12982\/revisions\/13109"}],"wp:attachment":[{"href":"https:\/\/ktfnews.com\/es\/wp-json\/wp\/v2\/media?parent=12982"}],"wp:term":[{"taxonomy":"category","embeddable":true,"href":"https:\/\/ktfnews.com\/es\/wp-json\/wp\/v2\/categories?post=12982"},{"taxonomy":"post_tag","embeddable":true,"href":"https:\/\/ktfnews.com\/es\/wp-json\/wp\/v2\/tags?post=12982"}],"curies":[{"name":"wp","href":"https:\/\/api.w.org\/{rel}","templated":true}]}}