{"id":12039,"date":"2017-08-25T01:30:50","date_gmt":"2017-08-25T05:30:50","guid":{"rendered":"http:\/\/ktfnews.com\/?p=12039"},"modified":"2017-09-24T12:21:14","modified_gmt":"2017-09-24T16:21:14","slug":"pope-urges-methodists-waldenses-walk-path-full-unity","status":"publish","type":"post","link":"https:\/\/ktfnews.com\/es\/pope-urges-methodists-waldenses-walk-path-full-unity\/","title":{"rendered":"El Papa Urge a los Metodistas y Valdenses Avanzar hacia la Unidad Plena"},"content":{"rendered":"<p>El Papa Francisco ha hecho un llamado urgente a las iglesias metodista y valdense para que contin\u00faen avanzando junto con la iglesia cat\u00f3lica hacia la completa unidad cristiana. Adem\u00e1s se\u00f1al\u00f3 que en un mundo lacerado por la violencia y el miedo es m\u00e1s importante vivir y transmitir un mensaje cristiano de bienvenida y fraternidad.<\/p>\n<p>Las palabras del Papa sobre la amistad y la cercan\u00eda llegan en un mensaje dado el lunes durante el S\u00ednodo anual de las iglesias metodista y valdense celebrado en Torre Pellice, cerca de Tur\u00edn, del 20 al 25 de agosto.<\/p>\n<p>Recordando los recientes encuentros entre las iglesias y la celebraci\u00f3n conjunta de los 500 a\u00f1os de la Reforma, el Papa pidi\u00f3 que \u201cla mirada de Jes\u00fas ilumine tambi\u00e9n nuestras relaciones para que no sean tan solo formales y correctas, sino tambi\u00e9n fraternales y vivaces\u201d.<\/p>\n<p>Agreg\u00f3: \u201cEl Buen Pastor quiere que caminemos juntos y su mirada nos abraza a todos, disc\u00edpulos suyos a los que desea ver plenamente unidos\u201d.<\/p>\n<p>Francisco tambi\u00e9n dijo que el camino hacia la unidad total es lo m\u00e1s importante hoy, \u201cen un mundo marcado por la violencia y el miedo, heridas e indiferencias\u201d&#8230;<\/p>\n<p>Los valdenses se unieron a los metodistas en Italia en 1975 y ahora est\u00e1n dando su bendici\u00f3n a parejas homosexuales. En el S\u00ednodo, unos 180 representantes de las iglesias metodista y valdense en Italia decidir\u00e1n la programaci\u00f3n del siguiente a\u00f1o y elegir\u00e1n sus cuerpos ejecutivos y administrativos.<\/p>\n<p>\u201cY todo el mundo se maravill\u00f3 en pos de\u2026\u201d Apocalipsis 13:3.<\/p>\n<hr>\n<h3>Source References<\/h3>\n<ul>\n<li>\n<h5><a href=\"http:\/\/en.radiovaticana.va\/news\/2017\/08\/21\/pope_methodists_and_waldensians__full_christian_unity\/1331917\" target=\"_blank\">Pope encourages Methodists and Waldensians to walk path to full Christian unity<\/a><\/h5>\n<\/li>\n<\/ul>\n<p><\/p>\n<!-- AddThis Advanced Settings generic via filter on the_content -->","protected":false},"excerpt":{"rendered":"<p>El Papa Francisco ha hecho un llamado urgente a las iglesias metodista y valdense para que contin\u00faen avanzando junto con la iglesia cat\u00f3lica hacia la completa unidad cristiana. Adem\u00e1s se\u00f1al\u00f3 que en un mundo lacerado por la violencia y el&#8230;<!-- AddThis Advanced Settings generic via filter on wp_trim_excerpt --><\/p>\n","protected":false},"author":6,"featured_media":0,"comment_status":"open","ping_status":"open","sticky":false,"template":"","format":"standard","meta":{"episode_type":"","audio_file":"","duration":"","filesize":"","date_recorded":"","explicit":"","block":"","filesize_raw":"","_FSMCFIC_featured_image_caption":"","_FSMCFIC_featured_image_nocaption":"","_FSMCFIC_featured_image_hide":"","_links_to":"","_links_to_target":""},"categories":[722,32],"tags":[138,107,1386,111,985,1096],"featured_image_urls":{},"appp_media":null,"yoast_head":"<!-- This site is optimized with the Yoast SEO plugin v17.3 - https:\/\/yoast.com\/wordpress\/plugins\/seo\/ -->\n<meta name=\"robots\" content=\"index, follow, max-snippet:-1, max-image-preview:large, max-video-preview:-1\" \/>\n<link rel=\"canonical\" href=\"https:\/\/ktfnews.com\/es\/pope-urges-methodists-waldenses-walk-path-full-unity\/\" \/>\n<meta property=\"og:locale\" content=\"es_ES\" \/>\n<meta property=\"og:type\" content=\"article\" \/>\n<meta property=\"og:title\" content=\"[:en]Pope Urges Methodists and Waldenses to Walk Path to Full Unity[:es]El Papa Urge a los Metodistas y Valdenses Avanzar hacia la Unidad Plena[:] - KEEP the FAITH\" \/>\n<meta property=\"og:description\" content=\"El Papa Francisco ha hecho un llamado urgente a las iglesias metodista y valdense para que contin\u00faen avanzando junto con la iglesia cat\u00f3lica hacia la completa unidad cristiana. Adem\u00e1s se\u00f1al\u00f3 que en un mundo lacerado por la violencia y el...\" \/>\n<meta property=\"og:url\" content=\"https:\/\/ktfnews.com\/es\/pope-urges-methodists-waldenses-walk-path-full-unity\/\" \/>\n<meta property=\"og:site_name\" content=\"KEEP the FAITH\" \/>\n<meta property=\"article:publisher\" content=\"https:\/\/www.facebook.com\/ktfministry\" \/>\n<meta property=\"article:published_time\" content=\"2017-08-25T05:30:50+00:00\" \/>\n<meta property=\"article:modified_time\" content=\"2017-09-24T16:21:14+00:00\" \/>\n<meta property=\"og:image\" content=\"https:\/\/ktfnews.com\/wp-content\/uploads\/2017\/08\/AFP5937679_Articolo.jpg\" \/>\n\t<meta property=\"og:image:width\" content=\"640\" \/>\n\t<meta property=\"og:image:height\" content=\"453\" \/>\n<meta name=\"twitter:card\" content=\"summary_large_image\" \/>\n<meta name=\"twitter:creator\" content=\"@ktfministry\" \/>\n<meta name=\"twitter:site\" content=\"@ktfministry\" \/>\n<meta name=\"twitter:label1\" content=\"Escrito por\" \/>\n\t<meta name=\"twitter:data1\" content=\"Pastor Hal Mayer\" \/>\n\t<meta name=\"twitter:label2\" content=\"Tiempo de lectura\" \/>\n\t<meta name=\"twitter:data2\" content=\"3 minutos\" \/>\n<script type=\"application\/ld+json\" class=\"yoast-schema-graph\">{\"@context\":\"https:\/\/schema.org\",\"@graph\":[{\"@type\":\"WebSite\",\"@id\":\"https:\/\/ktfnews.com\/#website\",\"url\":\"https:\/\/ktfnews.com\/\",\"name\":\"KEEP the FAITH\",\"description\":\"Preparing you for the final conflict between good and evil.\",\"potentialAction\":[{\"@type\":\"SearchAction\",\"target\":{\"@type\":\"EntryPoint\",\"urlTemplate\":\"https:\/\/ktfnews.com\/?s={search_term_string}\"},\"query-input\":\"required name=search_term_string\"}],\"inLanguage\":\"es\"},{\"@type\":\"WebPage\",\"@id\":\"https:\/\/ktfnews.com\/es\/pope-urges-methodists-waldenses-walk-path-full-unity\/#webpage\",\"url\":\"https:\/\/ktfnews.com\/es\/pope-urges-methodists-waldenses-walk-path-full-unity\/\",\"name\":\"[:en]Pope Urges Methodists and Waldenses to Walk Path to Full Unity[:es]El Papa Urge a los Metodistas y Valdenses Avanzar hacia la Unidad Plena[:] - KEEP the FAITH\",\"isPartOf\":{\"@id\":\"https:\/\/ktfnews.com\/#website\"},\"datePublished\":\"2017-08-25T05:30:50+00:00\",\"dateModified\":\"2017-09-24T16:21:14+00:00\",\"author\":{\"@id\":\"https:\/\/ktfnews.com\/#\/schema\/person\/ba4174513d9169cf8e229b7d8d60410d\"},\"breadcrumb\":{\"@id\":\"https:\/\/ktfnews.com\/es\/pope-urges-methodists-waldenses-walk-path-full-unity\/#breadcrumb\"},\"inLanguage\":\"es\",\"potentialAction\":[{\"@type\":\"ReadAction\",\"target\":[\"https:\/\/ktfnews.com\/es\/pope-urges-methodists-waldenses-walk-path-full-unity\/\"]}]},{\"@type\":\"BreadcrumbList\",\"@id\":\"https:\/\/ktfnews.com\/es\/pope-urges-methodists-waldenses-walk-path-full-unity\/#breadcrumb\",\"itemListElement\":[{\"@type\":\"ListItem\",\"position\":1,\"name\":\"Home\",\"item\":\"https:\/\/ktfnews.com\/\"},{\"@type\":\"ListItem\",\"position\":2,\"name\":\"Briefings\",\"item\":\"https:\/\/ktfnews.com\/category\/briefings\/\"},{\"@type\":\"ListItem\",\"position\":3,\"name\":\"Pope Urges Methodists and Waldenses to Walk Path to Full Unity\"}]},{\"@type\":\"Person\",\"@id\":\"https:\/\/ktfnews.com\/#\/schema\/person\/ba4174513d9169cf8e229b7d8d60410d\",\"name\":\"Pastor Hal Mayer\",\"image\":{\"@type\":\"ImageObject\",\"@id\":\"https:\/\/ktfnews.com\/#personlogo\",\"inLanguage\":\"es\",\"url\":\"https:\/\/secure.gravatar.com\/avatar\/051bac95ae650254c5a03467b9456599?s=96&d=mm&r=g\",\"contentUrl\":\"https:\/\/secure.gravatar.com\/avatar\/051bac95ae650254c5a03467b9456599?s=96&d=mm&r=g\",\"caption\":\"Pastor Hal Mayer\"},\"description\":\"Pastor Hal Mayer is speaker and director of Keep the Faith Ministry. For the last 20 years Pastor Mayer\\u2019s monthly prophetic analysis on CD and online has revealed the striking evidence of fulfilling prophecy to many thousands of subscribers all over the world. Pastor Mayer\\u2019s background in history and Bible prophecy give him unique insights and perspectives that have blessed many and helped them make a deeper commitment to the Lord. Keep the Faith Ministry helps those who want to keep abreast of fulfilling prophecy and who want to understand and navigate the unique and difficult circumstances of the end-times. Keep the Faith Ministry helps to prepare you for the second coming of Christ. Pastor Mayer is married to Betsy for more than 40 years. They have no children of their own. \\u201cThe times in which we live are thrilling, because the things prophesied in God\\u2019s word are actually coming to pass in this generation,\\u201d says Pastor Mayer. \\u201cIn a time when the distinctive end-time truths of God\\u2019s word are being censored, and life in this world is becoming more and more chaotic, Keep the Faith is a voice of strength and encouragement.\\u201d\",\"url\":\"https:\/\/ktfnews.com\/es\/author\/hal\/\"}]}<\/script>\n<!-- \/ Yoast SEO plugin. -->","yoast_head_json":{"robots":{"index":"index","follow":"follow","max-snippet":"max-snippet:-1","max-image-preview":"max-image-preview:large","max-video-preview":"max-video-preview:-1"},"canonical":"https:\/\/ktfnews.com\/es\/pope-urges-methodists-waldenses-walk-path-full-unity\/","og_locale":"es_ES","og_type":"article","og_title":"[:en]Pope Urges Methodists and Waldenses to Walk Path to Full Unity[:es]El Papa Urge a los Metodistas y Valdenses Avanzar hacia la Unidad Plena[:] - KEEP the FAITH","og_description":"El Papa Francisco ha hecho un llamado urgente a las iglesias metodista y valdense para que contin\u00faen avanzando junto con la iglesia cat\u00f3lica hacia la completa unidad cristiana. Adem\u00e1s se\u00f1al\u00f3 que en un mundo lacerado por la violencia y el...","og_url":"https:\/\/ktfnews.com\/es\/pope-urges-methodists-waldenses-walk-path-full-unity\/","og_site_name":"KEEP the FAITH","article_publisher":"https:\/\/www.facebook.com\/ktfministry","article_published_time":"2017-08-25T05:30:50+00:00","article_modified_time":"2017-09-24T16:21:14+00:00","og_image":[{"width":640,"height":453,"url":"https:\/\/ktfnews.com\/wp-content\/uploads\/2017\/08\/AFP5937679_Articolo.jpg","type":"image\/jpeg"}],"twitter_card":"summary_large_image","twitter_creator":"@ktfministry","twitter_site":"@ktfministry","twitter_misc":{"Escrito por":"Pastor Hal Mayer","Tiempo de lectura":"3 minutos"},"schema":{"@context":"https:\/\/schema.org","@graph":[{"@type":"WebSite","@id":"https:\/\/ktfnews.com\/#website","url":"https:\/\/ktfnews.com\/","name":"KEEP the FAITH","description":"Preparing you for the final conflict between good and evil.","potentialAction":[{"@type":"SearchAction","target":{"@type":"EntryPoint","urlTemplate":"https:\/\/ktfnews.com\/?s={search_term_string}"},"query-input":"required name=search_term_string"}],"inLanguage":"es"},{"@type":"WebPage","@id":"https:\/\/ktfnews.com\/es\/pope-urges-methodists-waldenses-walk-path-full-unity\/#webpage","url":"https:\/\/ktfnews.com\/es\/pope-urges-methodists-waldenses-walk-path-full-unity\/","name":"[:en]Pope Urges Methodists and Waldenses to Walk Path to Full Unity[:es]El Papa Urge a los Metodistas y Valdenses Avanzar hacia la Unidad Plena[:] - KEEP the FAITH","isPartOf":{"@id":"https:\/\/ktfnews.com\/#website"},"datePublished":"2017-08-25T05:30:50+00:00","dateModified":"2017-09-24T16:21:14+00:00","author":{"@id":"https:\/\/ktfnews.com\/#\/schema\/person\/ba4174513d9169cf8e229b7d8d60410d"},"breadcrumb":{"@id":"https:\/\/ktfnews.com\/es\/pope-urges-methodists-waldenses-walk-path-full-unity\/#breadcrumb"},"inLanguage":"es","potentialAction":[{"@type":"ReadAction","target":["https:\/\/ktfnews.com\/es\/pope-urges-methodists-waldenses-walk-path-full-unity\/"]}]},{"@type":"BreadcrumbList","@id":"https:\/\/ktfnews.com\/es\/pope-urges-methodists-waldenses-walk-path-full-unity\/#breadcrumb","itemListElement":[{"@type":"ListItem","position":1,"name":"Home","item":"https:\/\/ktfnews.com\/"},{"@type":"ListItem","position":2,"name":"Briefings","item":"https:\/\/ktfnews.com\/category\/briefings\/"},{"@type":"ListItem","position":3,"name":"Pope Urges Methodists and Waldenses to Walk Path to Full Unity"}]},{"@type":"Person","@id":"https:\/\/ktfnews.com\/#\/schema\/person\/ba4174513d9169cf8e229b7d8d60410d","name":"Pastor Hal Mayer","image":{"@type":"ImageObject","@id":"https:\/\/ktfnews.com\/#personlogo","inLanguage":"es","url":"https:\/\/secure.gravatar.com\/avatar\/051bac95ae650254c5a03467b9456599?s=96&d=mm&r=g","contentUrl":"https:\/\/secure.gravatar.com\/avatar\/051bac95ae650254c5a03467b9456599?s=96&d=mm&r=g","caption":"Pastor Hal Mayer"},"description":"Pastor Hal Mayer is speaker and director of Keep the Faith Ministry. For the last 20 years Pastor Mayer\u2019s monthly prophetic analysis on CD and online has revealed the striking evidence of fulfilling prophecy to many thousands of subscribers all over the world. Pastor Mayer\u2019s background in history and Bible prophecy give him unique insights and perspectives that have blessed many and helped them make a deeper commitment to the Lord. Keep the Faith Ministry helps those who want to keep abreast of fulfilling prophecy and who want to understand and navigate the unique and difficult circumstances of the end-times. Keep the Faith Ministry helps to prepare you for the second coming of Christ. Pastor Mayer is married to Betsy for more than 40 years. They have no children of their own. \u201cThe times in which we live are thrilling, because the things prophesied in God\u2019s word are actually coming to pass in this generation,\u201d says Pastor Mayer. \u201cIn a time when the distinctive end-time truths of God\u2019s word are being censored, and life in this world is becoming more and more chaotic, Keep the Faith is a voice of strength and encouragement.\u201d","url":"https:\/\/ktfnews.com\/es\/author\/hal\/"}]}},"_links":{"self":[{"href":"https:\/\/ktfnews.com\/es\/wp-json\/wp\/v2\/posts\/12039"}],"collection":[{"href":"https:\/\/ktfnews.com\/es\/wp-json\/wp\/v2\/posts"}],"about":[{"href":"https:\/\/ktfnews.com\/es\/wp-json\/wp\/v2\/types\/post"}],"author":[{"embeddable":true,"href":"https:\/\/ktfnews.com\/es\/wp-json\/wp\/v2\/users\/6"}],"replies":[{"embeddable":true,"href":"https:\/\/ktfnews.com\/es\/wp-json\/wp\/v2\/comments?post=12039"}],"version-history":[{"count":2,"href":"https:\/\/ktfnews.com\/es\/wp-json\/wp\/v2\/posts\/12039\/revisions"}],"predecessor-version":[{"id":12281,"href":"https:\/\/ktfnews.com\/es\/wp-json\/wp\/v2\/posts\/12039\/revisions\/12281"}],"wp:attachment":[{"href":"https:\/\/ktfnews.com\/es\/wp-json\/wp\/v2\/media?parent=12039"}],"wp:term":[{"taxonomy":"category","embeddable":true,"href":"https:\/\/ktfnews.com\/es\/wp-json\/wp\/v2\/categories?post=12039"},{"taxonomy":"post_tag","embeddable":true,"href":"https:\/\/ktfnews.com\/es\/wp-json\/wp\/v2\/tags?post=12039"}],"curies":[{"name":"wp","href":"https:\/\/api.w.org\/{rel}","templated":true}]}}