{"id":11748,"date":"2017-07-24T01:30:23","date_gmt":"2017-07-24T05:30:23","guid":{"rendered":"http:\/\/ktfnews.com\/?p=11748"},"modified":"2017-09-24T11:02:33","modified_gmt":"2017-09-24T15:02:33","slug":"un-gets-ecumenical-religious-leaders-collaborate-hate-speech-violent-extremism","status":"publish","type":"post","link":"https:\/\/ktfnews.com\/es\/un-gets-ecumenical-religious-leaders-collaborate-hate-speech-violent-extremism\/","title":{"rendered":"Las Naciones Unidas Logran la Colaboraci\u00f3n de L\u00edderes Ecum\u00e9nicos contra el Lenguaje de Odio y el Extremismo Violento"},"content":{"rendered":"<p>Algunas agencias de las Naciones Unidas han evitado hacer referencia del mundo religioso y de la fe en la mayor\u00eda de los asuntos. Pero el Secretario General de las N.U., Ant\u00f3nio Guterres, quien profesa la religi\u00f3n cat\u00f3lica romana y con una profunda fe, dijo que los l\u00edderes religiosos pueden ayudar a combatir el extremismo violento de los grupos que usan la religi\u00f3n como excusa.<\/p>\n<p>\u201cCreo firmemente en el poder que tienen los l\u00edderes religiosos para moldear nuestro mundo para el bien\u201d, afirm\u00f3.<\/p>\n<p>Guterres habl\u00f3 en el lanzamiento de \u201cPlan de Acci\u00f3n de Fez\u201d, una iniciativa  para l\u00edderes y actores religiosos a fin de prevenir la incitaci\u00f3n a la violencia que conlleva a cr\u00edmenes atroces. \u201cEl Plan de Acci\u00f3n de Fez es el fruto de dos a\u00f1os de consultor\u00eda, liderado por mi Consejero Especializado en la Prevenci\u00f3n del Genocidio\u201d, expres\u00f3 Guterres. \u201cEsto involucra a los l\u00edderes religiosos de distintas denominaciones alrededor del mundo, as\u00ed como a las organizaciones religiosas y muchas otras m\u00e1s\u201d.<\/p>\n<p>El l\u00edder de las N.U. manifest\u00f3 su preocupaci\u00f3n por el abuso que se hace de la religi\u00f3n para justificar la incitaci\u00f3n a la violencia, y al mismo tiempo hizo \u00e9nfasis en la importancia que tienen los l\u00edderes religiosos para evitar la violencia y contribuir a la paz y la estabilidad. \u201cAlrededor del mundo, vemos como la religi\u00f3n es alterada y manipulada\u201d, enfatiz\u00f3. El plan de acci\u00f3n ha sido dise\u00f1ado a fin de prevenir cr\u00edmenes atroces, incluyendo el genocidio, cr\u00edmenes de lesa humanidad y cr\u00edmenes de guerra\u201d. <\/p>\n<p>Adem\u00e1s Guterres advirti\u00f3 sobre la proliferaci\u00f3n, en l\u00ednea y fuera de l\u00ednea, del lenguaje de odio. \u201cLa incitaci\u00f3n al odio siembra las semillas de sospecha, desconfianza e intolerancia, y con el tiempo, puede llegar a tener un papel principal para convencer a las personas de que el uso de violencia es l\u00f3gico, justificable e incluso necesario\u201d, anot\u00f3.<\/p>\n<p>Un total de 232 l\u00edderes y participantes religiosos de 77 pa\u00edses formaron parte de la consultor\u00eda organizada por las Naciones Unidas. Entre ellos, hubo distintos grupos y denominaciones budistas, cristianas, hind\u00faes, jud\u00edas, musulmanes y sijs as\u00ed como representantes de varias minor\u00edas religiosas.<\/p>\n<p>A Guterres, se le sum\u00f3 el consejero especial para la prevenci\u00f3n del genocidio, Adama Dieng, y un n\u00famero de l\u00edderes religiosos de distintos lugares del mundo.<\/p>\n<p>El lenguaje de odio es una de las se\u00f1ales de advertencia m\u00e1s comunes de los cr\u00edmenes atroces. Por lo tanto, Guterres expres\u00f3 que puede evitarse que ocurran si se toman medidas tempranas y para ello, los l\u00edderes religiosos son factores importantes. La cabeza de las Naciones Unidas dijo que el Plan explica las formas a trav\u00e9s de la cuales los l\u00edderes religiosos pueden ayudar a prevenir la incitaci\u00f3n a la violencia y contribuir a la paz y la estabilidad. \u201cEstos principios nos invitan a mostrar respeto hacia todos los seres humanos, incluso hacia aquellos con quienes no estamos de acuerdo o su cultura nos parezca extra\u00f1a\u201d, dijo \u00e9l mientras hac\u00eda un llamado para una m\u00e1s amplia proclamaci\u00f3n e implementaci\u00f3n del Plan de Acci\u00f3n. \u201cTrabajemos juntos para prevenir y poner fin a los cr\u00edmenes atroces y todas las ofensas contra los derechos humanos y la dignidad\u201d, expres\u00f3.<\/p>\n<p>El \u201cPlan de Acci\u00f3n de Fez\u201d invita a hacer un monitoreo de la provocaci\u00f3n y al desarrollo de mensajes alternativos as\u00ed como el compromiso al di\u00e1logo. Incluye esfuerzos para el desarrollo y la revisi\u00f3n de la educaci\u00f3n para una mejor integraci\u00f3n de todas las culturas, participando y fortaleciendo el di\u00e1logo y las actividades entre religiones y dentro de ellas. De este modo, se busca asegurar la comprensi\u00f3n, el respeto y la comunicaci\u00f3n, involucr\u00e1ndose en di\u00e1logos sobre agravios, fortaleciendo la claridad del mensaje y participando junto a los l\u00edderes pol\u00edticos.<\/p>\n<p>Cuando usted analiza lo que dice el se\u00f1or Guterres y otros dicen, es obvio ver que tienen la intenci\u00f3n de usar a los l\u00edderes religiosos para trabajar en colaboraci\u00f3n con las Naciones Unidas, un cuerpo pol\u00edtico, a fin de unir la Iglesia y el Estado en un nivel global para combatir al extremismo religioso. Repetidas veces se ha usado el extremismo religioso para poner en su lugar los fragmentos y piezas del Nuevo Orden Mundial. Tambi\u00e9n ha sido utilizado para unir a las religiones. Pero ahora se le est\u00e1 empleando para elevar la colaboraci\u00f3n entre las religiones y el estado a una escala global.<\/p>\n<p>Los l\u00edderes religiosos muestran especial entusiasmo sobre el trabajo en equipo para este proyecto por cuanto \u00e9ste avanza hacia una religi\u00f3n mundial, por la cual el Vaticano lleva siglos trabajando. Los intentos de encontrar soluciones a estos desaf\u00edos en el pasado ten\u00edan la tendencia de excluir a los l\u00edderes religiosos. Pero ahora que se les incluye, puede que se logre mejorar el tema pero tambi\u00e9n nos acercar\u00e1 a una religi\u00f3n global en pro de la paz y la seguridad.<\/p>\n<p>La Biblia nos ense\u00f1a que llegar\u00e1 el tiempo cuando el mundo piense haber hallado la soluci\u00f3n para el problema del extremismo pero una calamidad repentina los llevar\u00e1 al caos, la violencia y la destrucci\u00f3n.<\/p>\n<p>\u201cQue cuando digan: Paz y seguridad, entonces vendr\u00e1 sobre ellos destrucci\u00f3n repentina, como los dolores a la mujer encinta, y no escapar\u00e1n\u201d. 1\u00aa Tesalonicenses 5:3.<\/p>\n<hr>\n<h3>Source References<\/h3>\n<ul>\n<li>\n<h5><a href=\"http:\/\/www.cooperativa.cl\/noticias\/mundo\/organismos-internacionales\/onu\/onu-presento-plan-para-que-lideres-religiosos-combatan-ideas-violentas\/2017-07-14\/165720.html\" target=\"_blank\">ONU present\u00f3 plan para que l\u00edderes religiosos combatan ideas violentas<\/a><\/h5>\n<\/li>\n<li>\n<h5><a href=\"http:\/\/www.ecumenicalnews.com\/article\/voice-and-authority-of-religion-is-key-in-fight-against-extremism-says-un-chief\/60381.htm\" target=\"_blank\">Voice and authority of religion is key in fight against extremism, says UN chief<\/a><\/h5>\n<\/li>\n<\/ul>\n<p><\/p>\n<!-- AddThis Advanced Settings generic via filter on the_content -->","protected":false},"excerpt":{"rendered":"<p>Algunas agencias de las Naciones Unidas han evitado hacer referencia del mundo religioso y de la fe en la mayor\u00eda de los asuntos. Pero el Secretario General de las N.U., Ant\u00f3nio Guterres, quien profesa la religi\u00f3n cat\u00f3lica romana y con&#8230;<!-- AddThis Advanced Settings generic via filter on wp_trim_excerpt --><\/p>\n","protected":false},"author":6,"featured_media":0,"comment_status":"open","ping_status":"open","sticky":false,"template":"","format":"standard","meta":{"episode_type":"","audio_file":"","duration":"","filesize":"","date_recorded":"","explicit":"","block":"","filesize_raw":"","_FSMCFIC_featured_image_caption":"","_FSMCFIC_featured_image_nocaption":"","_FSMCFIC_featured_image_hide":"","_links_to":"","_links_to_target":""},"categories":[722,32],"tags":[867,223,920,1172,1800,1545,1202],"featured_image_urls":{},"appp_media":null,"yoast_head":"<!-- This site is optimized with the Yoast SEO plugin v17.3 - https:\/\/yoast.com\/wordpress\/plugins\/seo\/ -->\n<meta name=\"robots\" content=\"index, follow, max-snippet:-1, max-image-preview:large, max-video-preview:-1\" \/>\n<link rel=\"canonical\" href=\"https:\/\/ktfnews.com\/un-gets-ecumenical-religious-leaders-collaborate-hate-speech-violent-extremism\/\" \/>\n<meta property=\"og:locale\" content=\"es_ES\" \/>\n<meta property=\"og:type\" content=\"article\" \/>\n<meta property=\"og:title\" content=\"[:en]UN gets Ecumenical Religious Leaders to Collaborate against Hate Speech and Violent Extremism[:es]Las Naciones Unidas Logran la Colaboraci\u00f3n de L\u00edderes Ecum\u00e9nicos contra el Lenguaje de Odio y el Extremismo Violento[:] - KEEP the FAITH\" \/>\n<meta property=\"og:description\" content=\"Algunas agencias de las Naciones Unidas han evitado hacer referencia del mundo religioso y de la fe en la mayor\u00eda de los asuntos. Pero el Secretario General de las N.U., Ant\u00f3nio Guterres, quien profesa la religi\u00f3n cat\u00f3lica romana y con...\" \/>\n<meta property=\"og:url\" content=\"https:\/\/ktfnews.com\/un-gets-ecumenical-religious-leaders-collaborate-hate-speech-violent-extremism\/\" \/>\n<meta property=\"og:site_name\" content=\"KEEP the FAITH\" \/>\n<meta property=\"article:publisher\" content=\"https:\/\/www.facebook.com\/ktfministry\" \/>\n<meta property=\"article:published_time\" content=\"2017-07-24T05:30:23+00:00\" \/>\n<meta property=\"article:modified_time\" content=\"2017-09-24T15:02:33+00:00\" \/>\n<meta property=\"og:image\" content=\"https:\/\/ktfnews.com\/wp-content\/uploads\/2017\/07\/antonio-guterres.jpg\" \/>\n\t<meta property=\"og:image:width\" content=\"630\" \/>\n\t<meta property=\"og:image:height\" content=\"420\" \/>\n<meta name=\"twitter:card\" content=\"summary_large_image\" \/>\n<meta name=\"twitter:creator\" content=\"@ktfministry\" \/>\n<meta name=\"twitter:site\" content=\"@ktfministry\" \/>\n<meta name=\"twitter:label1\" content=\"Escrito por\" \/>\n\t<meta name=\"twitter:data1\" content=\"Pastor Hal Mayer\" \/>\n\t<meta name=\"twitter:label2\" content=\"Tiempo de lectura\" \/>\n\t<meta name=\"twitter:data2\" content=\"9 minutos\" \/>\n<script type=\"application\/ld+json\" class=\"yoast-schema-graph\">{\"@context\":\"https:\/\/schema.org\",\"@graph\":[{\"@type\":\"WebSite\",\"@id\":\"https:\/\/ktfnews.com\/#website\",\"url\":\"https:\/\/ktfnews.com\/\",\"name\":\"KEEP the FAITH\",\"description\":\"Preparing you for the final conflict between good and evil.\",\"potentialAction\":[{\"@type\":\"SearchAction\",\"target\":{\"@type\":\"EntryPoint\",\"urlTemplate\":\"https:\/\/ktfnews.com\/?s={search_term_string}\"},\"query-input\":\"required name=search_term_string\"}],\"inLanguage\":\"es\"},{\"@type\":\"WebPage\",\"@id\":\"https:\/\/ktfnews.com\/un-gets-ecumenical-religious-leaders-collaborate-hate-speech-violent-extremism\/#webpage\",\"url\":\"https:\/\/ktfnews.com\/un-gets-ecumenical-religious-leaders-collaborate-hate-speech-violent-extremism\/\",\"name\":\"[:en]UN gets Ecumenical Religious Leaders to Collaborate against Hate Speech and Violent Extremism[:es]Las Naciones Unidas Logran la Colaboraci\\u00f3n de L\\u00edderes Ecum\\u00e9nicos contra el Lenguaje de Odio y el Extremismo Violento[:] - KEEP the FAITH\",\"isPartOf\":{\"@id\":\"https:\/\/ktfnews.com\/#website\"},\"datePublished\":\"2017-07-24T05:30:23+00:00\",\"dateModified\":\"2017-09-24T15:02:33+00:00\",\"author\":{\"@id\":\"https:\/\/ktfnews.com\/#\/schema\/person\/ba4174513d9169cf8e229b7d8d60410d\"},\"breadcrumb\":{\"@id\":\"https:\/\/ktfnews.com\/un-gets-ecumenical-religious-leaders-collaborate-hate-speech-violent-extremism\/#breadcrumb\"},\"inLanguage\":\"es\",\"potentialAction\":[{\"@type\":\"ReadAction\",\"target\":[\"https:\/\/ktfnews.com\/un-gets-ecumenical-religious-leaders-collaborate-hate-speech-violent-extremism\/\"]}]},{\"@type\":\"BreadcrumbList\",\"@id\":\"https:\/\/ktfnews.com\/un-gets-ecumenical-religious-leaders-collaborate-hate-speech-violent-extremism\/#breadcrumb\",\"itemListElement\":[{\"@type\":\"ListItem\",\"position\":1,\"name\":\"Home\",\"item\":\"https:\/\/ktfnews.com\/\"},{\"@type\":\"ListItem\",\"position\":2,\"name\":\"Briefings\",\"item\":\"https:\/\/ktfnews.com\/category\/briefings\/\"},{\"@type\":\"ListItem\",\"position\":3,\"name\":\"UN gets Ecumenical Religious Leaders to Collaborate against Hate Speech and Violent Extremism\"}]},{\"@type\":\"Person\",\"@id\":\"https:\/\/ktfnews.com\/#\/schema\/person\/ba4174513d9169cf8e229b7d8d60410d\",\"name\":\"Pastor Hal Mayer\",\"image\":{\"@type\":\"ImageObject\",\"@id\":\"https:\/\/ktfnews.com\/#personlogo\",\"inLanguage\":\"es\",\"url\":\"https:\/\/secure.gravatar.com\/avatar\/051bac95ae650254c5a03467b9456599?s=96&d=mm&r=g\",\"contentUrl\":\"https:\/\/secure.gravatar.com\/avatar\/051bac95ae650254c5a03467b9456599?s=96&d=mm&r=g\",\"caption\":\"Pastor Hal Mayer\"},\"description\":\"Pastor Hal Mayer is speaker and director of Keep the Faith Ministry. For the last 20 years Pastor Mayer\\u2019s monthly prophetic analysis on CD and online has revealed the striking evidence of fulfilling prophecy to many thousands of subscribers all over the world. Pastor Mayer\\u2019s background in history and Bible prophecy give him unique insights and perspectives that have blessed many and helped them make a deeper commitment to the Lord. Keep the Faith Ministry helps those who want to keep abreast of fulfilling prophecy and who want to understand and navigate the unique and difficult circumstances of the end-times. Keep the Faith Ministry helps to prepare you for the second coming of Christ. Pastor Mayer is married to Betsy for more than 40 years. They have no children of their own. \\u201cThe times in which we live are thrilling, because the things prophesied in God\\u2019s word are actually coming to pass in this generation,\\u201d says Pastor Mayer. \\u201cIn a time when the distinctive end-time truths of God\\u2019s word are being censored, and life in this world is becoming more and more chaotic, Keep the Faith is a voice of strength and encouragement.\\u201d\",\"url\":\"https:\/\/ktfnews.com\/es\/author\/hal\/\"}]}<\/script>\n<!-- \/ Yoast SEO plugin. -->","yoast_head_json":{"robots":{"index":"index","follow":"follow","max-snippet":"max-snippet:-1","max-image-preview":"max-image-preview:large","max-video-preview":"max-video-preview:-1"},"canonical":"https:\/\/ktfnews.com\/un-gets-ecumenical-religious-leaders-collaborate-hate-speech-violent-extremism\/","og_locale":"es_ES","og_type":"article","og_title":"[:en]UN gets Ecumenical Religious Leaders to Collaborate against Hate Speech and Violent Extremism[:es]Las Naciones Unidas Logran la Colaboraci\u00f3n de L\u00edderes Ecum\u00e9nicos contra el Lenguaje de Odio y el Extremismo Violento[:] - KEEP the FAITH","og_description":"Algunas agencias de las Naciones Unidas han evitado hacer referencia del mundo religioso y de la fe en la mayor\u00eda de los asuntos. Pero el Secretario General de las N.U., Ant\u00f3nio Guterres, quien profesa la religi\u00f3n cat\u00f3lica romana y con...","og_url":"https:\/\/ktfnews.com\/un-gets-ecumenical-religious-leaders-collaborate-hate-speech-violent-extremism\/","og_site_name":"KEEP the FAITH","article_publisher":"https:\/\/www.facebook.com\/ktfministry","article_published_time":"2017-07-24T05:30:23+00:00","article_modified_time":"2017-09-24T15:02:33+00:00","og_image":[{"width":630,"height":420,"url":"https:\/\/ktfnews.com\/wp-content\/uploads\/2017\/07\/antonio-guterres.jpg","type":"image\/jpeg"}],"twitter_card":"summary_large_image","twitter_creator":"@ktfministry","twitter_site":"@ktfministry","twitter_misc":{"Escrito por":"Pastor Hal Mayer","Tiempo de lectura":"9 minutos"},"schema":{"@context":"https:\/\/schema.org","@graph":[{"@type":"WebSite","@id":"https:\/\/ktfnews.com\/#website","url":"https:\/\/ktfnews.com\/","name":"KEEP the FAITH","description":"Preparing you for the final conflict between good and evil.","potentialAction":[{"@type":"SearchAction","target":{"@type":"EntryPoint","urlTemplate":"https:\/\/ktfnews.com\/?s={search_term_string}"},"query-input":"required name=search_term_string"}],"inLanguage":"es"},{"@type":"WebPage","@id":"https:\/\/ktfnews.com\/un-gets-ecumenical-religious-leaders-collaborate-hate-speech-violent-extremism\/#webpage","url":"https:\/\/ktfnews.com\/un-gets-ecumenical-religious-leaders-collaborate-hate-speech-violent-extremism\/","name":"[:en]UN gets Ecumenical Religious Leaders to Collaborate against Hate Speech and Violent Extremism[:es]Las Naciones Unidas Logran la Colaboraci\u00f3n de L\u00edderes Ecum\u00e9nicos contra el Lenguaje de Odio y el Extremismo Violento[:] - KEEP the FAITH","isPartOf":{"@id":"https:\/\/ktfnews.com\/#website"},"datePublished":"2017-07-24T05:30:23+00:00","dateModified":"2017-09-24T15:02:33+00:00","author":{"@id":"https:\/\/ktfnews.com\/#\/schema\/person\/ba4174513d9169cf8e229b7d8d60410d"},"breadcrumb":{"@id":"https:\/\/ktfnews.com\/un-gets-ecumenical-religious-leaders-collaborate-hate-speech-violent-extremism\/#breadcrumb"},"inLanguage":"es","potentialAction":[{"@type":"ReadAction","target":["https:\/\/ktfnews.com\/un-gets-ecumenical-religious-leaders-collaborate-hate-speech-violent-extremism\/"]}]},{"@type":"BreadcrumbList","@id":"https:\/\/ktfnews.com\/un-gets-ecumenical-religious-leaders-collaborate-hate-speech-violent-extremism\/#breadcrumb","itemListElement":[{"@type":"ListItem","position":1,"name":"Home","item":"https:\/\/ktfnews.com\/"},{"@type":"ListItem","position":2,"name":"Briefings","item":"https:\/\/ktfnews.com\/category\/briefings\/"},{"@type":"ListItem","position":3,"name":"UN gets Ecumenical Religious Leaders to Collaborate against Hate Speech and Violent Extremism"}]},{"@type":"Person","@id":"https:\/\/ktfnews.com\/#\/schema\/person\/ba4174513d9169cf8e229b7d8d60410d","name":"Pastor Hal Mayer","image":{"@type":"ImageObject","@id":"https:\/\/ktfnews.com\/#personlogo","inLanguage":"es","url":"https:\/\/secure.gravatar.com\/avatar\/051bac95ae650254c5a03467b9456599?s=96&d=mm&r=g","contentUrl":"https:\/\/secure.gravatar.com\/avatar\/051bac95ae650254c5a03467b9456599?s=96&d=mm&r=g","caption":"Pastor Hal Mayer"},"description":"Pastor Hal Mayer is speaker and director of Keep the Faith Ministry. For the last 20 years Pastor Mayer\u2019s monthly prophetic analysis on CD and online has revealed the striking evidence of fulfilling prophecy to many thousands of subscribers all over the world. Pastor Mayer\u2019s background in history and Bible prophecy give him unique insights and perspectives that have blessed many and helped them make a deeper commitment to the Lord. Keep the Faith Ministry helps those who want to keep abreast of fulfilling prophecy and who want to understand and navigate the unique and difficult circumstances of the end-times. Keep the Faith Ministry helps to prepare you for the second coming of Christ. Pastor Mayer is married to Betsy for more than 40 years. They have no children of their own. \u201cThe times in which we live are thrilling, because the things prophesied in God\u2019s word are actually coming to pass in this generation,\u201d says Pastor Mayer. \u201cIn a time when the distinctive end-time truths of God\u2019s word are being censored, and life in this world is becoming more and more chaotic, Keep the Faith is a voice of strength and encouragement.\u201d","url":"https:\/\/ktfnews.com\/es\/author\/hal\/"}]}},"_links":{"self":[{"href":"https:\/\/ktfnews.com\/es\/wp-json\/wp\/v2\/posts\/11748"}],"collection":[{"href":"https:\/\/ktfnews.com\/es\/wp-json\/wp\/v2\/posts"}],"about":[{"href":"https:\/\/ktfnews.com\/es\/wp-json\/wp\/v2\/types\/post"}],"author":[{"embeddable":true,"href":"https:\/\/ktfnews.com\/es\/wp-json\/wp\/v2\/users\/6"}],"replies":[{"embeddable":true,"href":"https:\/\/ktfnews.com\/es\/wp-json\/wp\/v2\/comments?post=11748"}],"version-history":[{"count":2,"href":"https:\/\/ktfnews.com\/es\/wp-json\/wp\/v2\/posts\/11748\/revisions"}],"predecessor-version":[{"id":12265,"href":"https:\/\/ktfnews.com\/es\/wp-json\/wp\/v2\/posts\/11748\/revisions\/12265"}],"wp:attachment":[{"href":"https:\/\/ktfnews.com\/es\/wp-json\/wp\/v2\/media?parent=11748"}],"wp:term":[{"taxonomy":"category","embeddable":true,"href":"https:\/\/ktfnews.com\/es\/wp-json\/wp\/v2\/categories?post=11748"},{"taxonomy":"post_tag","embeddable":true,"href":"https:\/\/ktfnews.com\/es\/wp-json\/wp\/v2\/tags?post=11748"}],"curies":[{"name":"wp","href":"https:\/\/api.w.org\/{rel}","templated":true}]}}