{"id":11362,"date":"2017-05-31T01:30:16","date_gmt":"2017-05-31T05:30:16","guid":{"rendered":"http:\/\/ktfnews.com\/?p=11362"},"modified":"2017-06-06T16:49:36","modified_gmt":"2017-06-06T20:49:36","slug":"ireland-wonders-after","status":"publish","type":"post","link":"https:\/\/ktfnews.com\/es\/ireland-wonders-after\/","title":{"rendered":"Irlanda se Maravilla en Pos de&#8230;"},"content":{"rendered":"<p>El Presidente de Irlanda, Michael D. Higgins, se reuni\u00f3 con el Papa Francisco el 22 de mayo. Seg\u00fan un comunicado emitido por la Oficina de Prensa de la Santa Sede, las conversaciones fueron cordiales y resaltaron las buenas relaciones existentes entre la Santa Sede e Irlanda.<\/p>\n<p>\u00abLas partes se centraron en varios temas de inter\u00e9s mutuo\u00bb, dice la declaraci\u00f3n, \u00abcomo la protecci\u00f3n de los derechos de la humanidad y su dignidad en todas las etapas y condiciones de vida, el tema de la migraci\u00f3n y la acogida de los refugiados, la protecci\u00f3n del medio ambiente, y el desarrollo sostenible\u00bb.<\/p>\n<p>Adem\u00e1s expres\u00f3 que \u00abse prest\u00f3 atenci\u00f3n especial a los j\u00f3venes y a las familias. Se destac\u00f3, entonces, la importancia de los criterios \u00e9ticos para enfrentar los desaf\u00edos de la globalizaci\u00f3n, especialmente a nivel econ\u00f3mico\u00bb.<\/p>\n<p>Por \u00faltimo observ\u00f3 que hubo un intercambio de puntos de vista \u00absobre las perspectivas futuras del proyecto europeo\u00bb.<\/p>\n<p>Como de costumbre, tras reunirse con el Papa, el Presidente de Irlanda se reuni\u00f3 con el Secretario de Estado del Vaticano, el Cardenal Pietro Parolin y el Secretario de Relaciones con los Estados, Monse\u00f1or Paul Richard Gallagher.<\/p>\n<p>\u00abSe maravill\u00f3 toda la tierra en pos de&#8230;\u00bb Apocalipsis 13:3.<\/p>\n<hr>\n<h3>Source References<\/h3>\n<ul>\n<li>\n<h5><a href=\"https:\/\/es.zenit.org\/articles\/el-presidente-de-irlanda-recibido-en-audiencia-por-el-santo-padre\/\" target=\"_blank\">El presidente de Irlanda es recibido en audiencia por el Santo Padre<\/a><\/h5>\n<\/li>\n<\/ul>\n<ul>\n<li>\n<h5><a href=\"https:\/\/zenit.org\/articles\/pope-francis-receives-president-of-ireland\/\" target=\"_blank\">Pope Francis Receives President of Ireland<\/a><\/h5>\n<\/li>\n<\/ul>\n<p><\/p>\n<!-- AddThis Advanced Settings generic via filter on the_content -->","protected":false},"excerpt":{"rendered":"<p>El Presidente de Irlanda, Michael D. Higgins, se reuni\u00f3 con el Papa Francisco el 22 de mayo. Seg\u00fan un comunicado emitido por la Oficina de Prensa de la Santa Sede, las conversaciones fueron cordiales y resaltaron las buenas relaciones existentes&#8230;<!-- AddThis Advanced Settings generic via filter on wp_trim_excerpt --><\/p>\n","protected":false},"author":6,"featured_media":0,"comment_status":"open","ping_status":"open","sticky":false,"template":"","format":"standard","meta":{"episode_type":"","audio_file":"","duration":"","filesize":"","date_recorded":"","explicit":"","block":"","filesize_raw":"","_FSMCFIC_featured_image_caption":"","_FSMCFIC_featured_image_nocaption":"","_FSMCFIC_featured_image_hide":"","_links_to":"","_links_to_target":""},"categories":[722,32],"tags":[138,951,1047,111,151],"featured_image_urls":{},"appp_media":null,"yoast_head":"<!-- This site is optimized with the Yoast SEO plugin v17.3 - https:\/\/yoast.com\/wordpress\/plugins\/seo\/ -->\n<meta name=\"robots\" content=\"index, follow, max-snippet:-1, max-image-preview:large, max-video-preview:-1\" \/>\n<link rel=\"canonical\" href=\"https:\/\/ktfnews.com\/de\/ireland-wonders-after\/\" \/>\n<meta property=\"og:locale\" content=\"es_ES\" \/>\n<meta property=\"og:type\" content=\"article\" \/>\n<meta property=\"og:title\" content=\"[:en]Ireland Wonders After\u2026[:de]Ireland Wonders After\u2026[:es]Irlanda se Maravilla en Pos de...[:pt]Ireland Wonders After\u2026[:ua]Ireland Wonders After\u2026[:] - KEEP the FAITH\" \/>\n<meta property=\"og:description\" content=\"El Presidente de Irlanda, Michael D. Higgins, se reuni\u00f3 con el Papa Francisco el 22 de mayo. Seg\u00fan un comunicado emitido por la Oficina de Prensa de la Santa Sede, las conversaciones fueron cordiales y resaltaron las buenas relaciones existentes...\" \/>\n<meta property=\"og:url\" content=\"https:\/\/ktfnews.com\/de\/ireland-wonders-after\/\" \/>\n<meta property=\"og:site_name\" content=\"KEEP the FAITH\" \/>\n<meta property=\"article:publisher\" content=\"https:\/\/www.facebook.com\/ktfministry\" \/>\n<meta property=\"article:published_time\" content=\"2017-05-31T05:30:16+00:00\" \/>\n<meta property=\"article:modified_time\" content=\"2017-06-06T20:49:36+00:00\" \/>\n<meta property=\"og:image\" content=\"https:\/\/ktfnews.com\/wp-content\/uploads\/2017\/05\/unnamed-2-1.jpg\" \/>\n\t<meta property=\"og:image:width\" content=\"862\" \/>\n\t<meta property=\"og:image:height\" content=\"575\" \/>\n<meta name=\"twitter:card\" content=\"summary_large_image\" \/>\n<meta name=\"twitter:creator\" content=\"@ktfministry\" \/>\n<meta name=\"twitter:site\" content=\"@ktfministry\" \/>\n<meta name=\"twitter:label1\" content=\"Escrito por\" \/>\n\t<meta name=\"twitter:data1\" content=\"Pastor Hal Mayer\" \/>\n\t<meta name=\"twitter:label2\" content=\"Tiempo de lectura\" \/>\n\t<meta name=\"twitter:data2\" content=\"2 minutos\" \/>\n<script type=\"application\/ld+json\" class=\"yoast-schema-graph\">{\"@context\":\"https:\/\/schema.org\",\"@graph\":[{\"@type\":\"WebSite\",\"@id\":\"https:\/\/ktfnews.com\/#website\",\"url\":\"https:\/\/ktfnews.com\/\",\"name\":\"KEEP the FAITH\",\"description\":\"Preparing you for the final conflict between good and evil.\",\"potentialAction\":[{\"@type\":\"SearchAction\",\"target\":{\"@type\":\"EntryPoint\",\"urlTemplate\":\"https:\/\/ktfnews.com\/?s={search_term_string}\"},\"query-input\":\"required name=search_term_string\"}],\"inLanguage\":\"es\"},{\"@type\":\"WebPage\",\"@id\":\"https:\/\/ktfnews.com\/de\/ireland-wonders-after\/#webpage\",\"url\":\"https:\/\/ktfnews.com\/de\/ireland-wonders-after\/\",\"name\":\"[:en]Ireland Wonders After\\u2026[:de]Ireland Wonders After\\u2026[:es]Irlanda se Maravilla en Pos de...[:pt]Ireland Wonders After\\u2026[:ua]Ireland Wonders After\\u2026[:] - KEEP the FAITH\",\"isPartOf\":{\"@id\":\"https:\/\/ktfnews.com\/#website\"},\"datePublished\":\"2017-05-31T05:30:16+00:00\",\"dateModified\":\"2017-06-06T20:49:36+00:00\",\"author\":{\"@id\":\"https:\/\/ktfnews.com\/#\/schema\/person\/ba4174513d9169cf8e229b7d8d60410d\"},\"breadcrumb\":{\"@id\":\"https:\/\/ktfnews.com\/de\/ireland-wonders-after\/#breadcrumb\"},\"inLanguage\":\"es\",\"potentialAction\":[{\"@type\":\"ReadAction\",\"target\":[\"https:\/\/ktfnews.com\/de\/ireland-wonders-after\/\"]}]},{\"@type\":\"BreadcrumbList\",\"@id\":\"https:\/\/ktfnews.com\/de\/ireland-wonders-after\/#breadcrumb\",\"itemListElement\":[{\"@type\":\"ListItem\",\"position\":1,\"name\":\"Home\",\"item\":\"https:\/\/ktfnews.com\/\"},{\"@type\":\"ListItem\",\"position\":2,\"name\":\"Briefings\",\"item\":\"https:\/\/ktfnews.com\/category\/briefings\/\"},{\"@type\":\"ListItem\",\"position\":3,\"name\":\"Prophetic Intelligence Briefings\",\"item\":\"https:\/\/ktfnews.com\/category\/briefings\/news\/\"},{\"@type\":\"ListItem\",\"position\":4,\"name\":\"Ireland Wonders After\\u2026\"}]},{\"@type\":\"Person\",\"@id\":\"https:\/\/ktfnews.com\/#\/schema\/person\/ba4174513d9169cf8e229b7d8d60410d\",\"name\":\"Pastor Hal Mayer\",\"image\":{\"@type\":\"ImageObject\",\"@id\":\"https:\/\/ktfnews.com\/#personlogo\",\"inLanguage\":\"es\",\"url\":\"https:\/\/secure.gravatar.com\/avatar\/051bac95ae650254c5a03467b9456599?s=96&d=mm&r=g\",\"contentUrl\":\"https:\/\/secure.gravatar.com\/avatar\/051bac95ae650254c5a03467b9456599?s=96&d=mm&r=g\",\"caption\":\"Pastor Hal Mayer\"},\"description\":\"Pastor Hal Mayer is speaker and director of Keep the Faith Ministry. For the last 20 years Pastor Mayer\\u2019s monthly prophetic analysis on CD and online has revealed the striking evidence of fulfilling prophecy to many thousands of subscribers all over the world. Pastor Mayer\\u2019s background in history and Bible prophecy give him unique insights and perspectives that have blessed many and helped them make a deeper commitment to the Lord. Keep the Faith Ministry helps those who want to keep abreast of fulfilling prophecy and who want to understand and navigate the unique and difficult circumstances of the end-times. Keep the Faith Ministry helps to prepare you for the second coming of Christ. Pastor Mayer is married to Betsy for more than 40 years. They have no children of their own. \\u201cThe times in which we live are thrilling, because the things prophesied in God\\u2019s word are actually coming to pass in this generation,\\u201d says Pastor Mayer. \\u201cIn a time when the distinctive end-time truths of God\\u2019s word are being censored, and life in this world is becoming more and more chaotic, Keep the Faith is a voice of strength and encouragement.\\u201d\",\"url\":\"https:\/\/ktfnews.com\/es\/author\/hal\/\"}]}<\/script>\n<!-- \/ Yoast SEO plugin. -->","yoast_head_json":{"robots":{"index":"index","follow":"follow","max-snippet":"max-snippet:-1","max-image-preview":"max-image-preview:large","max-video-preview":"max-video-preview:-1"},"canonical":"https:\/\/ktfnews.com\/de\/ireland-wonders-after\/","og_locale":"es_ES","og_type":"article","og_title":"[:en]Ireland Wonders After\u2026[:de]Ireland Wonders After\u2026[:es]Irlanda se Maravilla en Pos de...[:pt]Ireland Wonders After\u2026[:ua]Ireland Wonders After\u2026[:] - KEEP the FAITH","og_description":"El Presidente de Irlanda, Michael D. Higgins, se reuni\u00f3 con el Papa Francisco el 22 de mayo. Seg\u00fan un comunicado emitido por la Oficina de Prensa de la Santa Sede, las conversaciones fueron cordiales y resaltaron las buenas relaciones existentes...","og_url":"https:\/\/ktfnews.com\/de\/ireland-wonders-after\/","og_site_name":"KEEP the FAITH","article_publisher":"https:\/\/www.facebook.com\/ktfministry","article_published_time":"2017-05-31T05:30:16+00:00","article_modified_time":"2017-06-06T20:49:36+00:00","og_image":[{"width":862,"height":575,"url":"https:\/\/ktfnews.com\/wp-content\/uploads\/2017\/05\/unnamed-2-1.jpg","type":"image\/jpeg"}],"twitter_card":"summary_large_image","twitter_creator":"@ktfministry","twitter_site":"@ktfministry","twitter_misc":{"Escrito por":"Pastor Hal Mayer","Tiempo de lectura":"2 minutos"},"schema":{"@context":"https:\/\/schema.org","@graph":[{"@type":"WebSite","@id":"https:\/\/ktfnews.com\/#website","url":"https:\/\/ktfnews.com\/","name":"KEEP the FAITH","description":"Preparing you for the final conflict between good and evil.","potentialAction":[{"@type":"SearchAction","target":{"@type":"EntryPoint","urlTemplate":"https:\/\/ktfnews.com\/?s={search_term_string}"},"query-input":"required name=search_term_string"}],"inLanguage":"es"},{"@type":"WebPage","@id":"https:\/\/ktfnews.com\/de\/ireland-wonders-after\/#webpage","url":"https:\/\/ktfnews.com\/de\/ireland-wonders-after\/","name":"[:en]Ireland Wonders After\u2026[:de]Ireland Wonders After\u2026[:es]Irlanda se Maravilla en Pos de...[:pt]Ireland Wonders After\u2026[:ua]Ireland Wonders After\u2026[:] - KEEP the FAITH","isPartOf":{"@id":"https:\/\/ktfnews.com\/#website"},"datePublished":"2017-05-31T05:30:16+00:00","dateModified":"2017-06-06T20:49:36+00:00","author":{"@id":"https:\/\/ktfnews.com\/#\/schema\/person\/ba4174513d9169cf8e229b7d8d60410d"},"breadcrumb":{"@id":"https:\/\/ktfnews.com\/de\/ireland-wonders-after\/#breadcrumb"},"inLanguage":"es","potentialAction":[{"@type":"ReadAction","target":["https:\/\/ktfnews.com\/de\/ireland-wonders-after\/"]}]},{"@type":"BreadcrumbList","@id":"https:\/\/ktfnews.com\/de\/ireland-wonders-after\/#breadcrumb","itemListElement":[{"@type":"ListItem","position":1,"name":"Home","item":"https:\/\/ktfnews.com\/"},{"@type":"ListItem","position":2,"name":"Briefings","item":"https:\/\/ktfnews.com\/category\/briefings\/"},{"@type":"ListItem","position":3,"name":"Prophetic Intelligence Briefings","item":"https:\/\/ktfnews.com\/category\/briefings\/news\/"},{"@type":"ListItem","position":4,"name":"Ireland Wonders After\u2026"}]},{"@type":"Person","@id":"https:\/\/ktfnews.com\/#\/schema\/person\/ba4174513d9169cf8e229b7d8d60410d","name":"Pastor Hal Mayer","image":{"@type":"ImageObject","@id":"https:\/\/ktfnews.com\/#personlogo","inLanguage":"es","url":"https:\/\/secure.gravatar.com\/avatar\/051bac95ae650254c5a03467b9456599?s=96&d=mm&r=g","contentUrl":"https:\/\/secure.gravatar.com\/avatar\/051bac95ae650254c5a03467b9456599?s=96&d=mm&r=g","caption":"Pastor Hal Mayer"},"description":"Pastor Hal Mayer is speaker and director of Keep the Faith Ministry. For the last 20 years Pastor Mayer\u2019s monthly prophetic analysis on CD and online has revealed the striking evidence of fulfilling prophecy to many thousands of subscribers all over the world. Pastor Mayer\u2019s background in history and Bible prophecy give him unique insights and perspectives that have blessed many and helped them make a deeper commitment to the Lord. Keep the Faith Ministry helps those who want to keep abreast of fulfilling prophecy and who want to understand and navigate the unique and difficult circumstances of the end-times. Keep the Faith Ministry helps to prepare you for the second coming of Christ. Pastor Mayer is married to Betsy for more than 40 years. They have no children of their own. \u201cThe times in which we live are thrilling, because the things prophesied in God\u2019s word are actually coming to pass in this generation,\u201d says Pastor Mayer. \u201cIn a time when the distinctive end-time truths of God\u2019s word are being censored, and life in this world is becoming more and more chaotic, Keep the Faith is a voice of strength and encouragement.\u201d","url":"https:\/\/ktfnews.com\/es\/author\/hal\/"}]}},"_links":{"self":[{"href":"https:\/\/ktfnews.com\/es\/wp-json\/wp\/v2\/posts\/11362"}],"collection":[{"href":"https:\/\/ktfnews.com\/es\/wp-json\/wp\/v2\/posts"}],"about":[{"href":"https:\/\/ktfnews.com\/es\/wp-json\/wp\/v2\/types\/post"}],"author":[{"embeddable":true,"href":"https:\/\/ktfnews.com\/es\/wp-json\/wp\/v2\/users\/6"}],"replies":[{"embeddable":true,"href":"https:\/\/ktfnews.com\/es\/wp-json\/wp\/v2\/comments?post=11362"}],"version-history":[{"count":2,"href":"https:\/\/ktfnews.com\/es\/wp-json\/wp\/v2\/posts\/11362\/revisions"}],"predecessor-version":[{"id":11428,"href":"https:\/\/ktfnews.com\/es\/wp-json\/wp\/v2\/posts\/11362\/revisions\/11428"}],"wp:attachment":[{"href":"https:\/\/ktfnews.com\/es\/wp-json\/wp\/v2\/media?parent=11362"}],"wp:term":[{"taxonomy":"category","embeddable":true,"href":"https:\/\/ktfnews.com\/es\/wp-json\/wp\/v2\/categories?post=11362"},{"taxonomy":"post_tag","embeddable":true,"href":"https:\/\/ktfnews.com\/es\/wp-json\/wp\/v2\/tags?post=11362"}],"curies":[{"name":"wp","href":"https:\/\/api.w.org\/{rel}","templated":true}]}}