{"id":11222,"date":"2017-05-11T01:30:01","date_gmt":"2017-05-11T05:30:01","guid":{"rendered":"http:\/\/ktfnews.com\/?p=11222"},"modified":"2017-05-31T11:14:20","modified_gmt":"2017-05-31T15:14:20","slug":"malaysia-wonders-after","status":"publish","type":"post","link":"https:\/\/ktfnews.com\/es\/malaysia-wonders-after\/","title":{"rendered":"Malasia se Maravilla en Pos de&#8230;"},"content":{"rendered":"<p>Malasia abri\u00f3 una embajada en el Vaticano la cual \u00abllevar\u00e1 las relaciones entre Malasia y la Santa Sede a mayores alturas\u00bb, dijo el ministro de Relaciones Exteriores, Datuk Seri Anifah Aman, quien abri\u00f3 oficialmente la embajada el 9 de mayo.<\/p>\n<p>Durante la visita, Anifah se reuni\u00f3 con su hom\u00f3logo, el reverendo arzobispo Paul Gallagher y el secretario de Estado del Vaticano, el cardenal Pietro Parolin. Ambas partes est\u00e1n interesadas en colaborar en los esfuerzos para promover el di\u00e1logo y la comprensi\u00f3n interreligiosa.<\/p>\n<p>Los lazos diplom\u00e1ticos entre Malasia y la Santa Sede se establecieron el 27 de julio de 2011. \u00abEl 25 de noviembre de 2015, tomamos la decisi\u00f3n de establecer una embajada de Malasia en la Santa Sede, con residencia en Roma. Se nombr\u00f3 a su Excelencia Bernard Giluk Dompok como primer Embajador residente en la Santa Sede\u00bb, dijo Anifah.<\/p>\n<p>En el discurso de apertura de la embajada, Anifah dijo que \u00abel establecimiento de las relaciones diplom\u00e1ticas con la Santa Sede evidencia el compromiso del pa\u00eds para mejorar los lazos existentes entre ambas naciones, particularmente en lo que refiere a los asuntos religiosos as\u00ed como promover una mejor comprensi\u00f3n en la religi\u00f3n\u201d.<\/p>\n<p>Con el establecimiento de una embajada residente con sede en Roma, Malasia estar\u00e1 ahora en posici\u00f3n de \u00abparticipar y contribuir en los di\u00e1logos mundiales sobre diversos temas regionales e internacionales, en particular sobre la promoci\u00f3n de la comprensi\u00f3n religiosa, la educaci\u00f3n, la erradicaci\u00f3n de la pobreza, la migraci\u00f3n, as\u00ed como el cambio clim\u00e1tico\u201d, agreg\u00f3.<\/p>\n<p>Adem\u00e1s dijo que Malasia cree firmemente en la necesidad de practicar la moderaci\u00f3n como elemento fundamental para fomentar una mayor integraci\u00f3n, asegurando la coexistencia pac\u00edfica a trav\u00e9s del rechazo del extremismo que socava los valores universales de la religi\u00f3n.<\/p>\n<p>\u00abUno de los mayores desaf\u00edos en el mundo actual es la lucha contra los grupos extremistas que est\u00e1n creciendo regionalmente e internacionalmente.\u00bb El extremismo es un c\u00e1ncer para el mundo, ya que crea el caos y la inestabilidad pol\u00edtica en un pa\u00eds\u00bb.<\/p>\n<p>Anifah dijo que Malasia tambi\u00e9n recibi\u00f3 con benepl\u00e1cito la futura colaboraci\u00f3n con los diversos consejos pontificios, organizaciones internacionales y organizaciones no gubernamentales en la celebraci\u00f3n de di\u00e1logos y seminarios encaminados a promover una mejor comprensi\u00f3n religiosa en un futuro pr\u00f3ximo. \u00abEstoy seguro de que habr\u00e1 mucha colaboraci\u00f3n con Malasia en las diversas cuestiones pol\u00edticas, econ\u00f3micas y de desarrollo social de inter\u00e9s mutuo\u00bb, a\u00f1adi\u00f3.<\/p>\n<p>Aparentemente, el Embajador de Malasia ante la Santa Sede, Su Excelencia Bernard Giluk Dompok es amigo de los jesuitas. El a\u00f1o pasado, el 8 de agosto de 2016, visit\u00f3 la Comunidad Jesuita de San Pedro Canisio en el Vaticano y los acompa\u00f1\u00f3 para el almuerzo. Los objetivos de la visita fueron obtener una mejor comprensi\u00f3n de las diversas iniciativas emprendidas por la Orden de los Jesuitas en la red cat\u00f3lica, estar en contacto e introducir la reci\u00e9n establecida Embajada de Malasia en la Santa Sede. La visita tambi\u00e9n fue parte de la muestra de apreciaci\u00f3n que siente Malasia por las contribuciones de la Iglesia Cat\u00f3lica en el desarrollo de la educaci\u00f3n en ese pa\u00eds, las cuales han beneficiado las generaciones de malayos desde sus inicios hasta ahora. Antes de la visita a la comunidad jesuita, el Embajador hab\u00eda visitado a los Hermanos de La Salle y los Hermanos de San Gabriel y pronto visitar\u00e1 a los Padres de Mill Hill en Roma. Dompok expres\u00f3 su sincera gratitud a la Comunidad Jesuita por su dedicaci\u00f3n al proveer servicio comunitario&#8230;<\/p>\n<p>\u00abTodo el mundo se maravill\u00f3 en pos de&#8230;\u00bb Apocalipsis 13: 3.<\/p>\n<hr>\n<h3>Source References<\/h3>\n<ul>\n<li>\n<h5><a href=\"https:\/\/www.embassypages.com\/embajada14058\/\" target=\"_blank\">EMBAJADA DE MALASIA EN ROMA, ITALIA<\/a><\/h5>\n<\/li>\n<\/ul>\n<ul>\n<li>\n<h5><a href=\"http:\/\/www.romereports.com\/2016\/06\/09\/malasia-envia-su-primer-embajador-residencial-al-vaticano\" target=\"_blank\">Malasia env\u00eda su primer embajador residencial al Vaticano<\/a><\/h5>\n<\/li>\n<\/ul>\n<ul>\n<li>\n<h5><a href=\"http:\/\/www.channelnewsasia.com\/news\/asiapacific\/malaysia-to-open-embassy-in-the-vatican-8829670\" target=\"_blank\">Malaysia to open embassy in the Vatican<\/a><\/h5>\n<\/li>\n<\/ul>\n<ul>\n<li>\n<h5><a href=\"https:\/\/www.nst.com.my\/news\/nation\/2017\/05\/237765\/anifah-officiates-malaysian-embassy-holy-see\" target=\"_blank\">Anifah officiates Malaysian Embassy to the Holy See<\/a><\/h5>\n<\/li>\n<\/ul>\n<ul>\n<li>\n<h5><a href=\"http:\/\/www.kln.gov.my\/web\/hls_holy-see\/home\/-\/asset_publisher\/8pPT\/blog\/ambassador-of-malaysia-to-the-holy-see-visits-to-the-jesuit-community-of-saint-peter-canisius-in-vatican?redirect=%2Fweb%2Fhls_holy-see%2Fhome\" target=\"_blank\">AMBASSADOR OF MALAYSIA TO THE HOLY SEE VISITS TO THE JESUIT COMMUNITY OF SAINT PETER CANISIUS IN VATICAN<\/a><\/h5>\n<\/li>\n<\/ul>\n<p><\/p>\n<!-- AddThis Advanced Settings generic via filter on the_content -->","protected":false},"excerpt":{"rendered":"<p>Malasia abri\u00f3 una embajada en el Vaticano la cual \u00abllevar\u00e1 las relaciones entre Malasia y la Santa Sede a mayores alturas\u00bb, dijo el ministro de Relaciones Exteriores, Datuk Seri Anifah Aman, quien abri\u00f3 oficialmente la embajada el 9 de mayo&#8230;.<!-- AddThis Advanced Settings generic via filter on wp_trim_excerpt --><\/p>\n","protected":false},"author":6,"featured_media":0,"comment_status":"open","ping_status":"open","sticky":false,"template":"","format":"standard","meta":{"episode_type":"","audio_file":"","duration":"","filesize":"","date_recorded":"","explicit":"","block":"","filesize_raw":"","_FSMCFIC_featured_image_caption":"","_FSMCFIC_featured_image_nocaption":"","_FSMCFIC_featured_image_hide":"","_links_to":"","_links_to_target":""},"categories":[722,32],"tags":[253,1318,65,1731,111,151],"featured_image_urls":{},"appp_media":null,"yoast_head":"<!-- This site is optimized with the Yoast SEO plugin v17.3 - https:\/\/yoast.com\/wordpress\/plugins\/seo\/ -->\n<meta name=\"robots\" content=\"index, follow, max-snippet:-1, max-image-preview:large, max-video-preview:-1\" \/>\n<link rel=\"canonical\" href=\"https:\/\/ktfnews.com\/de\/malaysia-wonders-after\/\" \/>\n<meta property=\"og:locale\" content=\"es_ES\" \/>\n<meta property=\"og:type\" content=\"article\" \/>\n<meta property=\"og:title\" content=\"[:en]Malaysia Wonders After\u2026[:es]Malasia se Maravilla en Pos de...[:] - KEEP the FAITH\" \/>\n<meta property=\"og:description\" content=\"Malasia abri\u00f3 una embajada en el Vaticano la cual \u00abllevar\u00e1 las relaciones entre Malasia y la Santa Sede a mayores alturas\u00bb, dijo el ministro de Relaciones Exteriores, Datuk Seri Anifah Aman, quien abri\u00f3 oficialmente la embajada el 9 de mayo....\" \/>\n<meta property=\"og:url\" content=\"https:\/\/ktfnews.com\/de\/malaysia-wonders-after\/\" \/>\n<meta property=\"og:site_name\" content=\"KEEP the FAITH\" \/>\n<meta property=\"article:publisher\" content=\"https:\/\/www.facebook.com\/ktfministry\" \/>\n<meta property=\"article:published_time\" content=\"2017-05-11T05:30:01+00:00\" \/>\n<meta property=\"article:modified_time\" content=\"2017-05-31T15:14:20+00:00\" \/>\n<meta property=\"og:image\" content=\"https:\/\/ktfnews.com\/wp-content\/uploads\/2017\/05\/pope-francis-leads-the-easter-mass-in-saint-peter-s-square-at-the-vatican-3682044.png\" \/>\n\t<meta property=\"og:image:width\" content=\"670\" \/>\n\t<meta property=\"og:image:height\" content=\"377\" \/>\n<meta name=\"twitter:card\" content=\"summary_large_image\" \/>\n<meta name=\"twitter:creator\" content=\"@ktfministry\" \/>\n<meta name=\"twitter:site\" content=\"@ktfministry\" \/>\n<meta name=\"twitter:label1\" content=\"Escrito por\" \/>\n\t<meta name=\"twitter:data1\" content=\"Pastor Hal Mayer\" \/>\n\t<meta name=\"twitter:label2\" content=\"Tiempo de lectura\" \/>\n\t<meta name=\"twitter:data2\" content=\"6 minutos\" \/>\n<script type=\"application\/ld+json\" class=\"yoast-schema-graph\">{\"@context\":\"https:\/\/schema.org\",\"@graph\":[{\"@type\":\"WebSite\",\"@id\":\"https:\/\/ktfnews.com\/#website\",\"url\":\"https:\/\/ktfnews.com\/\",\"name\":\"KEEP the FAITH\",\"description\":\"Preparing you for the final conflict between good and evil.\",\"potentialAction\":[{\"@type\":\"SearchAction\",\"target\":{\"@type\":\"EntryPoint\",\"urlTemplate\":\"https:\/\/ktfnews.com\/?s={search_term_string}\"},\"query-input\":\"required name=search_term_string\"}],\"inLanguage\":\"es\"},{\"@type\":\"WebPage\",\"@id\":\"https:\/\/ktfnews.com\/de\/malaysia-wonders-after\/#webpage\",\"url\":\"https:\/\/ktfnews.com\/de\/malaysia-wonders-after\/\",\"name\":\"[:en]Malaysia Wonders After\\u2026[:es]Malasia se Maravilla en Pos de...[:] - KEEP the FAITH\",\"isPartOf\":{\"@id\":\"https:\/\/ktfnews.com\/#website\"},\"datePublished\":\"2017-05-11T05:30:01+00:00\",\"dateModified\":\"2017-05-31T15:14:20+00:00\",\"author\":{\"@id\":\"https:\/\/ktfnews.com\/#\/schema\/person\/ba4174513d9169cf8e229b7d8d60410d\"},\"breadcrumb\":{\"@id\":\"https:\/\/ktfnews.com\/de\/malaysia-wonders-after\/#breadcrumb\"},\"inLanguage\":\"es\",\"potentialAction\":[{\"@type\":\"ReadAction\",\"target\":[\"https:\/\/ktfnews.com\/de\/malaysia-wonders-after\/\"]}]},{\"@type\":\"BreadcrumbList\",\"@id\":\"https:\/\/ktfnews.com\/de\/malaysia-wonders-after\/#breadcrumb\",\"itemListElement\":[{\"@type\":\"ListItem\",\"position\":1,\"name\":\"Home\",\"item\":\"https:\/\/ktfnews.com\/\"},{\"@type\":\"ListItem\",\"position\":2,\"name\":\"Briefings\",\"item\":\"https:\/\/ktfnews.com\/category\/briefings\/\"},{\"@type\":\"ListItem\",\"position\":3,\"name\":\"Prophetic Intelligence Briefings\",\"item\":\"https:\/\/ktfnews.com\/category\/briefings\/news\/\"},{\"@type\":\"ListItem\",\"position\":4,\"name\":\"Malaysia Wonders After\\u2026\"}]},{\"@type\":\"Person\",\"@id\":\"https:\/\/ktfnews.com\/#\/schema\/person\/ba4174513d9169cf8e229b7d8d60410d\",\"name\":\"Pastor Hal Mayer\",\"image\":{\"@type\":\"ImageObject\",\"@id\":\"https:\/\/ktfnews.com\/#personlogo\",\"inLanguage\":\"es\",\"url\":\"https:\/\/secure.gravatar.com\/avatar\/051bac95ae650254c5a03467b9456599?s=96&d=mm&r=g\",\"contentUrl\":\"https:\/\/secure.gravatar.com\/avatar\/051bac95ae650254c5a03467b9456599?s=96&d=mm&r=g\",\"caption\":\"Pastor Hal Mayer\"},\"description\":\"Pastor Hal Mayer is speaker and director of Keep the Faith Ministry. For the last 20 years Pastor Mayer\\u2019s monthly prophetic analysis on CD and online has revealed the striking evidence of fulfilling prophecy to many thousands of subscribers all over the world. Pastor Mayer\\u2019s background in history and Bible prophecy give him unique insights and perspectives that have blessed many and helped them make a deeper commitment to the Lord. Keep the Faith Ministry helps those who want to keep abreast of fulfilling prophecy and who want to understand and navigate the unique and difficult circumstances of the end-times. Keep the Faith Ministry helps to prepare you for the second coming of Christ. Pastor Mayer is married to Betsy for more than 40 years. They have no children of their own. \\u201cThe times in which we live are thrilling, because the things prophesied in God\\u2019s word are actually coming to pass in this generation,\\u201d says Pastor Mayer. \\u201cIn a time when the distinctive end-time truths of God\\u2019s word are being censored, and life in this world is becoming more and more chaotic, Keep the Faith is a voice of strength and encouragement.\\u201d\",\"url\":\"https:\/\/ktfnews.com\/es\/author\/hal\/\"}]}<\/script>\n<!-- \/ Yoast SEO plugin. -->","yoast_head_json":{"robots":{"index":"index","follow":"follow","max-snippet":"max-snippet:-1","max-image-preview":"max-image-preview:large","max-video-preview":"max-video-preview:-1"},"canonical":"https:\/\/ktfnews.com\/de\/malaysia-wonders-after\/","og_locale":"es_ES","og_type":"article","og_title":"[:en]Malaysia Wonders After\u2026[:es]Malasia se Maravilla en Pos de...[:] - KEEP the FAITH","og_description":"Malasia abri\u00f3 una embajada en el Vaticano la cual \u00abllevar\u00e1 las relaciones entre Malasia y la Santa Sede a mayores alturas\u00bb, dijo el ministro de Relaciones Exteriores, Datuk Seri Anifah Aman, quien abri\u00f3 oficialmente la embajada el 9 de mayo....","og_url":"https:\/\/ktfnews.com\/de\/malaysia-wonders-after\/","og_site_name":"KEEP the FAITH","article_publisher":"https:\/\/www.facebook.com\/ktfministry","article_published_time":"2017-05-11T05:30:01+00:00","article_modified_time":"2017-05-31T15:14:20+00:00","og_image":[{"width":670,"height":377,"url":"https:\/\/ktfnews.com\/wp-content\/uploads\/2017\/05\/pope-francis-leads-the-easter-mass-in-saint-peter-s-square-at-the-vatican-3682044.png","type":"image\/png"}],"twitter_card":"summary_large_image","twitter_creator":"@ktfministry","twitter_site":"@ktfministry","twitter_misc":{"Escrito por":"Pastor Hal Mayer","Tiempo de lectura":"6 minutos"},"schema":{"@context":"https:\/\/schema.org","@graph":[{"@type":"WebSite","@id":"https:\/\/ktfnews.com\/#website","url":"https:\/\/ktfnews.com\/","name":"KEEP the FAITH","description":"Preparing you for the final conflict between good and evil.","potentialAction":[{"@type":"SearchAction","target":{"@type":"EntryPoint","urlTemplate":"https:\/\/ktfnews.com\/?s={search_term_string}"},"query-input":"required name=search_term_string"}],"inLanguage":"es"},{"@type":"WebPage","@id":"https:\/\/ktfnews.com\/de\/malaysia-wonders-after\/#webpage","url":"https:\/\/ktfnews.com\/de\/malaysia-wonders-after\/","name":"[:en]Malaysia Wonders After\u2026[:es]Malasia se Maravilla en Pos de...[:] - KEEP the FAITH","isPartOf":{"@id":"https:\/\/ktfnews.com\/#website"},"datePublished":"2017-05-11T05:30:01+00:00","dateModified":"2017-05-31T15:14:20+00:00","author":{"@id":"https:\/\/ktfnews.com\/#\/schema\/person\/ba4174513d9169cf8e229b7d8d60410d"},"breadcrumb":{"@id":"https:\/\/ktfnews.com\/de\/malaysia-wonders-after\/#breadcrumb"},"inLanguage":"es","potentialAction":[{"@type":"ReadAction","target":["https:\/\/ktfnews.com\/de\/malaysia-wonders-after\/"]}]},{"@type":"BreadcrumbList","@id":"https:\/\/ktfnews.com\/de\/malaysia-wonders-after\/#breadcrumb","itemListElement":[{"@type":"ListItem","position":1,"name":"Home","item":"https:\/\/ktfnews.com\/"},{"@type":"ListItem","position":2,"name":"Briefings","item":"https:\/\/ktfnews.com\/category\/briefings\/"},{"@type":"ListItem","position":3,"name":"Prophetic Intelligence Briefings","item":"https:\/\/ktfnews.com\/category\/briefings\/news\/"},{"@type":"ListItem","position":4,"name":"Malaysia Wonders After\u2026"}]},{"@type":"Person","@id":"https:\/\/ktfnews.com\/#\/schema\/person\/ba4174513d9169cf8e229b7d8d60410d","name":"Pastor Hal Mayer","image":{"@type":"ImageObject","@id":"https:\/\/ktfnews.com\/#personlogo","inLanguage":"es","url":"https:\/\/secure.gravatar.com\/avatar\/051bac95ae650254c5a03467b9456599?s=96&d=mm&r=g","contentUrl":"https:\/\/secure.gravatar.com\/avatar\/051bac95ae650254c5a03467b9456599?s=96&d=mm&r=g","caption":"Pastor Hal Mayer"},"description":"Pastor Hal Mayer is speaker and director of Keep the Faith Ministry. For the last 20 years Pastor Mayer\u2019s monthly prophetic analysis on CD and online has revealed the striking evidence of fulfilling prophecy to many thousands of subscribers all over the world. Pastor Mayer\u2019s background in history and Bible prophecy give him unique insights and perspectives that have blessed many and helped them make a deeper commitment to the Lord. Keep the Faith Ministry helps those who want to keep abreast of fulfilling prophecy and who want to understand and navigate the unique and difficult circumstances of the end-times. Keep the Faith Ministry helps to prepare you for the second coming of Christ. Pastor Mayer is married to Betsy for more than 40 years. They have no children of their own. \u201cThe times in which we live are thrilling, because the things prophesied in God\u2019s word are actually coming to pass in this generation,\u201d says Pastor Mayer. \u201cIn a time when the distinctive end-time truths of God\u2019s word are being censored, and life in this world is becoming more and more chaotic, Keep the Faith is a voice of strength and encouragement.\u201d","url":"https:\/\/ktfnews.com\/es\/author\/hal\/"}]}},"_links":{"self":[{"href":"https:\/\/ktfnews.com\/es\/wp-json\/wp\/v2\/posts\/11222"}],"collection":[{"href":"https:\/\/ktfnews.com\/es\/wp-json\/wp\/v2\/posts"}],"about":[{"href":"https:\/\/ktfnews.com\/es\/wp-json\/wp\/v2\/types\/post"}],"author":[{"embeddable":true,"href":"https:\/\/ktfnews.com\/es\/wp-json\/wp\/v2\/users\/6"}],"replies":[{"embeddable":true,"href":"https:\/\/ktfnews.com\/es\/wp-json\/wp\/v2\/comments?post=11222"}],"version-history":[{"count":2,"href":"https:\/\/ktfnews.com\/es\/wp-json\/wp\/v2\/posts\/11222\/revisions"}],"predecessor-version":[{"id":11370,"href":"https:\/\/ktfnews.com\/es\/wp-json\/wp\/v2\/posts\/11222\/revisions\/11370"}],"wp:attachment":[{"href":"https:\/\/ktfnews.com\/es\/wp-json\/wp\/v2\/media?parent=11222"}],"wp:term":[{"taxonomy":"category","embeddable":true,"href":"https:\/\/ktfnews.com\/es\/wp-json\/wp\/v2\/categories?post=11222"},{"taxonomy":"post_tag","embeddable":true,"href":"https:\/\/ktfnews.com\/es\/wp-json\/wp\/v2\/tags?post=11222"}],"curies":[{"name":"wp","href":"https:\/\/api.w.org\/{rel}","templated":true}]}}