{"id":11118,"date":"2017-05-01T01:30:48","date_gmt":"2017-05-01T05:30:48","guid":{"rendered":"http:\/\/ktfnews.com\/?p=11118"},"modified":"2017-06-25T01:07:06","modified_gmt":"2017-06-25T05:07:06","slug":"pope-francis-continues-papal-error-sainthood","status":"publish","type":"post","link":"https:\/\/ktfnews.com\/es\/pope-francis-continues-papal-error-sainthood\/","title":{"rendered":"El Papa Francisco Promueve Error Papal de los Santos"},"content":{"rendered":"<p>En el viaje que el Papa Francisco har\u00e1 a Portugal, en el cumplimiento del centenario de las apariciones marianas de F\u00e1tima en mayo, canonizar\u00e1 a Francisco y Jacinta Marto durante su visita a F\u00e1tima, convirti\u00e9ndolos en los no m\u00e1rtires m\u00e1s j\u00f3venes en ser declarados santos.<\/p>\n<p>El Papa Francisco tambi\u00e9n canonizar\u00e1 a otros seis durante el a\u00f1o 2017.<\/p>\n<p>Aunque los ni\u00f1os no suelen ser beatificados o canonizados por su corta edad, el Papa Juan Pablo II beatific\u00f3 dos ni\u00f1os y los proclam\u00f3 \u00abbenditos\u00bb en el a\u00f1o 2000.<\/p>\n<p>Un ni\u00f1o y su hermanita, junto con su prima Luc\u00eda Santo, cuidaban de las ovejas de su familia  en los campos de F\u00e1tima, Portugal. Un d\u00eda vieron unas apariciones sobrenaturales que ellos pensaron era Mar\u00eda, ahora com\u00fanmente conocida como Nuestra Se\u00f1ora de F\u00e1tima. Francisco y Jacinta se enfermaron con la mortal gripe espa\u00f1ola en 1918. Francisco muri\u00f3 en abril de 1919 y Jacinta en febrero de 1920 debido a complicaciones de la gripe espa\u00f1ola. En otra visi\u00f3n sobrenatural antes de morir, la supuesta virgen les dijo a los ni\u00f1os que pronto los llevar\u00eda al cielo.<\/p>\n<p>La tercera ni\u00f1a, Luc\u00eda, pas\u00f3 su vida como monja en un convento carmelita. Ella muri\u00f3 en el a\u00f1o 2005. Y ahora tambi\u00e9n se considera su beatificaci\u00f3n. El per\u00edodo de espera de cinco a\u00f1os despu\u00e9s de la muerte ha sido disminuido a tres a\u00f1os.<\/p>\n<p>El completo sistema de oraci\u00f3n a los muertos llamados santos para pedirles que intercedan ante Dios por ellos es blasfemia porque contradice las mismas palabras de Cristo que dijo: \u00abNadie viene al Padre sino por m\u00ed\u00bb, Juan 14: 6. Ofrecer otro m\u00e9todo de acceso a Dios y a la salvaci\u00f3n es nada menos que invalidar la Biblia.<\/p>\n<p>\u00abLa Iglesia Cat\u00f3lica le pone actualmente al mundo una cara apacible, y presenta disculpas por sus horribles crueldades. Se ha puesto vestiduras como las de Cristo; pero en realidad no ha cambiado. Todos los principios formulados por el papismo en edades pasadas subsisten en nuestros d\u00edas. Las doctrinas inventadas en los siglos m\u00e1s tenebrosos siguen profes\u00e1ndose a\u00fan. Nadie se enga\u00f1e\u00bb. El Conflicto de los Siglos, p\u00e1g. 627.<\/p>\n<hr>\n<h3>Source References<\/h3>\n<ul>\n<li>\n<h5><a href=\"http:\/\/www.telam.com.ar\/notas\/201704\/186233-papa-francisco-virgen-fatima.html\" target=\"_blank\">Francisco canonizar\u00e1 a dos pastorcitos que vieron a la Virgen de F\u00e1tima<\/a><\/h5>\n<\/li>\n<\/ul>\n<ul>\n<li>\n<h5><a href=\"https:\/\/en.wikipedia.org\/wiki\/Jacinta_and_Francisco_Marto#Illness_and_death\" target=\"_blank\">Wikipedia: Jacinta and Francisco Marto \u2014 Illness and Death<\/a><\/h5>\n<\/li>\n<\/ul>\n<p><\/p>\n<!-- AddThis Advanced Settings generic via filter on the_content -->","protected":false},"excerpt":{"rendered":"<p>En el viaje que el Papa Francisco har\u00e1 a Portugal, en el cumplimiento del centenario de las apariciones marianas de F\u00e1tima en mayo, canonizar\u00e1 a Francisco y Jacinta Marto durante su visita a F\u00e1tima, convirti\u00e9ndolos en los no m\u00e1rtires m\u00e1s&#8230;<!-- AddThis Advanced Settings generic via filter on wp_trim_excerpt --><\/p>\n","protected":false},"author":6,"featured_media":0,"comment_status":"open","ping_status":"open","sticky":false,"template":"","format":"standard","meta":{"episode_type":"","audio_file":"","duration":"","filesize":"","date_recorded":"","explicit":"","block":"","filesize_raw":"","_FSMCFIC_featured_image_caption":"","_FSMCFIC_featured_image_nocaption":"","_FSMCFIC_featured_image_hide":"","_links_to":"","_links_to_target":""},"categories":[722,32],"tags":[138,111,1619,1724],"featured_image_urls":{},"appp_media":null,"yoast_head":"<!-- This site is optimized with the Yoast SEO plugin v17.3 - https:\/\/yoast.com\/wordpress\/plugins\/seo\/ -->\n<meta name=\"robots\" content=\"index, follow, max-snippet:-1, max-image-preview:large, max-video-preview:-1\" \/>\n<link rel=\"canonical\" href=\"https:\/\/ktfnews.com\/es\/pope-francis-continues-papal-error-sainthood\/\" \/>\n<meta property=\"og:locale\" content=\"es_ES\" \/>\n<meta property=\"og:type\" content=\"article\" \/>\n<meta property=\"og:title\" content=\"[:en]Pope Francis Continues Papal Error of Sainthood[:es]El Papa Francisco Promueve Error Papal de los Santos[:] - KEEP the FAITH\" \/>\n<meta property=\"og:description\" content=\"En el viaje que el Papa Francisco har\u00e1 a Portugal, en el cumplimiento del centenario de las apariciones marianas de F\u00e1tima en mayo, canonizar\u00e1 a Francisco y Jacinta Marto durante su visita a F\u00e1tima, convirti\u00e9ndolos en los no m\u00e1rtires m\u00e1s...\" \/>\n<meta property=\"og:url\" content=\"https:\/\/ktfnews.com\/es\/pope-francis-continues-papal-error-sainthood\/\" \/>\n<meta property=\"og:site_name\" content=\"KEEP the FAITH\" \/>\n<meta property=\"article:publisher\" content=\"https:\/\/www.facebook.com\/ktfministry\" \/>\n<meta property=\"article:published_time\" content=\"2017-05-01T05:30:48+00:00\" \/>\n<meta property=\"article:modified_time\" content=\"2017-06-25T05:07:06+00:00\" \/>\n<meta property=\"og:image\" content=\"https:\/\/ktfnews.com\/wp-content\/uploads\/2017\/04\/Blessed_Francisco_and_Jacinta_Marto_Public_Domain_CNA.jpeg\" \/>\n\t<meta property=\"og:image:width\" content=\"640\" \/>\n\t<meta property=\"og:image:height\" content=\"428\" \/>\n<meta name=\"twitter:card\" content=\"summary_large_image\" \/>\n<meta name=\"twitter:creator\" content=\"@ktfministry\" \/>\n<meta name=\"twitter:site\" content=\"@ktfministry\" \/>\n<meta name=\"twitter:label1\" content=\"Escrito por\" \/>\n\t<meta name=\"twitter:data1\" content=\"Pastor Hal Mayer\" \/>\n\t<meta name=\"twitter:label2\" content=\"Tiempo de lectura\" \/>\n\t<meta name=\"twitter:data2\" content=\"4 minutos\" \/>\n<script type=\"application\/ld+json\" class=\"yoast-schema-graph\">{\"@context\":\"https:\/\/schema.org\",\"@graph\":[{\"@type\":\"WebSite\",\"@id\":\"https:\/\/ktfnews.com\/#website\",\"url\":\"https:\/\/ktfnews.com\/\",\"name\":\"KEEP the FAITH\",\"description\":\"Preparing you for the final conflict between good and evil.\",\"potentialAction\":[{\"@type\":\"SearchAction\",\"target\":{\"@type\":\"EntryPoint\",\"urlTemplate\":\"https:\/\/ktfnews.com\/?s={search_term_string}\"},\"query-input\":\"required name=search_term_string\"}],\"inLanguage\":\"es\"},{\"@type\":\"WebPage\",\"@id\":\"https:\/\/ktfnews.com\/es\/pope-francis-continues-papal-error-sainthood\/#webpage\",\"url\":\"https:\/\/ktfnews.com\/es\/pope-francis-continues-papal-error-sainthood\/\",\"name\":\"[:en]Pope Francis Continues Papal Error of Sainthood[:es]El Papa Francisco Promueve Error Papal de los Santos[:] - KEEP the FAITH\",\"isPartOf\":{\"@id\":\"https:\/\/ktfnews.com\/#website\"},\"datePublished\":\"2017-05-01T05:30:48+00:00\",\"dateModified\":\"2017-06-25T05:07:06+00:00\",\"author\":{\"@id\":\"https:\/\/ktfnews.com\/#\/schema\/person\/ba4174513d9169cf8e229b7d8d60410d\"},\"breadcrumb\":{\"@id\":\"https:\/\/ktfnews.com\/es\/pope-francis-continues-papal-error-sainthood\/#breadcrumb\"},\"inLanguage\":\"es\",\"potentialAction\":[{\"@type\":\"ReadAction\",\"target\":[\"https:\/\/ktfnews.com\/es\/pope-francis-continues-papal-error-sainthood\/\"]}]},{\"@type\":\"BreadcrumbList\",\"@id\":\"https:\/\/ktfnews.com\/es\/pope-francis-continues-papal-error-sainthood\/#breadcrumb\",\"itemListElement\":[{\"@type\":\"ListItem\",\"position\":1,\"name\":\"Home\",\"item\":\"https:\/\/ktfnews.com\/\"},{\"@type\":\"ListItem\",\"position\":2,\"name\":\"Briefings\",\"item\":\"https:\/\/ktfnews.com\/category\/briefings\/\"},{\"@type\":\"ListItem\",\"position\":3,\"name\":\"Prophetic Intelligence Briefings\",\"item\":\"https:\/\/ktfnews.com\/category\/briefings\/news\/\"},{\"@type\":\"ListItem\",\"position\":4,\"name\":\"Pope Francis Continues Papal Error of Sainthood\"}]},{\"@type\":\"Person\",\"@id\":\"https:\/\/ktfnews.com\/#\/schema\/person\/ba4174513d9169cf8e229b7d8d60410d\",\"name\":\"Pastor Hal Mayer\",\"image\":{\"@type\":\"ImageObject\",\"@id\":\"https:\/\/ktfnews.com\/#personlogo\",\"inLanguage\":\"es\",\"url\":\"https:\/\/secure.gravatar.com\/avatar\/051bac95ae650254c5a03467b9456599?s=96&d=mm&r=g\",\"contentUrl\":\"https:\/\/secure.gravatar.com\/avatar\/051bac95ae650254c5a03467b9456599?s=96&d=mm&r=g\",\"caption\":\"Pastor Hal Mayer\"},\"description\":\"Pastor Hal Mayer is speaker and director of Keep the Faith Ministry. For the last 20 years Pastor Mayer\\u2019s monthly prophetic analysis on CD and online has revealed the striking evidence of fulfilling prophecy to many thousands of subscribers all over the world. Pastor Mayer\\u2019s background in history and Bible prophecy give him unique insights and perspectives that have blessed many and helped them make a deeper commitment to the Lord. Keep the Faith Ministry helps those who want to keep abreast of fulfilling prophecy and who want to understand and navigate the unique and difficult circumstances of the end-times. Keep the Faith Ministry helps to prepare you for the second coming of Christ. Pastor Mayer is married to Betsy for more than 40 years. They have no children of their own. \\u201cThe times in which we live are thrilling, because the things prophesied in God\\u2019s word are actually coming to pass in this generation,\\u201d says Pastor Mayer. \\u201cIn a time when the distinctive end-time truths of God\\u2019s word are being censored, and life in this world is becoming more and more chaotic, Keep the Faith is a voice of strength and encouragement.\\u201d\",\"url\":\"https:\/\/ktfnews.com\/es\/author\/hal\/\"}]}<\/script>\n<!-- \/ Yoast SEO plugin. -->","yoast_head_json":{"robots":{"index":"index","follow":"follow","max-snippet":"max-snippet:-1","max-image-preview":"max-image-preview:large","max-video-preview":"max-video-preview:-1"},"canonical":"https:\/\/ktfnews.com\/es\/pope-francis-continues-papal-error-sainthood\/","og_locale":"es_ES","og_type":"article","og_title":"[:en]Pope Francis Continues Papal Error of Sainthood[:es]El Papa Francisco Promueve Error Papal de los Santos[:] - KEEP the FAITH","og_description":"En el viaje que el Papa Francisco har\u00e1 a Portugal, en el cumplimiento del centenario de las apariciones marianas de F\u00e1tima en mayo, canonizar\u00e1 a Francisco y Jacinta Marto durante su visita a F\u00e1tima, convirti\u00e9ndolos en los no m\u00e1rtires m\u00e1s...","og_url":"https:\/\/ktfnews.com\/es\/pope-francis-continues-papal-error-sainthood\/","og_site_name":"KEEP the FAITH","article_publisher":"https:\/\/www.facebook.com\/ktfministry","article_published_time":"2017-05-01T05:30:48+00:00","article_modified_time":"2017-06-25T05:07:06+00:00","og_image":[{"width":640,"height":428,"url":"https:\/\/ktfnews.com\/wp-content\/uploads\/2017\/04\/Blessed_Francisco_and_Jacinta_Marto_Public_Domain_CNA.jpeg","type":"image\/jpeg"}],"twitter_card":"summary_large_image","twitter_creator":"@ktfministry","twitter_site":"@ktfministry","twitter_misc":{"Escrito por":"Pastor Hal Mayer","Tiempo de lectura":"4 minutos"},"schema":{"@context":"https:\/\/schema.org","@graph":[{"@type":"WebSite","@id":"https:\/\/ktfnews.com\/#website","url":"https:\/\/ktfnews.com\/","name":"KEEP the FAITH","description":"Preparing you for the final conflict between good and evil.","potentialAction":[{"@type":"SearchAction","target":{"@type":"EntryPoint","urlTemplate":"https:\/\/ktfnews.com\/?s={search_term_string}"},"query-input":"required name=search_term_string"}],"inLanguage":"es"},{"@type":"WebPage","@id":"https:\/\/ktfnews.com\/es\/pope-francis-continues-papal-error-sainthood\/#webpage","url":"https:\/\/ktfnews.com\/es\/pope-francis-continues-papal-error-sainthood\/","name":"[:en]Pope Francis Continues Papal Error of Sainthood[:es]El Papa Francisco Promueve Error Papal de los Santos[:] - KEEP the FAITH","isPartOf":{"@id":"https:\/\/ktfnews.com\/#website"},"datePublished":"2017-05-01T05:30:48+00:00","dateModified":"2017-06-25T05:07:06+00:00","author":{"@id":"https:\/\/ktfnews.com\/#\/schema\/person\/ba4174513d9169cf8e229b7d8d60410d"},"breadcrumb":{"@id":"https:\/\/ktfnews.com\/es\/pope-francis-continues-papal-error-sainthood\/#breadcrumb"},"inLanguage":"es","potentialAction":[{"@type":"ReadAction","target":["https:\/\/ktfnews.com\/es\/pope-francis-continues-papal-error-sainthood\/"]}]},{"@type":"BreadcrumbList","@id":"https:\/\/ktfnews.com\/es\/pope-francis-continues-papal-error-sainthood\/#breadcrumb","itemListElement":[{"@type":"ListItem","position":1,"name":"Home","item":"https:\/\/ktfnews.com\/"},{"@type":"ListItem","position":2,"name":"Briefings","item":"https:\/\/ktfnews.com\/category\/briefings\/"},{"@type":"ListItem","position":3,"name":"Prophetic Intelligence Briefings","item":"https:\/\/ktfnews.com\/category\/briefings\/news\/"},{"@type":"ListItem","position":4,"name":"Pope Francis Continues Papal Error of Sainthood"}]},{"@type":"Person","@id":"https:\/\/ktfnews.com\/#\/schema\/person\/ba4174513d9169cf8e229b7d8d60410d","name":"Pastor Hal Mayer","image":{"@type":"ImageObject","@id":"https:\/\/ktfnews.com\/#personlogo","inLanguage":"es","url":"https:\/\/secure.gravatar.com\/avatar\/051bac95ae650254c5a03467b9456599?s=96&d=mm&r=g","contentUrl":"https:\/\/secure.gravatar.com\/avatar\/051bac95ae650254c5a03467b9456599?s=96&d=mm&r=g","caption":"Pastor Hal Mayer"},"description":"Pastor Hal Mayer is speaker and director of Keep the Faith Ministry. For the last 20 years Pastor Mayer\u2019s monthly prophetic analysis on CD and online has revealed the striking evidence of fulfilling prophecy to many thousands of subscribers all over the world. Pastor Mayer\u2019s background in history and Bible prophecy give him unique insights and perspectives that have blessed many and helped them make a deeper commitment to the Lord. Keep the Faith Ministry helps those who want to keep abreast of fulfilling prophecy and who want to understand and navigate the unique and difficult circumstances of the end-times. Keep the Faith Ministry helps to prepare you for the second coming of Christ. Pastor Mayer is married to Betsy for more than 40 years. They have no children of their own. \u201cThe times in which we live are thrilling, because the things prophesied in God\u2019s word are actually coming to pass in this generation,\u201d says Pastor Mayer. \u201cIn a time when the distinctive end-time truths of God\u2019s word are being censored, and life in this world is becoming more and more chaotic, Keep the Faith is a voice of strength and encouragement.\u201d","url":"https:\/\/ktfnews.com\/es\/author\/hal\/"}]}},"_links":{"self":[{"href":"https:\/\/ktfnews.com\/es\/wp-json\/wp\/v2\/posts\/11118"}],"collection":[{"href":"https:\/\/ktfnews.com\/es\/wp-json\/wp\/v2\/posts"}],"about":[{"href":"https:\/\/ktfnews.com\/es\/wp-json\/wp\/v2\/types\/post"}],"author":[{"embeddable":true,"href":"https:\/\/ktfnews.com\/es\/wp-json\/wp\/v2\/users\/6"}],"replies":[{"embeddable":true,"href":"https:\/\/ktfnews.com\/es\/wp-json\/wp\/v2\/comments?post=11118"}],"version-history":[{"count":3,"href":"https:\/\/ktfnews.com\/es\/wp-json\/wp\/v2\/posts\/11118\/revisions"}],"predecessor-version":[{"id":11557,"href":"https:\/\/ktfnews.com\/es\/wp-json\/wp\/v2\/posts\/11118\/revisions\/11557"}],"wp:attachment":[{"href":"https:\/\/ktfnews.com\/es\/wp-json\/wp\/v2\/media?parent=11118"}],"wp:term":[{"taxonomy":"category","embeddable":true,"href":"https:\/\/ktfnews.com\/es\/wp-json\/wp\/v2\/categories?post=11118"},{"taxonomy":"post_tag","embeddable":true,"href":"https:\/\/ktfnews.com\/es\/wp-json\/wp\/v2\/tags?post=11118"}],"curies":[{"name":"wp","href":"https:\/\/api.w.org\/{rel}","templated":true}]}}