{"id":10884,"date":"2017-03-22T01:30:02","date_gmt":"2017-03-22T05:30:02","guid":{"rendered":"http:\/\/ktfnews.com\/?p=10884"},"modified":"2017-06-05T03:14:47","modified_gmt":"2017-06-05T07:14:47","slug":"conservative-american-christians-alarmists","status":"publish","type":"post","link":"https:\/\/ktfnews.com\/es\/conservative-american-christians-alarmists\/","title":{"rendered":"\u00bfDeben los Cristianos Conservadores Ser Alarmistas?"},"content":{"rendered":"<p>El t\u00e9rmino \u201calarmista\u201d es la nueva etiqueta usada para estigmatizar a los cristianos conservadores que manifiestan su preocupaci\u00f3n por la actual trayectoria de la cultura en general o de las iglesias en particular. La etiqueta \u201calarmista\u201d incluye la idea que \u201clos l\u00edderes cristianos conservadores est\u00e1n usando informaci\u00f3n falsa para alimentar los temores para su propio beneficio, ya sea para vender libros o movilizar a los votantes\u201d.<\/p>\n<p>Hay ciertos casos en la historia donde esta etiqueta ser\u00eda la precisa. No obstante, \u00bfes adecuado categorizar siempre como alarmistas a los cristianos conservadores que alzan su voz de alarma? \u00a1La respuesta es un no rotundo!<\/p>\n<p>Antes de la Administraci\u00f3n Obama, se consideraban alarmistas aquellas advertencias sobre una futura discriminaci\u00f3n hacia los cristianos. Sin embargo, esas predicciones se hicieron reales durante el segundo mandato del presidente Obama cuando avanz\u00f3 en su agenda de una manera muy poderosa contra los individuos, los negocios y las instituciones cristianas. La alarma entonces, se vio justificada.<\/p>\n<p>Generalmente, los liberales no est\u00e1n muy dispuestos a defender la libertad religiosa de los conservadores. As\u00ed que los cristianos conservadores estaban justamente alarmados porque en realidad lo que estaba sucediendo era, de hecho, alarmante.<\/p>\n<p>John Roberts, juez de la Corte Suprema de Justicia, advirti\u00f3: \u201cSurgen preguntas dif\u00edciles cuando la forma en la cual personas de fe practican su religi\u00f3n puede ser vista como un conflicto contra el derecho al matrimonio homosexual o cuando por ejemplo, una universidad que provee internado para sus alumnos casados s\u00f3lo con miembros del sexo opuesto o cuando una agencia de adopci\u00f3n niega la asignaci\u00f3n de ni\u00f1os a parejas homosexuales\u201d.<\/p>\n<p>\u00bfEstaba Roberts siendo un alarmista? No. \u00c9l ten\u00eda raz\u00f3n en expresar la \u201calarma\u201d porque todo lo que advirti\u00f3, se cumpli\u00f3 realmente.<\/p>\n<p>Algunos izquierdistas acusaron a los cristianos conservadores de dar una falsa alarma (injustificada) al afirmar que se discriminaba a los cristianos. Ellos necesitaban tener una manera de disminuir la oposici\u00f3n mientras abogaban por pol\u00edticas que discriminaban a los cristianos conservadores. Ahora son los cristianos conservadores quienes tienen que defender su propia libertad religiosa y explicar las razones de su queja por la p\u00e9rdida de la misma. Tal vez su mal llamado \u201calarmismo\u201d no estaba tan injustificado en realidad.<\/p>\n<p>Las m\u00e1s recientes acusaciones de falso alarmismo se han dado como respuesta al nuevo libro de Rod Dreher titulado The Benedict Option (La Opci\u00f3n de Benedicto). Este libro de Dreher \u201cinvita a los cristianos a prepararse para la pr\u00f3xima era de oscuridad tomando un estilo de vida cristiano antiguo\u201d. Sus ideas han sido denominadas como \u201cEl Complejo de Persecuci\u00f3n Industrial a los Cristianos Blancos\u201d. El libro no trata primordialmente de la persecuci\u00f3n y la p\u00e9rdida de la libertad religiosa sino que su tema principal es defender a la iglesia de los ap\u00f3statas y ocuparse de los cambios culturales de occidente.<\/p>\n<p>Pero a veces, la acusaci\u00f3n de alarmismo tambi\u00e9n est\u00e1 asociada con acusaciones de racismo, obsesi\u00f3n con la homosexualidad e intensificaci\u00f3n del sentido de \u201cvivir en un caos\u201d.<\/p>\n<p>\u00bfEst\u00e1n equivocados los cristianos conservadores simplemente por el hecho de ser \u201calarmistas\u201d? No. Ellos tienen razones leg\u00edtimas para estar preocupados por el futuro de nuestra naci\u00f3n. Los meteor\u00f3logos no estaban seguros cu\u00e1n grave iba a ser la tormenta Estela. Ellos advirtieron a las personas del Noreste para que se prepararan para lo peor. Entonces, \u00bfdeben ser ellos culpados?<\/p>\n<p>La profec\u00eda b\u00edblica declara que vendr\u00e1 un tiempo de angustia nunca antes visto y que leyes de adoraci\u00f3n se impondr\u00e1n a todo el mundo quitando la libertad religiosa, especialmente la de aquellos que guardan todos los Diez Mandamientos de Dios. Tambi\u00e9n hay predicciones nefastas a trav\u00e9s de s\u00edmbolos prof\u00e9ticos como un caballo negro y un caballo amarillo, etc. Las advertencias que les dicen a las personas que se separen de la religi\u00f3n falsa junto con predicciones de castigo probablemente ser\u00e1n consideradas como \u00abalarmistas\u00bb. La explicaci\u00f3n del mensaje del Tercer \u00c1ngel de Apocalipsis 14 podr\u00eda traer acusaciones de alarmismo, especialmente en lo que se refiere a sus predicciones de leyes dominicales nacionales y universales.<\/p>\n<p>\u201cHasta ahora se ha solido considerar a los predicadores de las verdades del mensaje del tercer \u00e1ngel como meros alarmistas. Sus predicciones de que la intolerancia religiosa adquirir\u00eda dominio en los Estados Unidos de Norteam\u00e9rica, de que la iglesia y el estado se unir\u00edan en ese pa\u00eds para perseguir a los observadores de los mandamientos de Dios, han sido declaradas absurdas y sin fundamento. Se ha declarado osadamente que ese pa\u00eds no podr\u00eda jam\u00e1s dejar de ser lo que ha sido: el defensor de la libertad religiosa. Pero, a medida que se va agitando m\u00e1s ampliamente la cuesti\u00f3n de la observancia obligatoria del domingo, se ve acercarse la realizaci\u00f3n del acontecimiento hasta ahora tenido por inveros\u00edmil, y el tercer mensaje producir\u00e1 un efecto que no habr\u00eda podido producir antes\u201d. El Conflicto de los Siglos, p\u00e1g. 663.<\/p>\n<hr>\n<h3>Source References<\/h3>\n<ul>\n<li>\n<h5><a href=\"http:\/\/www.christianpost.com\/news\/should-conservative-american-christians-be-alarmists-177585\/?utm_source=newsletter\" target=\"_blank\">Should Conservative American Christians Be Alarmists?<\/a><\/h5>\n<\/li>\n<\/ul>\n<p><\/p>\n<!-- AddThis Advanced Settings generic via filter on the_content -->","protected":false},"excerpt":{"rendered":"<p>El t\u00e9rmino \u201calarmista\u201d es la nueva etiqueta usada para estigmatizar a los cristianos conservadores que manifiestan su preocupaci\u00f3n por la actual trayectoria de la cultura en general o de las iglesias en particular. La etiqueta \u201calarmista\u201d incluye la idea que&#8230;<!-- AddThis Advanced Settings generic via filter on wp_trim_excerpt --><\/p>\n","protected":false},"author":6,"featured_media":0,"comment_status":"open","ping_status":"open","sticky":false,"template":"","format":"standard","meta":{"episode_type":"","audio_file":"","duration":"","filesize":"","date_recorded":"","explicit":"","block":"","filesize_raw":"","_FSMCFIC_featured_image_caption":"","_FSMCFIC_featured_image_nocaption":"","_FSMCFIC_featured_image_hide":"","_links_to":"","_links_to_target":""},"categories":[722,32],"tags":[951,1129,816,411,420],"featured_image_urls":{},"appp_media":null,"yoast_head":"<!-- This site is optimized with the Yoast SEO plugin v17.3 - https:\/\/yoast.com\/wordpress\/plugins\/seo\/ -->\n<meta name=\"robots\" content=\"index, follow, max-snippet:-1, max-image-preview:large, max-video-preview:-1\" \/>\n<link rel=\"canonical\" href=\"https:\/\/ktfnews.com\/de\/conservative-american-christians-alarmists\/\" \/>\n<meta property=\"og:locale\" content=\"es_ES\" \/>\n<meta property=\"og:type\" content=\"article\" \/>\n<meta property=\"og:title\" content=\"[:en]Should Conservative American Christians Be Alarmists?[:es]\u00bfDeben los Cristianos Conservadores Ser Alarmistas?[:] - KEEP the FAITH\" \/>\n<meta property=\"og:description\" content=\"El t\u00e9rmino \u201calarmista\u201d es la nueva etiqueta usada para estigmatizar a los cristianos conservadores que manifiestan su preocupaci\u00f3n por la actual trayectoria de la cultura en general o de las iglesias en particular. La etiqueta \u201calarmista\u201d incluye la idea que...\" \/>\n<meta property=\"og:url\" content=\"https:\/\/ktfnews.com\/de\/conservative-american-christians-alarmists\/\" \/>\n<meta property=\"og:site_name\" content=\"KEEP the FAITH\" \/>\n<meta property=\"article:publisher\" content=\"https:\/\/www.facebook.com\/ktfministry\" \/>\n<meta property=\"article:published_time\" content=\"2017-03-22T05:30:02+00:00\" \/>\n<meta property=\"article:modified_time\" content=\"2017-06-05T07:14:47+00:00\" \/>\n<meta property=\"og:image\" content=\"https:\/\/ktfnews.com\/wp-content\/uploads\/2017\/03\/img.jpg\" \/>\n\t<meta property=\"og:image:width\" content=\"590\" \/>\n\t<meta property=\"og:image:height\" content=\"336\" \/>\n<meta name=\"twitter:card\" content=\"summary_large_image\" \/>\n<meta name=\"twitter:creator\" content=\"@ktfministry\" \/>\n<meta name=\"twitter:site\" content=\"@ktfministry\" \/>\n<meta name=\"twitter:label1\" content=\"Escrito por\" \/>\n\t<meta name=\"twitter:data1\" content=\"Pastor Hal Mayer\" \/>\n\t<meta name=\"twitter:label2\" content=\"Tiempo de lectura\" \/>\n\t<meta name=\"twitter:data2\" content=\"8 minutos\" \/>\n<script type=\"application\/ld+json\" class=\"yoast-schema-graph\">{\"@context\":\"https:\/\/schema.org\",\"@graph\":[{\"@type\":\"WebSite\",\"@id\":\"https:\/\/ktfnews.com\/#website\",\"url\":\"https:\/\/ktfnews.com\/\",\"name\":\"KEEP the FAITH\",\"description\":\"Preparing you for the final conflict between good and evil.\",\"potentialAction\":[{\"@type\":\"SearchAction\",\"target\":{\"@type\":\"EntryPoint\",\"urlTemplate\":\"https:\/\/ktfnews.com\/?s={search_term_string}\"},\"query-input\":\"required name=search_term_string\"}],\"inLanguage\":\"es\"},{\"@type\":\"WebPage\",\"@id\":\"https:\/\/ktfnews.com\/de\/conservative-american-christians-alarmists\/#webpage\",\"url\":\"https:\/\/ktfnews.com\/de\/conservative-american-christians-alarmists\/\",\"name\":\"[:en]Should Conservative American Christians Be Alarmists?[:es]\\u00bfDeben los Cristianos Conservadores Ser Alarmistas?[:] - KEEP the FAITH\",\"isPartOf\":{\"@id\":\"https:\/\/ktfnews.com\/#website\"},\"datePublished\":\"2017-03-22T05:30:02+00:00\",\"dateModified\":\"2017-06-05T07:14:47+00:00\",\"author\":{\"@id\":\"https:\/\/ktfnews.com\/#\/schema\/person\/ba4174513d9169cf8e229b7d8d60410d\"},\"breadcrumb\":{\"@id\":\"https:\/\/ktfnews.com\/de\/conservative-american-christians-alarmists\/#breadcrumb\"},\"inLanguage\":\"es\",\"potentialAction\":[{\"@type\":\"ReadAction\",\"target\":[\"https:\/\/ktfnews.com\/de\/conservative-american-christians-alarmists\/\"]}]},{\"@type\":\"BreadcrumbList\",\"@id\":\"https:\/\/ktfnews.com\/de\/conservative-american-christians-alarmists\/#breadcrumb\",\"itemListElement\":[{\"@type\":\"ListItem\",\"position\":1,\"name\":\"Home\",\"item\":\"https:\/\/ktfnews.com\/\"},{\"@type\":\"ListItem\",\"position\":2,\"name\":\"Briefings\",\"item\":\"https:\/\/ktfnews.com\/category\/briefings\/\"},{\"@type\":\"ListItem\",\"position\":3,\"name\":\"Prophetic Intelligence Briefings\",\"item\":\"https:\/\/ktfnews.com\/category\/briefings\/news\/\"},{\"@type\":\"ListItem\",\"position\":4,\"name\":\"Should Conservative American Christians Be Alarmists?\"}]},{\"@type\":\"Person\",\"@id\":\"https:\/\/ktfnews.com\/#\/schema\/person\/ba4174513d9169cf8e229b7d8d60410d\",\"name\":\"Pastor Hal Mayer\",\"image\":{\"@type\":\"ImageObject\",\"@id\":\"https:\/\/ktfnews.com\/#personlogo\",\"inLanguage\":\"es\",\"url\":\"https:\/\/secure.gravatar.com\/avatar\/051bac95ae650254c5a03467b9456599?s=96&d=mm&r=g\",\"contentUrl\":\"https:\/\/secure.gravatar.com\/avatar\/051bac95ae650254c5a03467b9456599?s=96&d=mm&r=g\",\"caption\":\"Pastor Hal Mayer\"},\"description\":\"Pastor Hal Mayer is speaker and director of Keep the Faith Ministry. For the last 20 years Pastor Mayer\\u2019s monthly prophetic analysis on CD and online has revealed the striking evidence of fulfilling prophecy to many thousands of subscribers all over the world. Pastor Mayer\\u2019s background in history and Bible prophecy give him unique insights and perspectives that have blessed many and helped them make a deeper commitment to the Lord. Keep the Faith Ministry helps those who want to keep abreast of fulfilling prophecy and who want to understand and navigate the unique and difficult circumstances of the end-times. Keep the Faith Ministry helps to prepare you for the second coming of Christ. Pastor Mayer is married to Betsy for more than 40 years. They have no children of their own. \\u201cThe times in which we live are thrilling, because the things prophesied in God\\u2019s word are actually coming to pass in this generation,\\u201d says Pastor Mayer. \\u201cIn a time when the distinctive end-time truths of God\\u2019s word are being censored, and life in this world is becoming more and more chaotic, Keep the Faith is a voice of strength and encouragement.\\u201d\",\"url\":\"https:\/\/ktfnews.com\/es\/author\/hal\/\"}]}<\/script>\n<!-- \/ Yoast SEO plugin. -->","yoast_head_json":{"robots":{"index":"index","follow":"follow","max-snippet":"max-snippet:-1","max-image-preview":"max-image-preview:large","max-video-preview":"max-video-preview:-1"},"canonical":"https:\/\/ktfnews.com\/de\/conservative-american-christians-alarmists\/","og_locale":"es_ES","og_type":"article","og_title":"[:en]Should Conservative American Christians Be Alarmists?[:es]\u00bfDeben los Cristianos Conservadores Ser Alarmistas?[:] - KEEP the FAITH","og_description":"El t\u00e9rmino \u201calarmista\u201d es la nueva etiqueta usada para estigmatizar a los cristianos conservadores que manifiestan su preocupaci\u00f3n por la actual trayectoria de la cultura en general o de las iglesias en particular. La etiqueta \u201calarmista\u201d incluye la idea que...","og_url":"https:\/\/ktfnews.com\/de\/conservative-american-christians-alarmists\/","og_site_name":"KEEP the FAITH","article_publisher":"https:\/\/www.facebook.com\/ktfministry","article_published_time":"2017-03-22T05:30:02+00:00","article_modified_time":"2017-06-05T07:14:47+00:00","og_image":[{"width":590,"height":336,"url":"https:\/\/ktfnews.com\/wp-content\/uploads\/2017\/03\/img.jpg","type":"image\/jpeg"}],"twitter_card":"summary_large_image","twitter_creator":"@ktfministry","twitter_site":"@ktfministry","twitter_misc":{"Escrito por":"Pastor Hal Mayer","Tiempo de lectura":"8 minutos"},"schema":{"@context":"https:\/\/schema.org","@graph":[{"@type":"WebSite","@id":"https:\/\/ktfnews.com\/#website","url":"https:\/\/ktfnews.com\/","name":"KEEP the FAITH","description":"Preparing you for the final conflict between good and evil.","potentialAction":[{"@type":"SearchAction","target":{"@type":"EntryPoint","urlTemplate":"https:\/\/ktfnews.com\/?s={search_term_string}"},"query-input":"required name=search_term_string"}],"inLanguage":"es"},{"@type":"WebPage","@id":"https:\/\/ktfnews.com\/de\/conservative-american-christians-alarmists\/#webpage","url":"https:\/\/ktfnews.com\/de\/conservative-american-christians-alarmists\/","name":"[:en]Should Conservative American Christians Be Alarmists?[:es]\u00bfDeben los Cristianos Conservadores Ser Alarmistas?[:] - KEEP the FAITH","isPartOf":{"@id":"https:\/\/ktfnews.com\/#website"},"datePublished":"2017-03-22T05:30:02+00:00","dateModified":"2017-06-05T07:14:47+00:00","author":{"@id":"https:\/\/ktfnews.com\/#\/schema\/person\/ba4174513d9169cf8e229b7d8d60410d"},"breadcrumb":{"@id":"https:\/\/ktfnews.com\/de\/conservative-american-christians-alarmists\/#breadcrumb"},"inLanguage":"es","potentialAction":[{"@type":"ReadAction","target":["https:\/\/ktfnews.com\/de\/conservative-american-christians-alarmists\/"]}]},{"@type":"BreadcrumbList","@id":"https:\/\/ktfnews.com\/de\/conservative-american-christians-alarmists\/#breadcrumb","itemListElement":[{"@type":"ListItem","position":1,"name":"Home","item":"https:\/\/ktfnews.com\/"},{"@type":"ListItem","position":2,"name":"Briefings","item":"https:\/\/ktfnews.com\/category\/briefings\/"},{"@type":"ListItem","position":3,"name":"Prophetic Intelligence Briefings","item":"https:\/\/ktfnews.com\/category\/briefings\/news\/"},{"@type":"ListItem","position":4,"name":"Should Conservative American Christians Be Alarmists?"}]},{"@type":"Person","@id":"https:\/\/ktfnews.com\/#\/schema\/person\/ba4174513d9169cf8e229b7d8d60410d","name":"Pastor Hal Mayer","image":{"@type":"ImageObject","@id":"https:\/\/ktfnews.com\/#personlogo","inLanguage":"es","url":"https:\/\/secure.gravatar.com\/avatar\/051bac95ae650254c5a03467b9456599?s=96&d=mm&r=g","contentUrl":"https:\/\/secure.gravatar.com\/avatar\/051bac95ae650254c5a03467b9456599?s=96&d=mm&r=g","caption":"Pastor Hal Mayer"},"description":"Pastor Hal Mayer is speaker and director of Keep the Faith Ministry. For the last 20 years Pastor Mayer\u2019s monthly prophetic analysis on CD and online has revealed the striking evidence of fulfilling prophecy to many thousands of subscribers all over the world. Pastor Mayer\u2019s background in history and Bible prophecy give him unique insights and perspectives that have blessed many and helped them make a deeper commitment to the Lord. Keep the Faith Ministry helps those who want to keep abreast of fulfilling prophecy and who want to understand and navigate the unique and difficult circumstances of the end-times. Keep the Faith Ministry helps to prepare you for the second coming of Christ. Pastor Mayer is married to Betsy for more than 40 years. They have no children of their own. \u201cThe times in which we live are thrilling, because the things prophesied in God\u2019s word are actually coming to pass in this generation,\u201d says Pastor Mayer. \u201cIn a time when the distinctive end-time truths of God\u2019s word are being censored, and life in this world is becoming more and more chaotic, Keep the Faith is a voice of strength and encouragement.\u201d","url":"https:\/\/ktfnews.com\/es\/author\/hal\/"}]}},"_links":{"self":[{"href":"https:\/\/ktfnews.com\/es\/wp-json\/wp\/v2\/posts\/10884"}],"collection":[{"href":"https:\/\/ktfnews.com\/es\/wp-json\/wp\/v2\/posts"}],"about":[{"href":"https:\/\/ktfnews.com\/es\/wp-json\/wp\/v2\/types\/post"}],"author":[{"embeddable":true,"href":"https:\/\/ktfnews.com\/es\/wp-json\/wp\/v2\/users\/6"}],"replies":[{"embeddable":true,"href":"https:\/\/ktfnews.com\/es\/wp-json\/wp\/v2\/comments?post=10884"}],"version-history":[{"count":6,"href":"https:\/\/ktfnews.com\/es\/wp-json\/wp\/v2\/posts\/10884\/revisions"}],"predecessor-version":[{"id":11407,"href":"https:\/\/ktfnews.com\/es\/wp-json\/wp\/v2\/posts\/10884\/revisions\/11407"}],"wp:attachment":[{"href":"https:\/\/ktfnews.com\/es\/wp-json\/wp\/v2\/media?parent=10884"}],"wp:term":[{"taxonomy":"category","embeddable":true,"href":"https:\/\/ktfnews.com\/es\/wp-json\/wp\/v2\/categories?post=10884"},{"taxonomy":"post_tag","embeddable":true,"href":"https:\/\/ktfnews.com\/es\/wp-json\/wp\/v2\/tags?post=10884"}],"curies":[{"name":"wp","href":"https:\/\/api.w.org\/{rel}","templated":true}]}}